{"id":1060,"date":"2014-12-05T13:15:25","date_gmt":"2014-12-05T12:15:25","guid":{"rendered":"http:\/\/blogs.diariovasco.com\/12-pulgadas\/?p=1060"},"modified":"2014-12-05T13:15:25","modified_gmt":"2014-12-05T12:15:25","slug":"melocoton-nacional-del-bueno","status":"publish","type":"post","link":"https:\/\/blogs.diariovasco.com\/12-pulgadas\/2014\/12\/05\/melocoton-nacional-del-bueno\/","title":{"rendered":"Melocot\u00f3n nacional del bueno"},"content":{"rendered":"<p>Frecuentemente pecamos de mirar hacia fuera cuando tenemos cosas m\u00e1s que interesantes al lado o dentro de casa. La m\u00fasica vasca vive un buen momento y tenemos bandas de, por ejemplo, rock que est\u00e1n a la cabeza de las m\u00e1s talentosas del estado. Pero hoy no voy a tirar por ah\u00ed. Dicen que las cabras tiran para el monte y yo supongo que tiro muchas veces hacia lo que llamo melocot\u00f3n nacional del bueno. Es esa m\u00fasica que llevaban tus padres en el coche cuando eras peque\u00f1o o esas bandas de las que les o\u00edas hablar con diez a\u00f1os y te interesaron con veinte. Hoy mencionar\u00e9 a seis reliquias del pop espa\u00f1ol.<\/p>\n<p>Me da mucha rabia que nunca me acuerdo de una banda que telone\u00f3 a los Kinks en Espa\u00f1a en los a\u00f1os sesenta o setenta y que todos dicen que se comieron a los de Ray Davies. Creo que fueron Los Brincos, que fueron llamados los Beatles espa\u00f1oles. Estos muchachos crearon himnos como &#8220;Mejor&#8221;, &#8220;<a href=\"https:\/\/www.youtube.com\/watch?v=SWbqA7YYY9A\" rel=\"external nofollow\">Flamenco<\/a>&#8221; o &#8220;<a href=\"https:\/\/www.youtube.com\/watch?v=WPkpBzwTZ1c\" rel=\"external nofollow\">Un sorbito de champ\u00e1n<\/a>&#8220;. De la primera llegaron a hacer una versi\u00f3n en franc\u00e9s. Tras la separaci\u00f3n, Juan y Junior se montaron su jaleo por su cuenta publicando temas que son muy de mi agrado como &#8220;La caza&#8221;, &#8220;<a href=\"https:\/\/www.youtube.com\/watch?v=dwkW65Gaj-Q\" rel=\"external nofollow\">Nos falta fe<\/a>&#8220;, &#8220;<a href=\"https:\/\/www.youtube.com\/watch?v=npoNlUnmJZ4\" rel=\"external nofollow\">Tiempo de amor<\/a>&#8220;, &#8220;<a href=\"https:\/\/www.youtube.com\/watch?v=kjcdd3Hd1e0\" rel=\"external nofollow\">Bajo el sol<\/a>&#8221; o &#8220;<a href=\"https:\/\/www.youtube.com\/watch?v=96z9k2aMbYc\" rel=\"external nofollow\">En San Juan<\/a>&#8220;.<\/p>\n<p><iframe loading=\"lazy\" width=\"500\" height=\"281\" src=\"https:\/\/www.youtube.com\/embed\/uMH13A6NBaU?feature=oembed\" frameborder=\"0\" allowfullscreen><\/iframe><\/p>\n<p>http:\/\/youtu.be\/xoBxZbW7F_Q<\/p>\n<p>El otro d\u00eda me encontr\u00e9 en el barrio un cartel de Los Sirex, que tocaban en la Sala Clamores de Madrid. Flip\u00e9. Igual el nombre del grupo no les dice mucho, pero son los de &#8220;Que se mueran los feos&#8221;, &#8220;<a href=\"https:\/\/www.youtube.com\/watch?v=O2HpYPBL4OY\" rel=\"external nofollow\">Fuego<\/a>&#8220;, &#8220;<a href=\"https:\/\/www.youtube.com\/watch?v=frByylfQWGA\" rel=\"external nofollow\">Yo grito<\/a>&#8221; o &#8220;<a href=\"https:\/\/www.youtube.com\/watch?v=xOjhVv4dL8Q\" rel=\"external nofollow\">La escoba<\/a>&#8220;. A\u00fan siguen sacando ruido. Tienen temas muy diferentes, porque algunos son un pop m\u00e1s serio y contundente y otros suenan m\u00e1s a guateque. \u00bfY qu\u00e9 les voy a contar de F\u00f3rmula V? &#8220;<a href=\"https:\/\/www.youtube.com\/watch?v=MzxAfLZXWyY\" rel=\"external nofollow\">Cu\u00e9ntame<\/a>&#8220;, &#8220;<a href=\"https:\/\/www.youtube.com\/watch?v=ELnkgb228Pk\" rel=\"external nofollow\">Eva Mar\u00eda<\/a>&#8220;, &#8220;<a href=\"https:\/\/www.youtube.com\/watch?v=_Hj43qFak04\" rel=\"external nofollow\">La fiesta de Blas<\/a>&#8220;, &#8220;<a href=\"https:\/\/www.youtube.com\/watch?v=Zs6B8aymyIQ\" rel=\"external nofollow\">Tengo tu amor<\/a>&#8220;, &#8220;<a href=\"https:\/\/www.youtube.com\/watch?v=91F36iO4upc\" rel=\"external nofollow\">Ahora s\u00e9 que me quieres<\/a>&#8221; o &#8220;Vacaciones de verano&#8221; son parte de la cultura popular.<\/p>\n<p>http:\/\/youtu.be\/3D5_oGsnq4U<\/p>\n<p><iframe loading=\"lazy\" width=\"500\" height=\"375\" src=\"https:\/\/www.youtube.com\/embed\/1-gykC6d3Go?feature=oembed\" frameborder=\"0\" allowfullscreen><\/iframe><\/p>\n<p>Los Diablos lo petaron con &#8220;Un rayo de sol&#8221;, pero tienen otros cl\u00e1sicos como &#8220;<a href=\"https:\/\/www.youtube.com\/watch?v=FLhYm0EvpBY\" rel=\"external nofollow\">Fin de semana<\/a>&#8220;, &#8220;<a href=\"https:\/\/www.youtube.com\/watch?v=gYCJ8t2uOgA\" rel=\"external nofollow\">Oh, July<\/a>&#8221; o &#8220;<a href=\"https:\/\/www.youtube.com\/watch?v=uVv6RjdpcLo\" rel=\"external nofollow\">Mi talism\u00e1n<\/a>&#8220;. Y he dejado para el final a otra de las formaciones con mucho nombre y m\u00e1s cl\u00e1sicos: Los Bravos. Estos chicos se clavaron un temazo como &#8220;Black is Black&#8221; que ya firmar\u00edan muchos indies de hoy en d\u00eda con menos voz y gracia. No olvidemos &#8220;<a href=\"https:\/\/www.youtube.com\/watch?v=q2jVA7PEr5k\" rel=\"external nofollow\">La moto<\/a>&#8220;, &#8220;<a href=\"https:\/\/www.youtube.com\/watch?v=Lh3mWqSIo48\" rel=\"external nofollow\">Los chicos con las chicas<\/a>&#8220;, &#8220;<a href=\"https:\/\/www.youtube.com\/watch?v=38RGPdcVzdo\" rel=\"external nofollow\">Sympathy<\/a>&#8221; o &#8220;<a href=\"https:\/\/www.youtube.com\/watch?v=whafohyV6lc\" rel=\"external nofollow\">Going Nowhere<\/a>&#8220;. Menci\u00f3n especial para la voz del alem\u00e1n Mike Kennedy (realmente llamado\u00a0Michael Volker Kogel). Vino de vacaciones a Mallorca y se olvid\u00f3 de volver.<\/p>\n<p><iframe loading=\"lazy\" width=\"500\" height=\"281\" src=\"https:\/\/www.youtube.com\/embed\/y-hgUpFvpR8?feature=oembed\" frameborder=\"0\" allowfullscreen><\/iframe><\/p>\n<p><iframe loading=\"lazy\" width=\"500\" height=\"375\" src=\"https:\/\/www.youtube.com\/embed\/aGeFf_rIAVQ?feature=oembed\" frameborder=\"0\" allowfullscreen><\/iframe><\/p>\n<!-- AddThis Advanced Settings generic via filter on the_content --><!-- AddThis Share Buttons generic via filter on the_content -->","protected":false},"excerpt":{"rendered":"<p>Frecuentemente pecamos de mirar hacia fuera cuando tenemos cosas m\u00e1s que interesantes al lado o dentro de casa. La m\u00fasica vasca vive un buen momento y tenemos bandas de, por ejemplo, rock que est\u00e1n a la cabeza de las m\u00e1s talentosas del estado. Pero hoy no voy a tirar por ah\u00ed. Dicen que las cabras [&hellip;]<!-- AddThis Advanced Settings generic via filter on get_the_excerpt --><!-- AddThis Share Buttons generic via filter on get_the_excerpt --><\/p>\n","protected":false},"author":50,"featured_media":0,"comment_status":"open","ping_status":"closed","sticky":false,"template":"","format":"standard","meta":[],"categories":[6],"tags":[282,359,410,411,413,418,462,522],"_links":{"self":[{"href":"https:\/\/blogs.diariovasco.com\/12-pulgadas\/wp-json\/wp\/v2\/posts\/1060"}],"collection":[{"href":"https:\/\/blogs.diariovasco.com\/12-pulgadas\/wp-json\/wp\/v2\/posts"}],"about":[{"href":"https:\/\/blogs.diariovasco.com\/12-pulgadas\/wp-json\/wp\/v2\/types\/post"}],"author":[{"embeddable":true,"href":"https:\/\/blogs.diariovasco.com\/12-pulgadas\/wp-json\/wp\/v2\/users\/50"}],"replies":[{"embeddable":true,"href":"https:\/\/blogs.diariovasco.com\/12-pulgadas\/wp-json\/wp\/v2\/comments?post=1060"}],"version-history":[{"count":0,"href":"https:\/\/blogs.diariovasco.com\/12-pulgadas\/wp-json\/wp\/v2\/posts\/1060\/revisions"}],"wp:attachment":[{"href":"https:\/\/blogs.diariovasco.com\/12-pulgadas\/wp-json\/wp\/v2\/media?parent=1060"}],"wp:term":[{"taxonomy":"category","embeddable":true,"href":"https:\/\/blogs.diariovasco.com\/12-pulgadas\/wp-json\/wp\/v2\/categories?post=1060"},{"taxonomy":"post_tag","embeddable":true,"href":"https:\/\/blogs.diariovasco.com\/12-pulgadas\/wp-json\/wp\/v2\/tags?post=1060"}],"curies":[{"name":"wp","href":"https:\/\/api.w.org\/{rel}","templated":true}]}}