{"id":1297,"date":"2018-11-02T08:11:25","date_gmt":"2018-11-02T07:11:25","guid":{"rendered":"https:\/\/blogs.diariovasco.com\/12-pulgadas\/?p=1297"},"modified":"2018-11-02T08:19:23","modified_gmt":"2018-11-02T07:19:23","slug":"el-himno-y-las-letras","status":"publish","type":"post","link":"https:\/\/blogs.diariovasco.com\/12-pulgadas\/2018\/11\/02\/el-himno-y-las-letras\/","title":{"rendered":"El himno y las letras"},"content":{"rendered":"<p>Ha pasado algo m\u00e1s de una semana desde que estall\u00f3 la pol\u00e9mica por el famoso \u00abmariconez\u00bb. Esta palabra es parte de\u00a0la canci\u00f3n \u00abQu\u00e9date en Madrid\u00bb de Mecano. Los muchachos de Operaci\u00f3n Triunfo la vieron algo desfasada y, en un principio, no la quer\u00edan cantar. Pidieron cambiarla y, tras una gesti\u00f3n regulera por parte de la direcci\u00f3n del programa, no pudieron. El debate que se form\u00f3 era interesante, pero desde diversos sectores se encargaron de enfangarlo. En mi opini\u00f3n, la palabra no desentonaba en su \u00e9poca, pero choca frontalmente con la actual sociedad, mucho m\u00e1s abierta y sensible con el lenguaje. No hace falta explicar que con \u00abmariconez\u00bb se hace referencia a las personas homosexuales, dando por hecho que son\u00a0\u00f1o\u00f1os, afeminados o sensibleros en exceso. Que las nuevas generaciones reparen en esto es bueno. No hace falta que Ana Torroja y los suyos editen una composici\u00f3n propia si no lo desean, pero que se le d\u00e9 una pensada es sano y no hace da\u00f1o a nadie.<\/p>\n<p>En nuestra peque\u00f1a capital guipuzcoana, un leve cambio en la letra de una de nuestras m\u00e1s queridas composiciones ha generado una pol\u00e9mica sobredimensionada. La Real Sociedad ha decidido darle un aire a su actual himno, el \u00abTxuri Urdin\u00bb, que data de la d\u00e9cada de los setenta. Retira el \u00abaurrera, mutilak\u00bb (adelante, chicos) y lo sustituye por \u00abaurrera, Reala\u00bb (adelante, Real). La intenci\u00f3n es que sea una sinfon\u00eda inclusiva con las mujeres, que por aquel entonces eran solo aficionadas y ahora son parte del club en las secciones de f\u00fatbol o hockey. Lo veo como un cambio simb\u00f3lico pero importante. Ahora, deber\u00eda venir acompa\u00f1ado por una mejora de sueldos o condiciones laborales en los equipos femeninos. Si no sucede, ser\u00e1 un brindis al sol.<\/p>\n<p>Hubo un tiempo en el que muchos ciudadanos (y ciudadanas, qu\u00e9 triste) manten\u00edan que, por ejemplo, el papel de la mujer en la Tamborrada deb\u00eda ce\u00f1irse a desfilar como cantineras y abanderadas. De tocar el tambor o el barril ni hablamos. Incluso era com\u00fan que en algunas sociedades se les vetara la entrada ciertos d\u00edas y horas. Cuando estaba en primaria, algunos padres pidieron que sacaran a las chicas del equipo de f\u00fatbol (deporte escolar) dando argumentos carentes de raz\u00f3n por no decir en alto que pensaban que nos lastraban. Por suerte, el cole (Zuhaizti) no cedi\u00f3 y, adem\u00e1s, dos de ellas fueron titulares indiscutibles en el torneo playero de f\u00fatbol 7. Hoy, por suerte, la mentalidad colectiva ha cambiado y las instituciones han puesto medidas para fomentar la igualdad. A nivel nacional, las cuotas de mujeres en el mundo laboral o pol\u00edtico se han demostrado necesarias. A peque\u00f1a escala, la indignaci\u00f3n desmesurada por el cambio de letra en el himno de la Real Sociedad es el machismo que nos ha tocado vivir en este comienzo de siglo XXI.<\/p>\n<p>El club ha cambiado de himno o escudo a lo largo de su historia en repetidas ocasiones. Otras canciones acompa\u00f1aban al equipo en los a\u00f1os veinte o cincuenta. En el caso del escudo, se ha ido amoldando a los nuevos tiempos con retoques considerables. Es lo normal y hay que tomarlo de manera natural. Por eso parece poco l\u00f3gico que por el cambio de un t\u00e9rmino se monte semejante drama. Uno tiende a pensar que debajo de esas quejas se esconde un pensamiento algo anticuado que se escuda en otro tipo de excusas para justificar lo injustificable. Mi padre, nacido en 1949 y con m\u00e1s de cincuenta a\u00f1os como socio, me llam\u00f3 el otro d\u00eda para comentarme la jugada. Sin decirle yo nada, me dijo que le parec\u00eda lo m\u00e1s normal del mundo. Me hizo sentirme orgulloso y me apen\u00f3 que gente que ha cumplido menos calendarios que \u00e9l no lo vea as\u00ed.<\/p>\n<p>2018 pasar\u00e1 a la historia como el a\u00f1o en el que el feminismo se hizo popular y se convirti\u00f3 en tendencia. En el pasado ten\u00eda \u00fanicamente connotaciones negativas, como si fuera un tipo de machismo ejercido por las mujeres. Kafkiano. Es una gran noticia que la Real recoja el testigo y se sume a esta ola de igualdad. No es postureo y no es una cuesti\u00f3n balad\u00ed el cambio de letra. Ellas tambi\u00e9n tienen derecho a sentirse incluidas en la canci\u00f3n que suena cuando saltan al campo. La medida ha tenido una bienvenida muy calurosa en las filas del equipo femenino de f\u00fatbol, como han demostrado en las redes sociales. Me alegro mucho. Ojal\u00e1 ahora vean que sus reivindicaciones laborales se hacen realidad.<\/p>\n<!-- AddThis Advanced Settings generic via filter on the_content --><!-- AddThis Share Buttons generic via filter on the_content -->","protected":false},"excerpt":{"rendered":"<p>Ha pasado algo m\u00e1s de una semana desde que estall\u00f3 la pol\u00e9mica por el famoso \u00abmariconez\u00bb. Esta palabra es parte de\u00a0la canci\u00f3n \u00abQu\u00e9date en Madrid\u00bb de Mecano. Los muchachos de Operaci\u00f3n Triunfo la vieron algo desfasada y, en un principio, no la quer\u00edan cantar. Pidieron cambiarla y, tras una gesti\u00f3n regulera por parte de la [&hellip;]<!-- AddThis Advanced Settings generic via filter on get_the_excerpt --><!-- AddThis Share Buttons generic via filter on get_the_excerpt --><\/p>\n","protected":false},"author":50,"featured_media":0,"comment_status":"open","ping_status":"closed","sticky":false,"template":"","format":"standard","meta":[],"categories":[7],"tags":[],"_links":{"self":[{"href":"https:\/\/blogs.diariovasco.com\/12-pulgadas\/wp-json\/wp\/v2\/posts\/1297"}],"collection":[{"href":"https:\/\/blogs.diariovasco.com\/12-pulgadas\/wp-json\/wp\/v2\/posts"}],"about":[{"href":"https:\/\/blogs.diariovasco.com\/12-pulgadas\/wp-json\/wp\/v2\/types\/post"}],"author":[{"embeddable":true,"href":"https:\/\/blogs.diariovasco.com\/12-pulgadas\/wp-json\/wp\/v2\/users\/50"}],"replies":[{"embeddable":true,"href":"https:\/\/blogs.diariovasco.com\/12-pulgadas\/wp-json\/wp\/v2\/comments?post=1297"}],"version-history":[{"count":2,"href":"https:\/\/blogs.diariovasco.com\/12-pulgadas\/wp-json\/wp\/v2\/posts\/1297\/revisions"}],"predecessor-version":[{"id":1299,"href":"https:\/\/blogs.diariovasco.com\/12-pulgadas\/wp-json\/wp\/v2\/posts\/1297\/revisions\/1299"}],"wp:attachment":[{"href":"https:\/\/blogs.diariovasco.com\/12-pulgadas\/wp-json\/wp\/v2\/media?parent=1297"}],"wp:term":[{"taxonomy":"category","embeddable":true,"href":"https:\/\/blogs.diariovasco.com\/12-pulgadas\/wp-json\/wp\/v2\/categories?post=1297"},{"taxonomy":"post_tag","embeddable":true,"href":"https:\/\/blogs.diariovasco.com\/12-pulgadas\/wp-json\/wp\/v2\/tags?post=1297"}],"curies":[{"name":"wp","href":"https:\/\/api.w.org\/{rel}","templated":true}]}}