{"id":1700,"date":"2023-08-31T19:57:31","date_gmt":"2023-08-31T18:57:31","guid":{"rendered":"https:\/\/blogs.diariovasco.com\/12-pulgadas\/?p=1700"},"modified":"2023-09-02T19:57:50","modified_gmt":"2023-09-02T18:57:50","slug":"hay-menos-rock-and-roll","status":"publish","type":"post","link":"https:\/\/blogs.diariovasco.com\/12-pulgadas\/2023\/08\/31\/hay-menos-rock-and-roll\/","title":{"rendered":"Hay menos rock and roll"},"content":{"rendered":"<p>En el a\u00f1o 1994, Platero y t\u00fa publicaba el disco <em>Hay poco rock and roll<\/em>, que contiene cl\u00e1sicos como la canci\u00f3n que se llama como el \u00e1lbum, <em>Somos los Platero<\/em> y <em>Juliette<\/em>, entre otros. Pese a que suene a t\u00f3pico, eran otros tiempos y, aunque cada uno tengamos una percepci\u00f3n propia ligada a la experiencia personal, probablemente esos tiempos no eran ni mejores ni peores y simplemente eran otros tiempos. Por una cuesti\u00f3n generacional o de gustos, esos tiempos son m\u00e1s acordes con mis gustos, pero hay que entender que los que ahora mismo tienen 15, 20 o 25 a\u00f1os est\u00e1n viviendo nuestro 1994, nuestro 2000 o nuestro 2010, y 2023 ser\u00e1 dentro de 20 a\u00f1os el momento al que se referir\u00e1n cuando digan que &#8220;eran otros tiempos&#8221;.<\/p>\n<p>Hace tiempo que vengo pens\u00e1ndolo y este verano lo he terminado de constatar: en los grandes escenarios de nuestras ciudades cada vez hay menos rock and roll patrio. Normalmente, las fiestas patronales en las que se programaban 5-6 conciertos para todos los p\u00fablicos siempre reservaban una noche para un grupo de rock nacional. Pod\u00eda ser que no fuera el que m\u00e1s te gustaba, pero esa noche era una cita ineludible. Rosendo, Barricada, Los Suaves, Reincidentes, Ilegales, Marea, Ska-P, La Polla, Siniestro Total, Boikot, Def Con Dos, Loquillo (con los Trogloditas), Bar\u00f3n Rojo&#8230; algunos m\u00e1s rockeros y otros m\u00e1s punk, pero siempre un grupo de los que podr\u00edamos meter en el mismo saco.<\/p>\n<p>Este verano, por supuesto, algunos de estos nombres (y los de otros que en los 90-2000 no exist\u00edan pero siguen su misma l\u00ednea) han estado impresos en carteles de fiestas y festivales veraniegos. En otras ciudades, sin generar gran pol\u00e9mica a decir verdad, han prescindido de este estilo de grupos. Est\u00e1 claro que a todos no se puede contentar y que esto va por modas y, por lo tanto, no lo digo como un reproche. Simplemente lo constato porque es parte de la m\u00fasica con la que he crecido y la que me sigue acompa\u00f1ando hoy en d\u00eda.<\/p>\n<p>Ahora que agosto termina y que estamos en la pr\u00f3rroga de las fiestas veraniegas, me tomo la licencia de pinchar algunos cl\u00e1sicos de estas bandas de nuestro rock. Aunque tal vez no sea lo que m\u00e1s suena ahora mismo entre los m\u00e1s j\u00f3venes, antes o despu\u00e9s vivir\u00e1 otro repunte. Estoy seguro.<\/p>\n<p>Platero y t\u00fa &#8211; <em>Hay poco rock and roll<\/em><\/p>\n<p><iframe loading=\"lazy\" width=\"500\" height=\"375\" src=\"https:\/\/www.youtube.com\/embed\/yCOPiRQx8AQ?feature=oembed\" frameborder=\"0\" allow=\"accelerometer; autoplay; clipboard-write; encrypted-media; gyroscope; picture-in-picture; web-share\" allowfullscreen title=\"Platero y tu - Hay Poco Rock&#39;n&#39;Roll - Videoclip\"><\/iframe><\/p>\n<p>Bar\u00f3n Rojo &#8211; <em>Los rockeros van al infierno<\/em><\/p>\n<p><iframe loading=\"lazy\" width=\"500\" height=\"281\" src=\"https:\/\/www.youtube.com\/embed\/N8ulKlP5D4k?feature=oembed\" frameborder=\"0\" allow=\"accelerometer; autoplay; clipboard-write; encrypted-media; gyroscope; picture-in-picture; web-share\" allowfullscreen title=\"Bar\u00f3n Rojo - Los Rockeros Van Al Infierno (Aplauso (Actuaci\u00f3n TVE))\"><\/iframe><\/p>\n<p>Rosendo &#8211; <em>Flojos de Pantal\u00f3n<\/em><\/p>\n<p><iframe loading=\"lazy\" width=\"500\" height=\"281\" src=\"https:\/\/www.youtube.com\/embed\/CKMDB5MG6hc?feature=oembed\" frameborder=\"0\" allow=\"accelerometer; autoplay; clipboard-write; encrypted-media; gyroscope; picture-in-picture; web-share\" allowfullscreen title=\"Rosendo - Flojos de pantal\u00f3n (Directo Wizink Center, Madrid)\"><\/iframe><\/p>\n<p>Los Suaves &#8211; <em>Maldita sea mi suerte<\/em><\/p>\n<p><iframe loading=\"lazy\" width=\"500\" height=\"281\" src=\"https:\/\/www.youtube.com\/embed\/2VaI_9SHxnA?feature=oembed\" frameborder=\"0\" allow=\"accelerometer; autoplay; clipboard-write; encrypted-media; gyroscope; picture-in-picture; web-share\" allowfullscreen title=\"Maldita sea mi suerte - Los suaves - Gira de los 1000 conciertos\"><\/iframe><\/p>\n<p>Barricada &#8211; <em>En la silla el\u00e9ctrica<\/em><\/p>\n<p><iframe loading=\"lazy\" width=\"500\" height=\"281\" src=\"https:\/\/www.youtube.com\/embed\/mGUdXAB4GtQ?feature=oembed\" frameborder=\"0\" allow=\"accelerometer; autoplay; clipboard-write; encrypted-media; gyroscope; picture-in-picture; web-share\" allowfullscreen title=\"10  EN LA SILLA EL\u00c9CTRICA BARRICADA 2009 OTRA NOCHE SIN DORMIR\"><\/iframe><\/p>\n<p>Reincidentes &#8211; <em>Vicio<\/em><\/p>\n<p><iframe loading=\"lazy\" width=\"500\" height=\"375\" src=\"https:\/\/www.youtube.com\/embed\/TcA8BdD_GEg?feature=oembed\" frameborder=\"0\" allow=\"accelerometer; autoplay; clipboard-write; encrypted-media; gyroscope; picture-in-picture; web-share\" allowfullscreen title=\"Vicio\"><\/iframe><\/p>\n<p>Extremoduro &#8211; <em>Papel secante<\/em><\/p>\n<p><iframe loading=\"lazy\" width=\"500\" height=\"375\" src=\"https:\/\/www.youtube.com\/embed\/UnKGVWZoTl8?feature=oembed\" frameborder=\"0\" allow=\"accelerometer; autoplay; clipboard-write; encrypted-media; gyroscope; picture-in-picture; web-share\" allowfullscreen title=\"Extremoduro- Papel secante-\"><\/iframe><\/p>\n<p>La Polla Records &#8211; <em>Ellos dicen mierda<\/em><\/p>\n<p><iframe loading=\"lazy\" width=\"500\" height=\"281\" src=\"https:\/\/www.youtube.com\/embed\/-ou8KFQRrKE?feature=oembed\" frameborder=\"0\" allow=\"accelerometer; autoplay; clipboard-write; encrypted-media; gyroscope; picture-in-picture; web-share\" allowfullscreen title=\"La Polla Records - Ellos Dicen Mierda [Vi\u00f1a Rock 2003]\"><\/iframe><\/p>\n<p>&nbsp;<\/p>\n<!-- AddThis Advanced Settings generic via filter on the_content --><!-- AddThis Share Buttons generic via filter on the_content -->","protected":false},"excerpt":{"rendered":"<p>En el a\u00f1o 1994, Platero y t\u00fa publicaba el disco Hay poco rock and roll, que contiene cl\u00e1sicos como la canci\u00f3n que se llama como el \u00e1lbum, Somos los Platero y Juliette, entre otros. Pese a que suene a t\u00f3pico, eran otros tiempos y, aunque cada uno tengamos una percepci\u00f3n propia ligada a la experiencia [&hellip;]<!-- AddThis Advanced Settings generic via filter on get_the_excerpt --><!-- AddThis Share Buttons generic via filter on get_the_excerpt --><\/p>\n","protected":false},"author":50,"featured_media":0,"comment_status":"open","ping_status":"closed","sticky":false,"template":"","format":"standard","meta":[],"categories":[7],"tags":[571],"_links":{"self":[{"href":"https:\/\/blogs.diariovasco.com\/12-pulgadas\/wp-json\/wp\/v2\/posts\/1700"}],"collection":[{"href":"https:\/\/blogs.diariovasco.com\/12-pulgadas\/wp-json\/wp\/v2\/posts"}],"about":[{"href":"https:\/\/blogs.diariovasco.com\/12-pulgadas\/wp-json\/wp\/v2\/types\/post"}],"author":[{"embeddable":true,"href":"https:\/\/blogs.diariovasco.com\/12-pulgadas\/wp-json\/wp\/v2\/users\/50"}],"replies":[{"embeddable":true,"href":"https:\/\/blogs.diariovasco.com\/12-pulgadas\/wp-json\/wp\/v2\/comments?post=1700"}],"version-history":[{"count":2,"href":"https:\/\/blogs.diariovasco.com\/12-pulgadas\/wp-json\/wp\/v2\/posts\/1700\/revisions"}],"predecessor-version":[{"id":1702,"href":"https:\/\/blogs.diariovasco.com\/12-pulgadas\/wp-json\/wp\/v2\/posts\/1700\/revisions\/1702"}],"wp:attachment":[{"href":"https:\/\/blogs.diariovasco.com\/12-pulgadas\/wp-json\/wp\/v2\/media?parent=1700"}],"wp:term":[{"taxonomy":"category","embeddable":true,"href":"https:\/\/blogs.diariovasco.com\/12-pulgadas\/wp-json\/wp\/v2\/categories?post=1700"},{"taxonomy":"post_tag","embeddable":true,"href":"https:\/\/blogs.diariovasco.com\/12-pulgadas\/wp-json\/wp\/v2\/tags?post=1700"}],"curies":[{"name":"wp","href":"https:\/\/api.w.org\/{rel}","templated":true}]}}