{"id":1776,"date":"2024-08-13T17:21:39","date_gmt":"2024-08-13T16:21:39","guid":{"rendered":"https:\/\/blogs.diariovasco.com\/12-pulgadas\/?p=1776"},"modified":"2024-08-13T18:05:09","modified_gmt":"2024-08-13T17:05:09","slug":"clausura-paris-2024","status":"publish","type":"post","link":"https:\/\/blogs.diariovasco.com\/12-pulgadas\/2024\/08\/13\/clausura-paris-2024\/","title":{"rendered":"La clausura de Par\u00eds 2024 o cuando fuimos felices en los festivales"},"content":{"rendered":"<p>Los donostiarras recibimos con algarab\u00eda y emoci\u00f3n el nombramiento como Capital Europea de la Cultura 2016 aunque, seamos sinceros: no termin\u00f3 de ser un hito que calara entre la ciudadan\u00eda como cab\u00eda esperar. Desde mi punto de vista, las expectativas quedaron incompletas porque, m\u00e1s all\u00e1 de las lentejuelas y el brillo de ser capital de algo a nivel continental, nadie se puso como objetivo bajar al ciudadano de a pie qu\u00e9 era aquello.<\/p>\n<p>El primer mal trago lleg\u00f3 con la inauguraci\u00f3n. Se anunci\u00f3 a bombo y platillo que un ex Fura del Baus, Hansel Cereza, dise\u00f1ar\u00eda un espect\u00e1culo de altura, y el resultado no fue el esperado. Los asistentes no pudieron ver qu\u00e9 ocurr\u00eda por problemas de visibilidad; no se entendi\u00f3 el hilo conductor; y, por si fuera poco, la retransmisi\u00f3n televisiva dej\u00f3 mucho que desear.<\/p>\n<p>Este pasado domingo, cuando ve\u00eda la ceremonia de clausura de los Juegos Ol\u00edmpicos de Par\u00eds 2024, me acord\u00e9 de aquello. Despu\u00e9s de una pol\u00e9mica inauguraci\u00f3n, toda la primera parte del espect\u00e1culo dej\u00f3 bastante fr\u00edo al respetable (\u00bfalguien pens\u00f3 en el televidente?). Es importante conocer a tu p\u00fablico, y la propuesta tal vez era excesivamente rebuscada y poco festiva (que es lo que pide al cuerpo este tipo de eventos). Tenemos ejemplos exitosos cercanos, como el de Londres 2012, y las comparaciones son odiosas.<\/p>\n<p><img loading=\"lazy\" class=\"aligncenter\" src=\"https:\/\/m.media-amazon.com\/images\/I\/71J74cBvLEL._UF894,1000_QL80_.jpg\" alt=\"Wolfgang Amadeus Phoenix\" width=\"405\" height=\"405\" \/><\/p>\n<p>El giro de guion lleg\u00f3 cuando Phoenix salieron a escena. Aire fresco y luz en una ceremonia sin emoci\u00f3n y algo oscura. Fue, adem\u00e1s, un recordatorio de lo felices que \u00e9ramos hace 12-15 a\u00f1os en los festivales de m\u00fasica.<\/p>\n<p>Era la \u00e9poca en la que por la tarde disfrut\u00e1bamos del indie patrio; anochec\u00eda con primeros espadas brit\u00e1nicos o americanos; la hora de m\u00e1xima audiencia era para rendir pleites\u00eda a la nobleza (del rock, normalmente); y, de madrugada, el indie y el rock dejaban paso a la electr\u00f3nica internacional. Por cierto: tambi\u00e9n era la \u00e9poca en la que los abonos de los festivales costaban cien euros menos de lo que se paga actualmente. Alguien podr\u00eda meter mano en esa locura.<\/p>\n<p>Cuando los primeros acordes de <em>Lisztomania<\/em> sonaron en el Estadio de Francia este domingo, los corazones de muchos milenial se pusieron contentos. Muchos, como es mi caso, empezamos a mover las piernas en el sof\u00e1 y a canturrear en bajo trozos de la letra mientras los de Versalles lo daban todo rodeados de los atletas entusiasmados. <a href=\"https:\/\/www.youtube.com\/watch?v=asL4qxHVS-k\" rel=\"external nofollow\">Tambi\u00e9n Kavinsky interpret\u00f3\u00a0<em>Nightcall<\/em>, canci\u00f3n que muchos recordamos por la pel\u00edcula <em>Drive<\/em> (2011), lo que ya supuso un cierto aquelarre emocional milenial, si se me permite<\/a>.<\/p>\n<p><em>The Times They Are a-Changin&#8217;<\/em>, canta Bob Dylan, y entre lo de ahora hay de todo. De vez en cuando acojo con emoci\u00f3n alguna de las novedades que salen al mercado, pero no como en aquella explosi\u00f3n de indie de los primeros 2010 o la exitosa convivencia de viejos y nuevos rockeros de la pen\u00ednsula que se vivi\u00f3 en los noventa y hasta entrada la d\u00e9cada de los 2010, cuando algunos de los mayores se empezaron a despedir.<\/p>\n<p>En definitiva, lo del domingo con Phoenix fue un ejercicio agradable de nostalgia recordando algo que tampoco est\u00e1 tan lejos. Si vuelve, puede que ya no sea lo mismo, pero podemos probar y ver qu\u00e9 tal, \u00bfno?<\/p>\n<p><iframe loading=\"lazy\" width=\"500\" height=\"281\" src=\"https:\/\/www.youtube.com\/embed\/4fqxA3K2gtY?feature=oembed\" frameborder=\"0\" allow=\"accelerometer; autoplay; clipboard-write; encrypted-media; gyroscope; picture-in-picture; web-share\" referrerpolicy=\"strict-origin-when-cross-origin\" allowfullscreen title=\"Rock Band Phoenix perform Lisztomania at the Paris Olympics Closing Ceremony \n<\/p>\n<!-- AddThis Advanced Settings generic via filter on the_content --><!-- AddThis Share Buttons generic via filter on the_content -->","protected":false},"excerpt":{"rendered":"<p>Los donostiarras recibimos con algarab\u00eda y emoci\u00f3n el nombramiento como Capital Europea de la Cultura 2016 aunque, seamos sinceros: no termin\u00f3 de ser un hito que calara entre la ciudadan\u00eda como cab\u00eda esperar. Desde mi punto de vista, las expectativas quedaron incompletas porque, m\u00e1s all\u00e1 de las lentejuelas y el brillo de ser capital de [&hellip;]<!-- AddThis Advanced Settings generic via filter on get_the_excerpt --><!-- AddThis Share Buttons generic via filter on get_the_excerpt --><\/p>\n","protected":false},"author":50,"featured_media":0,"comment_status":"open","ping_status":"closed","sticky":false,"template":"","format":"standard","meta":[],"categories":[7],"tags":[272,333,884,883,508],"_links":{"self":[{"href":"https:\/\/blogs.diariovasco.com\/12-pulgadas\/wp-json\/wp\/v2\/posts\/1776"}],"collection":[{"href":"https:\/\/blogs.diariovasco.com\/12-pulgadas\/wp-json\/wp\/v2\/posts"}],"about":[{"href":"https:\/\/blogs.diariovasco.com\/12-pulgadas\/wp-json\/wp\/v2\/types\/post"}],"author":[{"embeddable":true,"href":"https:\/\/blogs.diariovasco.com\/12-pulgadas\/wp-json\/wp\/v2\/users\/50"}],"replies":[{"embeddable":true,"href":"https:\/\/blogs.diariovasco.com\/12-pulgadas\/wp-json\/wp\/v2\/comments?post=1776"}],"version-history":[{"count":16,"href":"https:\/\/blogs.diariovasco.com\/12-pulgadas\/wp-json\/wp\/v2\/posts\/1776\/revisions"}],"predecessor-version":[{"id":1796,"href":"https:\/\/blogs.diariovasco.com\/12-pulgadas\/wp-json\/wp\/v2\/posts\/1776\/revisions\/1796"}],"wp:attachment":[{"href":"https:\/\/blogs.diariovasco.com\/12-pulgadas\/wp-json\/wp\/v2\/media?parent=1776"}],"wp:term":[{"taxonomy":"category","embeddable":true,"href":"https:\/\/blogs.diariovasco.com\/12-pulgadas\/wp-json\/wp\/v2\/categories?post=1776"},{"taxonomy":"post_tag","embeddable":true,"href":"https:\/\/blogs.diariovasco.com\/12-pulgadas\/wp-json\/wp\/v2\/tags?post=1776"}],"curies":[{"name":"wp","href":"https:\/\/api.w.org\/{rel}","templated":true}]}}