{"id":471,"date":"2013-06-27T00:01:03","date_gmt":"2013-06-26T23:01:03","guid":{"rendered":"http:\/\/blogs.diariovasco.com\/12-pulgadas\/?p=471"},"modified":"2013-06-27T00:01:03","modified_gmt":"2013-06-26T23:01:03","slug":"musica-bien-escrita-por-favor","status":"publish","type":"post","link":"https:\/\/blogs.diariovasco.com\/12-pulgadas\/2013\/06\/27\/musica-bien-escrita-por-favor\/","title":{"rendered":"M\u00fasica bien escrita, por favor"},"content":{"rendered":"<p><a href=\"\/12-pulgadas\/wp-content\/uploads\/sites\/30\/2013\/06\/Rolling_Stones_Sympathy_for_the_Devil.jpg\"><img loading=\"lazy\" class=\"alignleft size-full wp-image-472\" title=\"Rolling_Stones_Sympathy_for_the_Devil\" src=\"\/12-pulgadas\/wp-content\/uploads\/sites\/30\/2013\/06\/Rolling_Stones_Sympathy_for_the_Devil.jpg\" alt=\"\" width=\"300\" height=\"285\" \/><\/a>Ten\u00eda un viaje relativamente largo en tren y me aprovision\u00e9 de lectura. Libro ya llevaba, la prensa del d\u00eda se antojaba m\u00e1s que necesaria y me qued\u00e9 diez minutos mirando la estanter\u00eda del peque\u00f1o puesto en busca de algo m\u00e1s. Me fall\u00e9 a m\u00ed mismo y compr\u00e9 una publicaci\u00f3n que siempre me ha parecido bastante nula, pero es que la oferta que ten\u00edan no era muy amplia y la Renfe no iba a esperar por mi indecisi\u00f3n. Con quinientas de las antiguas pesetas menos en mi bolsillo por la compra de esta gaceta, me sent\u00e9 y comenc\u00e9 a leer. No dir\u00e9 como se llama la revista, que es la versi\u00f3n espa\u00f1ola de un mensual sobre m\u00fasica y que en su nombre tiene el de una banda hist\u00f3rica brit\u00e1nica en singular.<\/p>\n<p>Puede que no sea una voz suficientemente autorizada para algunos junta letras, pero los tres euros que me gast\u00e9 en ella me dan poder necesario para contar lo siguiente. Desde el \u00edndice, muchos de sus art\u00edculos parecen la profanaci\u00f3n musical al estilo \u201cS\u00e1lvame\u201d. Ya no eran solo los contenidos, \u00a1tambi\u00e9n hab\u00eda faltas! Comenzaba a hiperventilar. En las cinco primeras p\u00e1ginas hab\u00eda tres fallos bastante grandes de puntuaci\u00f3n, un poco m\u00e1s adelante otro al introducir una cita con comillas. Frases inteligibles con trescientas subordinadas y esa sensaci\u00f3n de que nadie hab\u00eda rele\u00eddo y repasado los textos antes de mandarlos a la imprenta. He le\u00eddo revistas hechas en la facultad por estudiantes con m\u00e1s mimo y cuidado en todos los aspectos.<\/p>\n<p>Todo esto me hab\u00eda escamado lo suficiente como para parar la lectura y marcharme a la cafeter\u00eda del tren. Ya saben c\u00f3mo van las cosas en estos sitios, donan un \u00f3rgano y les ponen una Coca Cola; pero ese es otro asunto que no nos incumbe. Volv\u00ed a mi asiento y, con todo el masoquismo de mi cuerpo en plena efervescencia, segu\u00ed hasta el final de la revista. Entonces lleg\u00f3 lo mejor: en uno de esos \u201coriginal\u00edsimos\u201d reportajes sobre si el rock tiene futuro y cu\u00e1l es su estado de salud o porque la gente ya no sale a luchar a las calles motivados por letras corrosivas, inclu\u00edan las declaraciones de diferentes miembros de bandas hispanoparlantes. Todos eran conocidos menos uno. Para justificar la presencia de estos \u201csin nombre\u201d, el redactor los \u201cteloneaba\u201d incluyendo el dato de que en su \u00faltima grabaci\u00f3n en directo colaboraron varios peces gordos del pop-rock nacional, a los cuales mencionaba. O tienes padrinos, o no eres nadie. Para salir en esas l\u00edneas deb\u00edas tener una trayectoria o rodearte de colaboraciones. \u201cLos manolitos, que no los conoce ni su madre pero contaron con estos famosos en su \u00faltimo directo editado, opinan al respecto\u2026\u201d, ya me entienden.<\/p>\n<p>Llegu\u00e9 hasta la \u00faltima p\u00e1gina y segu\u00eda sin dar cr\u00e9dito. Faltas de todo tipo y ese mamoneo de lo m\u00e1s rancio. Esta publicaci\u00f3n vive bajo el paraguas de un gran grupo, pero dudo que alguno de los jefazos de este lea la revista. Tal vez fuese lo mejor que alg\u00fan d\u00eda se cuele en el revistero de uno de ellos, para que vea lo que est\u00e1n sacando mes tras mes a la calle. Hace unos a\u00f1os tuve un congreso en el que un miembro de la Fundeu dec\u00eda que un texto pierde toda su credibilidad cuando tiene fallos de este tipo. \u00bfEs mucho pedir que, por lo menos, ofrezcan art\u00edculos musicales bien escritos? Recordemos que est\u00e1n cobrando por ello y yo, tras ver lo que hab\u00eda comprado, me sent\u00ed ligeramente estafado. Espero que nadie se me enfade, siempre he tenido simpat\u00eda por el diablo.<\/p>\n<p><iframe loading=\"lazy\" width=\"500\" height=\"281\" src=\"https:\/\/www.youtube.com\/embed\/ZRXGsPBUV5g?feature=oembed\" frameborder=\"0\" allowfullscreen><\/iframe><\/p>\n<!-- AddThis Advanced Settings generic via filter on the_content --><!-- AddThis Share Buttons generic via filter on the_content -->","protected":false},"excerpt":{"rendered":"<p>Ten\u00eda un viaje relativamente largo en tren y me aprovision\u00e9 de lectura. Libro ya llevaba, la prensa del d\u00eda se antojaba m\u00e1s que necesaria y me qued\u00e9 diez minutos mirando la estanter\u00eda del peque\u00f1o puesto en busca de algo m\u00e1s. Me fall\u00e9 a m\u00ed mismo y compr\u00e9 una publicaci\u00f3n que siempre me ha parecido bastante [&hellip;]<!-- AddThis Advanced Settings generic via filter on get_the_excerpt --><!-- AddThis Share Buttons generic via filter on get_the_excerpt --><\/p>\n","protected":false},"author":50,"featured_media":0,"comment_status":"open","ping_status":"open","sticky":false,"template":"","format":"standard","meta":[],"categories":[7],"tags":[462,505,559,605],"_links":{"self":[{"href":"https:\/\/blogs.diariovasco.com\/12-pulgadas\/wp-json\/wp\/v2\/posts\/471"}],"collection":[{"href":"https:\/\/blogs.diariovasco.com\/12-pulgadas\/wp-json\/wp\/v2\/posts"}],"about":[{"href":"https:\/\/blogs.diariovasco.com\/12-pulgadas\/wp-json\/wp\/v2\/types\/post"}],"author":[{"embeddable":true,"href":"https:\/\/blogs.diariovasco.com\/12-pulgadas\/wp-json\/wp\/v2\/users\/50"}],"replies":[{"embeddable":true,"href":"https:\/\/blogs.diariovasco.com\/12-pulgadas\/wp-json\/wp\/v2\/comments?post=471"}],"version-history":[{"count":0,"href":"https:\/\/blogs.diariovasco.com\/12-pulgadas\/wp-json\/wp\/v2\/posts\/471\/revisions"}],"wp:attachment":[{"href":"https:\/\/blogs.diariovasco.com\/12-pulgadas\/wp-json\/wp\/v2\/media?parent=471"}],"wp:term":[{"taxonomy":"category","embeddable":true,"href":"https:\/\/blogs.diariovasco.com\/12-pulgadas\/wp-json\/wp\/v2\/categories?post=471"},{"taxonomy":"post_tag","embeddable":true,"href":"https:\/\/blogs.diariovasco.com\/12-pulgadas\/wp-json\/wp\/v2\/tags?post=471"}],"curies":[{"name":"wp","href":"https:\/\/api.w.org\/{rel}","templated":true}]}}