{"id":682,"date":"2013-11-12T11:36:22","date_gmt":"2013-11-12T10:36:22","guid":{"rendered":"http:\/\/blogs.diariovasco.com\/12-pulgadas\/?p=682"},"modified":"2013-11-12T11:36:22","modified_gmt":"2013-11-12T10:36:22","slug":"def-con-dos-sound-system-dos-tenores","status":"publish","type":"post","link":"https:\/\/blogs.diariovasco.com\/12-pulgadas\/2013\/11\/12\/def-con-dos-sound-system-dos-tenores\/","title":{"rendered":"Def Con Dos Sound System Dos Tenores"},"content":{"rendered":"<p><a href=\"\/12-pulgadas\/wp-content\/uploads\/sites\/30\/2013\/11\/dcd.jpg\"><img loading=\"lazy\" class=\"alignleft  wp-image-683\" title=\"dcd\" src=\"\/12-pulgadas\/wp-content\/uploads\/sites\/30\/2013\/11\/dcd.jpg\" alt=\"\" width=\"360\" height=\"360\" srcset=\"https:\/\/static-blogs.diariovasco.com\/wp-content\/uploads\/sites\/30\/2013\/11\/dcd.jpg 600w, https:\/\/static-blogs.diariovasco.com\/wp-content\/uploads\/sites\/30\/2013\/11\/dcd-150x150.jpg 150w, https:\/\/static-blogs.diariovasco.com\/wp-content\/uploads\/sites\/30\/2013\/11\/dcd-300x300.jpg 300w\" sizes=\"(max-width: 360px) 100vw, 360px\" \/><\/a>El nombre es un poco pedante (qu\u00e9 man\u00eda de meter anglicismos para todo como si quedara m\u00e1s chachi guay), pero al final es tan solo una an\u00e9cdota. Def Con Dos Sound System Dos Tenores significa que muchos de los fans de la banda madrile\u00f1a podr\u00e1n ver rapear sin base de guitarra, bajo y bater\u00eda a C\u00e9sar Strawberry y Pe\u00f3n Kurtz. Cabe matizar que contar\u00e1n con la ayuda del bajista del grupo, \u00a0J. Al \u00c1ndalus.<\/p>\n<p>\u00c9sta ser\u00e1 la manera en la que celebrar\u00e1n el XXV aniversario de Def Con Dos en la m\u00fasica. Se trata de una forma con la que podr\u00e1n repasar temas antiguos que no tienen hueco en el repertorio habitual de la banda. Al mismo tiempo, potenciar\u00e1n la faceta m\u00e1s rap y hip hop que dejaron de lado cuando decidieron tomar como santo y se\u00f1a \u00a0el<a href=\"http:\/\/www.youtube.com\/watch?v=RBA-xi8WuCU\" rel=\"external nofollow\">\u00a0&#8220;Bring The Noise&#8221;<\/a>\u00a0de Anthrax y Public Enemy\u00a0a la hora de componer. Estamos ante una oportunidad \u00fanica de poder disfrutar en vivo de las canciones de los primeros asaltos de estos chicos de Alcorc\u00f3n.<\/p>\n<p>El pasado 8 de noviembre dieron el primer directo con este formato, pero la gira est\u00e1 programada para el a\u00f1o 2014. Ser\u00e1 por recintos de medio tama\u00f1o, en salas que se encuentran situadas por toda la pen\u00ednsula. Los nuevos seguidores puede que no se vean saciados con esta iniciativa, pero los que llevan siguiendo a Def Con Dos desde su formaci\u00f3n hace veinticinco a\u00f1os ver\u00e1n cumplida una vieja petici\u00f3n. Es de agradecer que una banda de rock reconocida decida celebrar de esta forma una efem\u00e9ride tan importante, en vez de llenar el mercado de recopilatorios y similares. Lo pueden hacer, pero es genial acompa\u00f1arlo de estas iniciativas. Larga vida a Def Con Dos.<\/p>\n<p>http:\/\/youtu.be\/PGr60hd3PYk<\/p>\n<!-- AddThis Advanced Settings generic via filter on the_content --><!-- AddThis Share Buttons generic via filter on the_content -->","protected":false},"excerpt":{"rendered":"<p>El nombre es un poco pedante (qu\u00e9 man\u00eda de meter anglicismos para todo como si quedara m\u00e1s chachi guay), pero al final es tan solo una an\u00e9cdota. Def Con Dos Sound System Dos Tenores significa que muchos de los fans de la banda madrile\u00f1a podr\u00e1n ver rapear sin base de guitarra, bajo y bater\u00eda a [&hellip;]<!-- AddThis Advanced Settings generic via filter on get_the_excerpt --><!-- AddThis Share Buttons generic via filter on get_the_excerpt --><\/p>\n","protected":false},"author":50,"featured_media":0,"comment_status":"open","ping_status":"open","sticky":false,"template":"","format":"standard","meta":[],"categories":[6],"tags":[53,190,220,324,430,462,542,571,612],"_links":{"self":[{"href":"https:\/\/blogs.diariovasco.com\/12-pulgadas\/wp-json\/wp\/v2\/posts\/682"}],"collection":[{"href":"https:\/\/blogs.diariovasco.com\/12-pulgadas\/wp-json\/wp\/v2\/posts"}],"about":[{"href":"https:\/\/blogs.diariovasco.com\/12-pulgadas\/wp-json\/wp\/v2\/types\/post"}],"author":[{"embeddable":true,"href":"https:\/\/blogs.diariovasco.com\/12-pulgadas\/wp-json\/wp\/v2\/users\/50"}],"replies":[{"embeddable":true,"href":"https:\/\/blogs.diariovasco.com\/12-pulgadas\/wp-json\/wp\/v2\/comments?post=682"}],"version-history":[{"count":0,"href":"https:\/\/blogs.diariovasco.com\/12-pulgadas\/wp-json\/wp\/v2\/posts\/682\/revisions"}],"wp:attachment":[{"href":"https:\/\/blogs.diariovasco.com\/12-pulgadas\/wp-json\/wp\/v2\/media?parent=682"}],"wp:term":[{"taxonomy":"category","embeddable":true,"href":"https:\/\/blogs.diariovasco.com\/12-pulgadas\/wp-json\/wp\/v2\/categories?post=682"},{"taxonomy":"post_tag","embeddable":true,"href":"https:\/\/blogs.diariovasco.com\/12-pulgadas\/wp-json\/wp\/v2\/tags?post=682"}],"curies":[{"name":"wp","href":"https:\/\/api.w.org\/{rel}","templated":true}]}}