{"id":796,"date":"2014-01-19T06:39:49","date_gmt":"2014-01-19T05:39:49","guid":{"rendered":"http:\/\/blogs.diariovasco.com\/12-pulgadas\/?p=796"},"modified":"2014-01-19T06:39:49","modified_gmt":"2014-01-19T05:39:49","slug":"canciones-permitidas-para-la-ocasion","status":"publish","type":"post","link":"https:\/\/blogs.diariovasco.com\/12-pulgadas\/2014\/01\/19\/canciones-permitidas-para-la-ocasion\/","title":{"rendered":"Canciones permitidas para la ocasi\u00f3n"},"content":{"rendered":"<p>Se acerca ese d\u00eda que todo donostiarra tiene marcado en rojo en su calendario. La cuesta de enero es m\u00e1s inclinada para los habitantes de la capital easonense, pero eso nos da igual. Llega el 20 de enero, d\u00eda de nuestro patr\u00f3n. San Sebasti\u00e1n suena durante 24 horas a tambores y barriles, y, por lo tanto, solo les permito (si les parece bien) que en ese tiempo no me profanen las marchas del maestro Sarriegi.<\/p>\n<p>Hoy, d\u00eda 19, tambi\u00e9n les pedir\u00e9 encarecidamente que entonen el himno de la Real Sociedad. Los que vamos a Getafe a animar a los nuestros vamos a necesitar el calor de toda la provincia, puesto que va a hacer un fr\u00edo del carajo en el desangelado Coliseum Alfonso P\u00e9rez. El a\u00f1o pasado llegamos al mismo escenario metidos de lleno en la pelea por la Champions, y si me lo permiten, un poco crecidos. Perdimos, pese a ponernos por delante, y, adem\u00e1s, nos llovi\u00f3 en el descanso y la segunda parte. Puede parecer una tonter\u00eda, pero en ese estadio no hay nada para resguardarse; est\u00e1 dejado de la mano de Dios (que, por cierto, precisamente esa extremidad ha sido noticia en cierto lugar de Brasil por un rayo bien lanzadopor por el hombre del espacio). No es Old Trafford y las fotos en Facebook no les quedar\u00e1n igual de bien; supongo que tiene un poquito m\u00e1s de m\u00e9rito acudir a ver un Getafe-Real Sociedad en v\u00edsperas de tan marcada efem\u00e9ride.<\/p>\n<p>No s\u00e9 si se dejar\u00e1 ver el gorro de lluvia de Od\u00f3n Elorza como la pasada temporada por las gradas del feudo azul\u00f3n; puede que este a\u00f1o haga pira y se haya acercado ya a la capital guipuzcoana. Ganemos o perdamos, entonaremos el himno de la ciudad y de nuestro club, como siempre. Nos gusta cantar la Marcha de San Sebasti\u00e1n hasta en verano; as\u00ed somos. Lo dicho, que ustedes pasen un buen d\u00eda de San Sebasti\u00e1n. Gora Donosti!<\/p>\n<p><iframe loading=\"lazy\" width=\"500\" height=\"375\" src=\"https:\/\/www.youtube.com\/embed\/Lwfob33ILrg?feature=oembed\" frameborder=\"0\" allowfullscreen><\/iframe><\/p>\n<p><iframe loading=\"lazy\" width=\"500\" height=\"375\" src=\"https:\/\/www.youtube.com\/embed\/dw3m3OetVls?feature=oembed\" frameborder=\"0\" allowfullscreen><\/iframe><\/p>\n<!-- AddThis Advanced Settings generic via filter on the_content --><!-- AddThis Share Buttons generic via filter on the_content -->","protected":false},"excerpt":{"rendered":"<p>Se acerca ese d\u00eda que todo donostiarra tiene marcado en rojo en su calendario. La cuesta de enero es m\u00e1s inclinada para los habitantes de la capital easonense, pero eso nos da igual. Llega el 20 de enero, d\u00eda de nuestro patr\u00f3n. San Sebasti\u00e1n suena durante 24 horas a tambores y barriles, y, por lo [&hellip;]<!-- AddThis Advanced Settings generic via filter on get_the_excerpt --><!-- AddThis Share Buttons generic via filter on get_the_excerpt --><\/p>\n","protected":false},"author":50,"featured_media":0,"comment_status":"open","ping_status":"open","sticky":false,"template":"","format":"standard","meta":[],"categories":[7],"tags":[18,217,587,636],"_links":{"self":[{"href":"https:\/\/blogs.diariovasco.com\/12-pulgadas\/wp-json\/wp\/v2\/posts\/796"}],"collection":[{"href":"https:\/\/blogs.diariovasco.com\/12-pulgadas\/wp-json\/wp\/v2\/posts"}],"about":[{"href":"https:\/\/blogs.diariovasco.com\/12-pulgadas\/wp-json\/wp\/v2\/types\/post"}],"author":[{"embeddable":true,"href":"https:\/\/blogs.diariovasco.com\/12-pulgadas\/wp-json\/wp\/v2\/users\/50"}],"replies":[{"embeddable":true,"href":"https:\/\/blogs.diariovasco.com\/12-pulgadas\/wp-json\/wp\/v2\/comments?post=796"}],"version-history":[{"count":0,"href":"https:\/\/blogs.diariovasco.com\/12-pulgadas\/wp-json\/wp\/v2\/posts\/796\/revisions"}],"wp:attachment":[{"href":"https:\/\/blogs.diariovasco.com\/12-pulgadas\/wp-json\/wp\/v2\/media?parent=796"}],"wp:term":[{"taxonomy":"category","embeddable":true,"href":"https:\/\/blogs.diariovasco.com\/12-pulgadas\/wp-json\/wp\/v2\/categories?post=796"},{"taxonomy":"post_tag","embeddable":true,"href":"https:\/\/blogs.diariovasco.com\/12-pulgadas\/wp-json\/wp\/v2\/tags?post=796"}],"curies":[{"name":"wp","href":"https:\/\/api.w.org\/{rel}","templated":true}]}}