{"id":905,"date":"2014-06-03T07:53:39","date_gmt":"2014-06-03T06:53:39","guid":{"rendered":"http:\/\/blogs.diariovasco.com\/12-pulgadas\/?p=905"},"modified":"2014-06-03T07:53:39","modified_gmt":"2014-06-03T06:53:39","slug":"el-arte-de-mentir-de-igor-paskual","status":"publish","type":"post","link":"https:\/\/blogs.diariovasco.com\/12-pulgadas\/2014\/06\/03\/el-arte-de-mentir-de-igor-paskual\/","title":{"rendered":"&#8220;El arte de mentir&#8221; de Igor Paskual"},"content":{"rendered":"<p style=\"text-align: center;\"><a href=\"\/12-pulgadas\/wp-content\/uploads\/sites\/30\/2014\/06\/igor.jpg\"><img loading=\"lazy\" class=\"aligncenter  wp-image-906\" title=\"igor\" src=\"\/12-pulgadas\/wp-content\/uploads\/sites\/30\/2014\/06\/igor.jpg\" alt=\"\" width=\"234\" height=\"344\" srcset=\"https:\/\/static-blogs.diariovasco.com\/wp-content\/uploads\/sites\/30\/2014\/06\/igor.jpg 1063w, https:\/\/static-blogs.diariovasco.com\/wp-content\/uploads\/sites\/30\/2014\/06\/igor-205x300.jpg 205w, https:\/\/static-blogs.diariovasco.com\/wp-content\/uploads\/sites\/30\/2014\/06\/igor-768x1126.jpg 768w, https:\/\/static-blogs.diariovasco.com\/wp-content\/uploads\/sites\/30\/2014\/06\/igor-698x1024.jpg 698w\" sizes=\"(max-width: 234px) 100vw, 234px\" \/><\/a><\/p>\n<p style=\"text-align: left;\">Recuerdo el d\u00eda en que falleci\u00f3 Manolo Preciado, el que fuera entrenador del Sporting de Gij\u00f3n y que esperaba en un hotel del mediterr\u00e1neo para ser presentado por el Villarreal como nuevo t\u00e9cnico. Amanec\u00eda un soleado d\u00eda de verano y yo me enteraba camino de la oficina. Tan pronto entr\u00e9 y me sent\u00e9 en mi puesto de trabajo, me puse a escribir en este lugar un art\u00edculo. Hablaba de la ocasi\u00f3n en la que Preciado &#8220;toc\u00f3&#8221; la guitarra en un videoclip de Igor Paskual; donostiarra de nacimiento, asturiano de adopci\u00f3n y guitarrista de Loquillo durante m\u00e1s de una d\u00e9cada y en la actualidad.<\/p>\n<p>Hoy de nuevo cedo el peso de este rinc\u00f3n al hombre que dio frescura y calidad a los Trogloditas. Paskual presenta su nueva canci\u00f3n, que est\u00e1 disponible para su compra en las plataformas digitales. Se llama &#8220;El arte de mentir&#8221; y suena genial y distinto, como todo lo que hace en solitario este chico. Por cierto, tambi\u00e9n escribe con mucho mimo en El Comercio, diario cl\u00e1sico astur, y ha publicado un libro con el mismo nombre que la canci\u00f3n que nos ocupa. A ver qu\u00e9 les parece:<\/p>\n<p><iframe loading=\"lazy\" width=\"500\" height=\"281\" src=\"https:\/\/www.youtube.com\/embed\/gJaQZ4ZvArc?feature=oembed\" frameborder=\"0\" allowfullscreen><\/iframe><\/p>\n<!-- AddThis Advanced Settings generic via filter on the_content --><!-- AddThis Share Buttons generic via filter on the_content -->","protected":false},"excerpt":{"rendered":"<p>Recuerdo el d\u00eda en que falleci\u00f3 Manolo Preciado, el que fuera entrenador del Sporting de Gij\u00f3n y que esperaba en un hotel del mediterr\u00e1neo para ser presentado por el Villarreal como nuevo t\u00e9cnico. Amanec\u00eda un soleado d\u00eda de verano y yo me enteraba camino de la oficina. Tan pronto entr\u00e9 y me sent\u00e9 en mi [&hellip;]<!-- AddThis Advanced Settings generic via filter on get_the_excerpt --><!-- AddThis Share Buttons generic via filter on get_the_excerpt --><\/p>\n","protected":false},"author":50,"featured_media":0,"comment_status":"open","ping_status":"closed","sticky":false,"template":"","format":"standard","meta":[],"categories":[6],"tags":[225,330,462,571,572],"_links":{"self":[{"href":"https:\/\/blogs.diariovasco.com\/12-pulgadas\/wp-json\/wp\/v2\/posts\/905"}],"collection":[{"href":"https:\/\/blogs.diariovasco.com\/12-pulgadas\/wp-json\/wp\/v2\/posts"}],"about":[{"href":"https:\/\/blogs.diariovasco.com\/12-pulgadas\/wp-json\/wp\/v2\/types\/post"}],"author":[{"embeddable":true,"href":"https:\/\/blogs.diariovasco.com\/12-pulgadas\/wp-json\/wp\/v2\/users\/50"}],"replies":[{"embeddable":true,"href":"https:\/\/blogs.diariovasco.com\/12-pulgadas\/wp-json\/wp\/v2\/comments?post=905"}],"version-history":[{"count":0,"href":"https:\/\/blogs.diariovasco.com\/12-pulgadas\/wp-json\/wp\/v2\/posts\/905\/revisions"}],"wp:attachment":[{"href":"https:\/\/blogs.diariovasco.com\/12-pulgadas\/wp-json\/wp\/v2\/media?parent=905"}],"wp:term":[{"taxonomy":"category","embeddable":true,"href":"https:\/\/blogs.diariovasco.com\/12-pulgadas\/wp-json\/wp\/v2\/categories?post=905"},{"taxonomy":"post_tag","embeddable":true,"href":"https:\/\/blogs.diariovasco.com\/12-pulgadas\/wp-json\/wp\/v2\/tags?post=905"}],"curies":[{"name":"wp","href":"https:\/\/api.w.org\/{rel}","templated":true}]}}