{"id":105,"date":"2011-08-17T18:37:22","date_gmt":"2011-08-17T18:37:22","guid":{"rendered":"http:\/\/blogs.diariovasco.com\/airelibre\/?p=105"},"modified":"2011-08-17T18:37:22","modified_gmt":"2011-08-17T18:37:22","slug":"mundial_de_atletismo_barra_libre_pa_caga","status":"publish","type":"post","link":"https:\/\/blogs.diariovasco.com\/airelibre\/2011\/08\/17\/mundial_de_atletismo_barra_libre_pa_caga\/","title":{"rendered":"MUNDIAL DE ATLETISMO: BARRA LIBRE PA&#039;CAGARSE"},"content":{"rendered":"<div align=\"center\"><img loading=\"lazy\" class=\"alignnone\" src=\"\/\/i3.photobucket.com\/albums\/y99\/Piropillos\/cagarpapelhigienico.jpg\" alt=\"\" width=\"700\" height=\"490\" \/><\/div>\n<p>&nbsp;<\/p>\n<div><span style=\"font-size: 12pt;\"><span style=\"font-family: Calibri;\">Usted se\u00f1ora, usted caballero, no se lo piensen tanto y s\u00famense: \u00a1\u00a1C\u00e1guense en los Mundiales de Atletismo!!<\/span><\/span><\/div>\n<p>&nbsp;<\/p>\n<p>&nbsp;<\/p>\n<div><span style=\"font-size: 12pt;\"><span style=\"font-family: Calibri;\">Teledeporte, canal tem\u00e1tico de la televisi\u00f3n p\u00fablica espa\u00f1ola, no emite los Campeonatos del Mundo de Atletismo (Daegu, desde el 27 de agosto hasta el 4 de septiembre). A estas alturas no deber\u00edamos sorprendernos, el \u00edndice de popularidad del Atletismo lleva tiempo cayendo en picado; pero reconozco que cuando me enter\u00e9 me sorprend\u00ed. Co\u00f1o, hablamos de un Campeonato del Mundo, hablamos de unos atletas de relumbr\u00f3n que han hecho unas marcas de relumbr\u00f3n enfrent\u00e1ndose en la cita m\u00e1s importante del a\u00f1o. Eso s\u00ed, son marcas que casi en su totalidad han sido obviadas por los medios porque, ya se sabe, pudiendo hablar de <em>d\u00f3ping<\/em> para qu\u00e9 hablar de Atletismo, que es una cosa muy compleja que nadie entiende. Y perd\u00f3n si he ofendido a alg\u00fan ide\u00f3logo al separar ambos t\u00e9rminos en dos palabras distintas.<\/span><\/span><\/div>\n<p>&nbsp;<\/p>\n<p>&nbsp;<\/p>\n<div><span style=\"font-size: 12pt;\"><span style=\"font-family: Calibri;\">Lo interesante de este cagad\u00f3n es que TVE no tiene la culpa. Hombre, seguro que pueden hacer m\u00e1s pero no soy tonto y s\u00e9 que no est\u00e1 el horno para bollos, aunque ya me gustar\u00eda a m\u00ed conocer los entresijos (y los dineros) que hay detr\u00e1s de la decisi\u00f3n de no emitir los Mundiales, porque me vienen a la memoria las <a href=\"http:\/\/www.elperiodico.com\/resources\/pdf\/7\/9\/1281127722597.pdf\" target=\"_blank\" rel=\"external nofollow\">estad\u00edsticas de Teledeporte<\/a> tras los Europeos del a\u00f1o pasado y los datos no eran precisamente malos. A ver si alguien se est\u00e1 olvidando de que invertir en Atletismo tambi\u00e9n da dinero\u2026<\/span><\/span><\/div>\n<p>&nbsp;<\/p>\n<p>&nbsp;<\/p>\n<div><span style=\"font-family: Calibri;\"><span style=\"font-size: 12pt;\">El <\/span><span style=\"font-size: 12pt;\">caso<\/span><span style=\"font-size: 12pt;\"> es que hace un par de d\u00edas escrib\u00ed unas l\u00edneas a la defensora del espectador de TVE y estas son las amables palabras que me han contestado esta ma\u00f1ana:<\/span><\/span><\/div>\n<p>&nbsp;<\/p>\n<p>&nbsp;<\/p>\n<div>\n<p><span style=\"font-family: 'Arial', 'sans-serif';\"><span style=\"font-size: small;\">Estimado Sr. Hern\u00e1ndez:<\/span><\/span><\/p>\n<p><span style=\"font-family: 'Arial', 'sans-serif';\">Gracias por dirigirse a la Oficina de la Defensora con su consulta sobre los Mundiales de Atletismo. Hemos consultado con la Direcci\u00f3n de Deportes y, como usted apunta, no hemos comprado los mundiales de atletismo por la cifra que piden. La IAAF (Federaci\u00f3n Internacional) sol\u00eda negociar con Eurovisi\u00f3n que distribu\u00eda la se\u00f1al a toda Europa y prorrateaban el coste entre todos los miembros de la UER; sin embargo este a\u00f1o ha vendido los derechos a una productora sueca IEC para que \u00e9sta los negocie, televisi\u00f3n por televisi\u00f3n elevando as\u00ed el coste, que se ve incrementado al tratarse de competiciones nocturnas (por el cambio de hora) y los costes t\u00e9cnicos para traer la se\u00f1al desde Corea.<\/span><span style=\"font-size: small;\"><span style=\"font-family: Calibri;\"><br \/>\n<\/span><span style=\"font-family: 'Arial', 'sans-serif';\">Lamentamos no poder ofrecer en esta ocasi\u00f3n los Mundiales de Atletismo aunque la intenci\u00f3n de TVE era poder emitirlos.<\/span><\/span><span style=\"font-size: small;\"><span style=\"font-family: Calibri;\"><br \/>\n<\/span><span style=\"font-family: 'Arial', 'sans-serif';\">Agradecemos su inter\u00e9s en nuestras emisiones. Reciba un cordial saludo,<\/span><\/span><\/p>\n<p><span style=\"font-family: 'Arial', 'sans-serif';\">Oficina de la Defensora del espectador, oyente y usuario de medios interactivos de RTVE.<\/span><\/p>\n<\/div>\n<p>&nbsp;<\/p>\n<p>&nbsp;<\/p>\n<p>&nbsp;<\/p>\n<div><span style=\"font-size: 12pt;\"><span style=\"font-family: Calibri;\">Y es que, como dec\u00eda, lo interesante de esta cagada no es la mierda que nos llega del exterior \u2013<a href=\"http:\/\/www.as.com\/opinion\/articulo\/odriozola-sirve-iaaf\/20110813dasdaiopi_10\/Tes\" target=\"_blank\" rel=\"external nofollow\">que tambi\u00e9n<\/a>-, es la mierda que la propia IAAF est\u00e1 cagando sobre \u201csu\u201d propio deporte (aqu\u00ed podr\u00eda dedicar unos p\u00e1rrafos al <a href=\"http:\/\/blogs.diariovasco.com\/index.php\/correrxcorrer\/2011\/08\/11\/pistorius_no_deberia_correr_el_mundial\" target=\"_blank\">tema Pistorius<\/a>). Por la rapi\u00f1a y <em>el pan para hoy<\/em> de la IAAF, nos encontramos con televisiones p\u00fablicas que deciden no hacer frente al gasto de emitir el Mundial. Y como lo que no sale en la tele no existe, a ver c\u00f3mo le damos la vuelta a este mierd\u00f3n. Imposible.<\/span><\/span><\/div>\n<p>&nbsp;<\/p>\n<p>&nbsp;<\/p>\n<div><span style=\"font-size: 12pt;\"><span style=\"font-family: Calibri;\">En fin, la mierda a\u00fan no me llega a la boca, as\u00ed que mantengo el entusiasmo para decir que en Espa\u00f1a se podr\u00e1 ver el Mundial de Daegu a trav\u00e9s de EUROSPORT, siempre y cuando se tenga el canal en la tele, que no es mi caso. Espero salvar los muebles gracias a Internet. Seg\u00fan leo en otro foro, por el m\u00f3dico precio de 4.90\u20ac\/mes (a\u00fan tengo que informarme mejor) Eurosport tiene este canal <em>on-line<\/em> en el que se podr\u00e1 seguir el evento: http:\/\/www.eurosportplayer.es\/. Los aficionados que tampoco tengan el ancho de banda necesario que se echen a temblar. En mi casa sintonizo un par de canales p\u00fablicos franceses, quiz\u00e1 me saquen de alg\u00fan apuro. Y si todo falla, que no falte el papel higi\u00e9nico.<\/span><\/span><\/div>\n<p>&nbsp;<\/p>\n<p>&nbsp;<\/p>\n<!-- AddThis Advanced Settings generic via filter on the_content --><!-- AddThis Share Buttons generic via filter on the_content -->","protected":false},"excerpt":{"rendered":"<p>&nbsp; Usted se\u00f1ora, usted caballero, no se lo piensen tanto y s\u00famense: \u00a1\u00a1C\u00e1guense en los Mundiales de Atletismo!! &nbsp; &nbsp; Teledeporte, canal tem\u00e1tico de la televisi\u00f3n p\u00fablica espa\u00f1ola, no emite los Campeonatos del Mundo de Atletismo (Daegu, desde el 27 de agosto hasta el 4 de septiembre). A estas alturas no deber\u00edamos sorprendernos, el \u00edndice [&hellip;]<!-- AddThis Advanced Settings generic via filter on get_the_excerpt --><!-- AddThis Share Buttons generic via filter on get_the_excerpt --><\/p>\n","protected":false},"author":15,"featured_media":0,"comment_status":"open","ping_status":"closed","sticky":false,"template":"","format":"standard","meta":[],"categories":[2],"tags":[17],"_links":{"self":[{"href":"https:\/\/blogs.diariovasco.com\/airelibre\/wp-json\/wp\/v2\/posts\/105"}],"collection":[{"href":"https:\/\/blogs.diariovasco.com\/airelibre\/wp-json\/wp\/v2\/posts"}],"about":[{"href":"https:\/\/blogs.diariovasco.com\/airelibre\/wp-json\/wp\/v2\/types\/post"}],"author":[{"embeddable":true,"href":"https:\/\/blogs.diariovasco.com\/airelibre\/wp-json\/wp\/v2\/users\/15"}],"replies":[{"embeddable":true,"href":"https:\/\/blogs.diariovasco.com\/airelibre\/wp-json\/wp\/v2\/comments?post=105"}],"version-history":[{"count":0,"href":"https:\/\/blogs.diariovasco.com\/airelibre\/wp-json\/wp\/v2\/posts\/105\/revisions"}],"wp:attachment":[{"href":"https:\/\/blogs.diariovasco.com\/airelibre\/wp-json\/wp\/v2\/media?parent=105"}],"wp:term":[{"taxonomy":"category","embeddable":true,"href":"https:\/\/blogs.diariovasco.com\/airelibre\/wp-json\/wp\/v2\/categories?post=105"},{"taxonomy":"post_tag","embeddable":true,"href":"https:\/\/blogs.diariovasco.com\/airelibre\/wp-json\/wp\/v2\/tags?post=105"}],"curies":[{"name":"wp","href":"https:\/\/api.w.org\/{rel}","templated":true}]}}