{"id":107,"date":"2011-09-30T00:21:43","date_gmt":"2011-09-30T00:21:43","guid":{"rendered":"http:\/\/blogs.diariovasco.com\/airelibre\/?p=107"},"modified":"2011-09-30T00:21:43","modified_gmt":"2011-09-30T00:21:43","slug":"no_me_toques_los_fotones_yohan","status":"publish","type":"post","link":"https:\/\/blogs.diariovasco.com\/airelibre\/2011\/09\/30\/no_me_toques_los_fotones_yohan\/","title":{"rendered":"NO ME TOQUES LOS FOTONES, YOHAN"},"content":{"rendered":"<div align=\"center\"><span style=\"font-size: 12pt;\"><span style=\"font-family: Calibri;\"><img src=\"\/airelibre\/wp-content\/uploads\/sites\/6\/Blake_19.26_Bruselas_2011.jpg\" alt=\"\" border=\"3\" \/><\/span><\/span><\/div>\n<p>&nbsp;<\/p>\n<div><\/div>\n<p>&nbsp;<\/p>\n<div><span style=\"font-size: 12pt;\"><span style=\"font-family: Calibri;\">La comunidad cient\u00edfica anda estos d\u00edas con el patio revuelto. Ahora resulta que, salvo que todo sea un error sonrojante, el fot\u00f3n \u2013la luz, en lenguaje digerible- no es lo m\u00e1s r\u00e1pido del universo. El veloc\u00edsimo rival, el neutrino, con ese nombre de a m\u00ed no me mir\u00e9is que yo pasaba por aqu\u00ed, ha ganado la carrera seg\u00fan los cient\u00edficos del laboratorio de Gran Sasso (Italia). Y la cosa tiene miga porque si se confirmara se pone patas arriba uno de los pilares <em>incuestionables<\/em> de la F\u00edsica, aunque si se confirmase el error se confirmar\u00eda a su vez que algunos se est\u00e1n gastando una millonada en intentar quedar como los m\u00e1s listos de la clase. Y no est\u00e1 el horno para bollos.<\/span><\/span><\/div>\n<p>&nbsp;<\/p>\n<div><\/div>\n<p>&nbsp;<\/p>\n<div><span style=\"font-size: 12pt;\"><span style=\"font-family: Calibri;\">Desde la ignorancia yo me sumo al escepticismo general y me adhiero a la sospecha de que aqu\u00ed hay gato encerrado: o han calculado mal la distancia o han calculado mal el tiempo que el neutrino ha tardado en recorrerla. Habr\u00e1 que estar atentos a los siguientes cap\u00edtulos.<\/span><\/span><\/div>\n<p>&nbsp;<\/p>\n<div><\/div>\n<p>&nbsp;<\/p>\n<div><span style=\"font-size: 12pt;\"><span style=\"font-family: Calibri;\">Mientras los cient\u00edficos se aclaran yo voy a seguir con lo m\u00edo, jugando con los n\u00fameros que me regala el Atletismo. Y es que desde hace un par de semanas tenemos sobre la mesa nuestro propio neutrino, que ha dejado temblando los pilares intocables de nuestro fot\u00f3n particular. Hablo, lo dicen el t\u00edtulo y las fotos, del fot\u00f3n <strong>Usain Bolt<\/strong> y su r\u00e9cord de 19\u201d19 en los 200 metros, y hablo del neutrino <strong>Yohan Blake<\/strong>, compa\u00f1ero de entrenamientos de Bolt, y su inesperable\/inesperado <strong>19\u201d26<\/strong> del pasado 16 de septiembre en Bruselas.<\/span><\/span><\/div>\n<p>&nbsp;<\/p>\n<div><\/div>\n<p>&nbsp;<\/p>\n<div align=\"center\"><\/div>\n<p>&nbsp;<\/p>\n<div align=\"center\"><span style=\"font-size: 12pt;\"><img src=\"\/airelibre\/wp-content\/uploads\/sites\/6\/Blake_19.26_Bruselas_2011_Bolt_a.jpg\" alt=\"\" \/><\/span><\/div>\n<p>&nbsp;<\/p>\n<div><\/div>\n<p>&nbsp;<\/p>\n<div align=\"center\"><img src=\"\/airelibre\/wp-content\/uploads\/sites\/6\/Blake_19.26_Bruselas_2011_Bolt_b.jpg\" alt=\"\" \/><\/div>\n<p>&nbsp;<\/p>\n<div><\/div>\n<p>&nbsp;<\/p>\n<div><span style=\"font-size: 12pt;\"><span style=\"font-family: Calibri;\">En la Final Ol\u00edmpica de Atlanta\u20191996 <strong>Michael Johnson<\/strong> pulveriz\u00f3 su propio r\u00e9cord mundial (19\u201d66) de los 200 m. con una marca de 19\u201d32 que muchos cre\u00edmos que dominar\u00eda los listados durante d\u00e9cadas. Con la llegada, doce a\u00f1os despu\u00e9s, de un tipo de casi dos metros con registros estratosf\u00e9ricos desde ni\u00f1o en esa misma distancia, pero que reconvertido en velocista puro hab\u00eda corrido los 100 metros en 9\u201d6x todo cambi\u00f3. Y s\u00ed, Usain Bolt corri\u00f3 200 metros en 19\u201d30 con viento en contra y, un a\u00f1o m\u00e1s tarde, corri\u00f3 los 100 m. en 9\u201d58 y los 200 en 19\u201d19, tambi\u00e9n con ligero viento contrario.<\/span><\/span><\/div>\n<p>&nbsp;<\/p>\n<div><\/div>\n<p>&nbsp;<\/p>\n<div><span style=\"font-size: 12pt;\"><span style=\"font-family: Calibri;\">Cuando el pasado d\u00eda 16 Yohan Blake par\u00f3 el cron\u00f3metro en 19\u201d26 yo sent\u00ed que un martillo pil\u00f3n me golpeaba el cr\u00e1neo. Cuando minutos m\u00e1s tarde supe que su tiempo de reacci\u00f3n hab\u00eda sido un paup\u00e9rrimo 0\u201d269 me llev\u00e9 un susto del que a\u00fan no me he repuesto porque, descontados los parciales de la reacci\u00f3n, la carrera del neutrino es m\u00e1s r\u00e1pida que la del fot\u00f3n:<\/span><\/span><\/div>\n<p>&nbsp;<\/p>\n<div><\/div>\n<p>&nbsp;<\/p>\n<div align=\"center\"><span style=\"font-size: 12pt;\"><span style=\"font-family: Calibri;\">Yohan Blake: 19\u201d26 \u2013 0\u201d269 = <strong>18\u201d991<\/strong><\/span><\/span><\/div>\n<p>&nbsp;<\/p>\n<div align=\"center\"><span style=\"font-size: 12pt;\"><span style=\"font-family: Calibri;\">\u00a0\u00a0\u00a0 Usain Bolt: 19\u201d19 \u2013 0\u201d133 = 19\u201d057<\/span><\/span><\/div>\n<p>&nbsp;<\/p>\n<div align=\"center\"><\/div>\n<p>&nbsp;<\/p>\n<div align=\"center\"><span style=\"font-size: 12pt;\"><img src=\"\/airelibre\/wp-content\/uploads\/sites\/6\/Blake_19.26_Tacos_a.jpg\" alt=\"\" \/><\/span><\/div>\n<p>&nbsp;<\/p>\n<div><\/div>\n<p>&nbsp;<\/p>\n<div><span style=\"font-size: 12pt;\"><span style=\"font-family: Calibri;\">Es decir, Usain Bolt conserva su r\u00e9cord mundial porque Yohan Blake se qued\u00f3 dormido en el momento de echar a correr. Eso s\u00ed, cuando ech\u00f3 a correr\u2026 <a href=\"http:\/\/www.youtube.com\/watch?v=hJje3L9Yoak\" target=\"_blank\" rel=\"external nofollow\">vol\u00f3<\/a>.<\/span><\/span><\/div>\n<p>&nbsp;<\/p>\n<div><\/div>\n<p>&nbsp;<\/p>\n<div><span style=\"font-size: 12pt;\"><span style=\"font-family: Calibri;\">Y hay otra cuesti\u00f3n de esta carrera que me tiene mareado. Si Blake regal\u00f3 una d\u00e9cima en los tacos de salida y pas\u00f3 por los 100 metros casi a la par que <strong>Walter Dix<\/strong> (2\u00ba con 19\u201d53, que se coloca cuarto de todos los tiempos tras Bolt, Blake y Johnson), \u00bfqu\u00e9 parcial hizo Blake desde el 100 hasta el 200? Porque cuando un fot\u00f3n como Usain Bolt, con una marca de 9\u201d58 en 100 y un ramillete de registros sub 9\u201d80 y sub 19\u201d70 corre 200 metros en 9\u201d92 + 9\u201d27 = 19\u201d19 las cuentas salen. Cuando un fot\u00f3n como Michael Johnson, con una marca de 19\u201d66 y un ramillete de registros sub 44\u201d en el 400 corre los 200 m. en 10\u201d12 + 9\u201d20 = 19\u201d32 las cuentas salen (quiz\u00e1 lo m\u00e1s asombroso en la marca de Johnson fue el 10\u201d12). Pero cuando un neutrino que tiene 9\u201d82 y 19\u201d78 corre un 200 en 19\u201d26 <span style=\"text-decoration: underline;\">regalando una d\u00e9cima de segundo<\/span>\u2026 algo se tambalea, al menos dentro de mi cabeza.<\/span><\/span><\/div>\n<p>&nbsp;<\/p>\n<div><\/div>\n<p>&nbsp;<\/p>\n<div><span style=\"font-size: 12pt;\"><span style=\"font-family: Calibri;\">Han aparecido diferentes cifras de los parciales de Blake. Lamentablemente, me temo que nunca sabremos con exactitud c\u00f3mo reparti\u00f3 su esfuerzo. A esas cifras les falta, en mi opini\u00f3n, el aval de decirnos de d\u00f3nde han salido y c\u00f3mo han sido calculadas; porque las primeras que publicaron en dos art\u00edculos de un prestigioso diario de este pa\u00eds eran de risa. Ambos asumieron una errata que otorgaba a Blake un parcial de \u00a1\u00a1\u00a18\u201d14!!! y se quedaban tan anchos. Supongo que quer\u00edan decir 9\u201d14 o directamente alguien confundi\u00f3 las l\u00edneas del 100 y del 110. A la papelera. Despu\u00e9s, en el mismo peri\u00f3dico y sin citar ninguna fuente, nos ofrecieron un gr\u00e1fico en el que le atribuyen parciales de 10\u201d18 + <strong>9\u201d08<\/strong>, lo que rebajar\u00eda en 12 cent\u00e9simas los hasta ahora intocables 9\u201d20 de Michael Johnson y en 19 cent\u00e9simas los 9\u201d27 de Bolt el d\u00eda de su plusmarca. A saber, si no me dan m\u00e1s datos no me f\u00edo.<\/span><\/span><\/div>\n<p>&nbsp;<\/p>\n<div><\/div>\n<p>&nbsp;<\/p>\n<div><span style=\"font-size: 12pt;\"><span style=\"font-family: Calibri;\">Yo no s\u00e9 qu\u00e9 parcial hizo Blake pero s\u00ed s\u00e9 que lo que hizo no es normal, que no cuadra con nada de lo que conoc\u00edamos hasta ahora. Indaguemos las condiciones.<\/span><\/span><\/div>\n<p>&nbsp;<\/p>\n<div><\/div>\n<p>&nbsp;<\/p>\n<div><span style=\"font-size: 12pt;\"><span style=\"font-family: Calibri;\">El viento sopl\u00f3 a favor de la recta (que es lo que se mide) con una velocidad de 0.7 m\/s, un viento normalejo, que ayuda pero que tampoco explica nada. \u00bfQuiz\u00e1 en la curva (que ah\u00ed no se mide) soplaba un hurac\u00e1n a favor? Desde el frikismo de haber repasado el v\u00eddeo decenas de veces puedo afirmar que no. Tan solo corr\u00eda una brizna de aire a favor pero nada rese\u00f1able. Se aprecia vagamente en los conos indicadores del viento colocados junto al pasillo del salto con p\u00e9rtiga que tambi\u00e9n se disputaba a esa hora.<\/span><\/span><\/div>\n<p>&nbsp;<\/p>\n<div><\/div>\n<p>&nbsp;<\/p>\n<div align=\"center\"><span style=\"font-size: 12pt;\"><img src=\"\/airelibre\/wp-content\/uploads\/sites\/6\/Blake_19.26_viento-curva_a.jpg\" alt=\"\" \/><\/span><\/div>\n<p>&nbsp;<\/p>\n<div><\/div>\n<p>&nbsp;<\/p>\n<div><span style=\"font-size: 12pt;\"><span style=\"font-family: Calibri;\">Yohan Blake corri\u00f3 por la calle 7 de una pista excelente con una curva amplia y poca recta (125 m. + 75 m. si no me equivoco). Por la calle 8 Rondell Sorrillo sali\u00f3 como un cohete.\u00a0Y por la calle 6, como ya he dicho, Walter Dix fue por delante m\u00e1s de media carrera. El factor \u201cliebres\u201d debi\u00f3 favorecer la prestaci\u00f3n de Blake aunque, insisto, nunca como para explicar este registro de 19\u201d26.<\/span><\/span><\/div>\n<p>&nbsp;<\/p>\n<div><\/div>\n<p>&nbsp;<\/p>\n<div align=\"center\"><span style=\"font-size: 12pt;\"><img src=\"\/airelibre\/wp-content\/uploads\/sites\/6\/Blake_19.26_Bruselas_2011_a.jpg\" alt=\"\" \/><\/span><\/div>\n<p>&nbsp;<\/p>\n<div><\/div>\n<p>&nbsp;<\/p>\n<div><span style=\"font-size: 12pt;\"><span style=\"font-family: Calibri;\">En definitiva, llego a la conclusi\u00f3n de que ese 19\u201d26 es el resultado de la parte \u201cinvisible\u201d del Atletismo. Blake encontr\u00f3 las condiciones de carrera [casi] perfectas que hace dos a\u00f1os yo so\u00f1aba para Bolt: un estado de forma \u00f3ptimo, una pista <em>r\u00e1pida<\/em> por la mejor calle, algo de viento a favor, un rival achuchando\u2026 y a una sola carrera, porque los dos r\u00e9cords de Bolt en los 200 m. fueron hechos en la s\u00e9ptima carrera en seis d\u00edas\u2026 y con viento en contra.<\/span><\/span><\/div>\n<p>&nbsp;<\/p>\n<div><\/div>\n<p>&nbsp;<\/p>\n<div><span style=\"font-size: 12pt;\"><span style=\"font-family: Calibri;\">Esta marca tan extraordinaria abre otra puerta al futuro. Creo que Yohan Blake, como buen neutrino que ha corrido m\u00e1s r\u00e1pido que la luz, ha viajado hacia el pasado y nos ha mostrado su potencial <em>fot\u00f3nico<\/em> con un a\u00f1o de adelanto. Yo apuesto <span style=\"text-decoration: underline;\">hoy<\/span> que en 2012 (si no hay lesiones) vamos a verle en marcas sub 9\u201d70\/65 en 100 metros. Eso o dentro de dos temporadas le veremos rondar los 43\u201d en 400. Y por supuesto amenazando seriamente el r\u00e9cord de los 200. Y a\u00fan digo m\u00e1s, esta ins\u00f3lita lecci\u00f3n que le acaba de dar el neutrino al fot\u00f3n espero que sea bien aprovechada por Usain Bolt para atacar su propio r\u00e9cord mundial sabiendo que puede mejorarse con m\u00e1s margen del que pod\u00edamos imaginar.<\/span><\/span><\/div>\n<p>&nbsp;<\/p>\n<div><\/div>\n<p>&nbsp;<\/p>\n<div align=\"center\"><span style=\"font-size: 12pt;\"><img src=\"\/airelibre\/wp-content\/uploads\/sites\/6\/Blake_19.26_Bruselas_2011_Bolt_.jpg\" alt=\"\" \/><\/span><\/div>\n<!-- AddThis Advanced Settings generic via filter on the_content --><!-- AddThis Share Buttons generic via filter on the_content -->","protected":false},"excerpt":{"rendered":"<p>&nbsp; &nbsp; La comunidad cient\u00edfica anda estos d\u00edas con el patio revuelto. Ahora resulta que, salvo que todo sea un error sonrojante, el fot\u00f3n \u2013la luz, en lenguaje digerible- no es lo m\u00e1s r\u00e1pido del universo. El veloc\u00edsimo rival, el neutrino, con ese nombre de a m\u00ed no me mir\u00e9is que yo pasaba por aqu\u00ed, [&hellip;]<!-- AddThis Advanced Settings generic via filter on get_the_excerpt --><!-- AddThis Share Buttons generic via filter on get_the_excerpt --><\/p>\n","protected":false},"author":15,"featured_media":0,"comment_status":"open","ping_status":"closed","sticky":false,"template":"","format":"standard","meta":[],"categories":[2],"tags":[17,109],"_links":{"self":[{"href":"https:\/\/blogs.diariovasco.com\/airelibre\/wp-json\/wp\/v2\/posts\/107"}],"collection":[{"href":"https:\/\/blogs.diariovasco.com\/airelibre\/wp-json\/wp\/v2\/posts"}],"about":[{"href":"https:\/\/blogs.diariovasco.com\/airelibre\/wp-json\/wp\/v2\/types\/post"}],"author":[{"embeddable":true,"href":"https:\/\/blogs.diariovasco.com\/airelibre\/wp-json\/wp\/v2\/users\/15"}],"replies":[{"embeddable":true,"href":"https:\/\/blogs.diariovasco.com\/airelibre\/wp-json\/wp\/v2\/comments?post=107"}],"version-history":[{"count":0,"href":"https:\/\/blogs.diariovasco.com\/airelibre\/wp-json\/wp\/v2\/posts\/107\/revisions"}],"wp:attachment":[{"href":"https:\/\/blogs.diariovasco.com\/airelibre\/wp-json\/wp\/v2\/media?parent=107"}],"wp:term":[{"taxonomy":"category","embeddable":true,"href":"https:\/\/blogs.diariovasco.com\/airelibre\/wp-json\/wp\/v2\/categories?post=107"},{"taxonomy":"post_tag","embeddable":true,"href":"https:\/\/blogs.diariovasco.com\/airelibre\/wp-json\/wp\/v2\/tags?post=107"}],"curies":[{"name":"wp","href":"https:\/\/api.w.org\/{rel}","templated":true}]}}