{"id":380,"date":"2015-05-25T21:05:18","date_gmt":"2015-05-25T20:05:18","guid":{"rendered":"http:\/\/blogs.diariovasco.com\/airelibre\/?p=380"},"modified":"2015-05-25T21:05:18","modified_gmt":"2015-05-25T20:05:18","slug":"25-de-mayo-de-1935-el-dia-de-los-dias","status":"publish","type":"post","link":"https:\/\/blogs.diariovasco.com\/airelibre\/2015\/05\/25\/25-de-mayo-de-1935-el-dia-de-los-dias\/","title":{"rendered":"25 DE MAYO DE 1935: EL D\u00cdA DE LOS D\u00cdAS"},"content":{"rendered":"<p><a href=\"\/airelibre\/wp-content\/uploads\/sites\/6\/2015\/05\/JesseOwens_AnnArbor.jpg\"><img loading=\"lazy\" class=\"alignnone size-full wp-image-381\" title=\"Jesse Owens Ann Arbor\" src=\"\/airelibre\/wp-content\/uploads\/sites\/6\/2015\/05\/JesseOwens_AnnArbor.jpg\" alt=\"\" width=\"1024\" height=\"768\" srcset=\"https:\/\/static-blogs.diariovasco.com\/wp-content\/uploads\/sites\/6\/2015\/05\/JesseOwens_AnnArbor.jpg 1024w, https:\/\/static-blogs.diariovasco.com\/wp-content\/uploads\/sites\/6\/2015\/05\/JesseOwens_AnnArbor-300x225.jpg 300w, https:\/\/static-blogs.diariovasco.com\/wp-content\/uploads\/sites\/6\/2015\/05\/JesseOwens_AnnArbor-768x576.jpg 768w\" sizes=\"(max-width: 1024px) 100vw, 1024px\" \/><\/a><\/p>\n<p>&nbsp;<\/p>\n<p><a href=\"\/airelibre\/wp-content\/uploads\/sites\/6\/2015\/05\/JesseOwens_AnnArbor_a.jpg\"><img loading=\"lazy\" class=\"alignnone size-full wp-image-382\" title=\"Jesse Owens AnnArbor\" src=\"\/airelibre\/wp-content\/uploads\/sites\/6\/2015\/05\/JesseOwens_AnnArbor_a.jpg\" alt=\"\" width=\"1024\" height=\"682\" srcset=\"https:\/\/static-blogs.diariovasco.com\/wp-content\/uploads\/sites\/6\/2015\/05\/JesseOwens_AnnArbor_a.jpg 1024w, https:\/\/static-blogs.diariovasco.com\/wp-content\/uploads\/sites\/6\/2015\/05\/JesseOwens_AnnArbor_a-300x200.jpg 300w, https:\/\/static-blogs.diariovasco.com\/wp-content\/uploads\/sites\/6\/2015\/05\/JesseOwens_AnnArbor_a-768x512.jpg 768w\" sizes=\"(max-width: 1024px) 100vw, 1024px\" \/><\/a><\/p>\n<p>&nbsp;<\/p>\n<p>Jesse Owens es, quiz\u00e1, el atleta m\u00e1s legendario de todos los tiempos. Sus triunfos en los Juegos Ol\u00edmpicos de Berl\u00edn\u201936 le ubicaron en el pelda\u00f1o m\u00e1s alto del Olimpo deportivo. El contexto hist\u00f3rico de aquellos Juegos termin\u00f3 de forjar la \u00e9pica y la l\u00edrica de unos \u00e9xitos deportivos extraordinarios.<\/p>\n<p>&nbsp;<\/p>\n<p>En este blog ya he hablado alguna vez de Owens:<\/p>\n<p>&nbsp;<\/p>\n<p><a title=\"La mano negra de HItler\" href=\"https:\/\/blogs.diariovasco.com\/airelibre\/2009\/10\/05\/la_mano_negra_de_hitler\/\" target=\"_blank\">\u201cLa mano negra de Hitler\u201d<\/a><\/p>\n<p><a title=\"Jesse Owens a subasta\" href=\"https:\/\/blogs.diariovasco.com\/airelibre\/2013\/11\/18\/jesse-owens-a-subasta\/\" target=\"_blank\">\u201cJesse Owens a subasta\u201d<\/a><\/p>\n<p><a title=\"Jesse Owens, medallas a gog\u00f3\" href=\"https:\/\/blogs.diariovasco.com\/airelibre\/2013\/12\/16\/jesse-owens-medallas-a-gogo\/\" target=\"_blank\">\u201cJesse Owens, medallas a gog\u00f3\u201d<\/a><\/p>\n<p>&nbsp;<\/p>\n<p>Pero si es cierto que Owens se convirti\u00f3 en un icono del siglo XX en Berl\u00edn, su figura deportiva ya hab\u00eda alcanzado la inmortalidad un a\u00f1o antes, el 25 de mayo de 1935, en Ann Arbor, M\u00edchigan, cuando en el transcurso de 45 minutos igual\u00f3 o super\u00f3 cuatro r\u00e9cords mundiales (aunque le homologaron nada menos que seis al desdoblar en metros las plusmarcas conseguidas en yardas). Lo nunca visto entonces, lo nunca repetido. Lo irrepetible. EL D\u00cdA DE LOS D\u00cdAS.<\/p>\n<p>&nbsp;<\/p>\n<p>Se han cumplido 80 a\u00f1os de aquella gesta en la que, de propina, Owens se convirti\u00f3 en el primer atleta de la historia en saltar m\u00e1s de 8 metros en salto de longitud. Os animo a leer estos dos art\u00edculos para acercaros a la figura de Jesse Owens y \u201cal d\u00eda de los d\u00edas\u201d:<\/p>\n<p>&nbsp;<\/p>\n<p><a title=\"El d\u00eda que naci\u00f3 el ant\u00edlope de \u00e9bano\" href=\"http:\/\/www.soycobarde.com\/2014\/05\/recordamos-el-dia-que-nacio-el-antilope.html\" target=\"_blank\" rel=\"external nofollow\">\u201cEL D\u00cdA QUE NACI\u00d3 EL ANT\u00cdLOPE DE \u00c9BANO\u201d<\/a><\/p>\n<p><a title=\"El d\u00eda de los d\u00edas: los seis r\u00e9cords del gran Jesse Owens\" href=\"http:\/\/masdeporte.as.com\/masdeporte\/2015\/05\/25\/atletismo\/1432521417_478367.html\" target=\"_blank\" rel=\"external nofollow\">\u201cEL D\u00cdA DE LOS D\u00cdAS: LOS SEIS R\u00c9CORDS DEL GRAN JESSE OWENS\u201d<\/a><\/p>\n<p>&nbsp;<\/p>\n<p>Para contribuir un poco m\u00e1s, yo voy a aportar algunas im\u00e1genes de lo que sucedi\u00f3 aquel 25 de mayo de 1935.<\/p>\n<p>&nbsp;<\/p>\n<p>Foto de las 100 yardas<\/p>\n<p><a href=\"\/airelibre\/wp-content\/uploads\/sites\/6\/2015\/05\/JesseOwens_100y_25-5-1935.jpg\"><img loading=\"lazy\" class=\"alignnone size-full wp-image-383\" title=\"Jesse Owens 100 yardas\" src=\"\/airelibre\/wp-content\/uploads\/sites\/6\/2015\/05\/JesseOwens_100y_25-5-1935.jpg\" alt=\"\" width=\"724\" height=\"576\" srcset=\"https:\/\/static-blogs.diariovasco.com\/wp-content\/uploads\/sites\/6\/2015\/05\/JesseOwens_100y_25-5-1935.jpg 724w, https:\/\/static-blogs.diariovasco.com\/wp-content\/uploads\/sites\/6\/2015\/05\/JesseOwens_100y_25-5-1935-300x239.jpg 300w\" sizes=\"(max-width: 724px) 100vw, 724px\" \/><\/a><\/p>\n<p>&nbsp;<\/p>\n<p>Fotos del primer 8 metros de la historia<\/p>\n<p><a href=\"\/airelibre\/wp-content\/uploads\/sites\/6\/2015\/05\/Owens_8.13-quiza-25-5-1925a.jpg\"><img loading=\"lazy\" class=\"alignnone size-full wp-image-384\" title=\"Jesse Owens 8.13\" src=\"\/airelibre\/wp-content\/uploads\/sites\/6\/2015\/05\/Owens_8.13-quiza-25-5-1925a.jpg\" alt=\"\" width=\"759\" height=\"600\" srcset=\"https:\/\/static-blogs.diariovasco.com\/wp-content\/uploads\/sites\/6\/2015\/05\/Owens_8.13-quiza-25-5-1925a.jpg 759w, https:\/\/static-blogs.diariovasco.com\/wp-content\/uploads\/sites\/6\/2015\/05\/Owens_8.13-quiza-25-5-1925a-300x237.jpg 300w\" sizes=\"(max-width: 759px) 100vw, 759px\" \/><\/a><\/p>\n<p>&nbsp;<\/p>\n<p><a href=\"\/airelibre\/wp-content\/uploads\/sites\/6\/2015\/05\/Owens_8.13-quiza-25-5-1925d.jpg\"><img loading=\"lazy\" class=\"alignnone size-full wp-image-385\" title=\"Jesse Owens 8.13\" src=\"\/airelibre\/wp-content\/uploads\/sites\/6\/2015\/05\/Owens_8.13-quiza-25-5-1925d.jpg\" alt=\"\" width=\"1600\" height=\"1174\" srcset=\"https:\/\/static-blogs.diariovasco.com\/wp-content\/uploads\/sites\/6\/2015\/05\/Owens_8.13-quiza-25-5-1925d.jpg 1600w, https:\/\/static-blogs.diariovasco.com\/wp-content\/uploads\/sites\/6\/2015\/05\/Owens_8.13-quiza-25-5-1925d-300x220.jpg 300w, https:\/\/static-blogs.diariovasco.com\/wp-content\/uploads\/sites\/6\/2015\/05\/Owens_8.13-quiza-25-5-1925d-768x564.jpg 768w, https:\/\/static-blogs.diariovasco.com\/wp-content\/uploads\/sites\/6\/2015\/05\/Owens_8.13-quiza-25-5-1925d-1024x751.jpg 1024w\" sizes=\"(max-width: 1600px) 100vw, 1600px\" \/><\/a><\/p>\n<p>&nbsp;<\/p>\n<p>Fotos de las 220 yardas<\/p>\n<p><a href=\"\/airelibre\/wp-content\/uploads\/sites\/6\/2015\/05\/JesseOwens_220y_25-5-1935.jpg\"><img loading=\"lazy\" class=\"alignnone size-full wp-image-386\" title=\"Jesse Owens 220 yardas\" src=\"\/airelibre\/wp-content\/uploads\/sites\/6\/2015\/05\/JesseOwens_220y_25-5-1935.jpg\" alt=\"\" width=\"750\" height=\"598\" srcset=\"https:\/\/static-blogs.diariovasco.com\/wp-content\/uploads\/sites\/6\/2015\/05\/JesseOwens_220y_25-5-1935.jpg 750w, https:\/\/static-blogs.diariovasco.com\/wp-content\/uploads\/sites\/6\/2015\/05\/JesseOwens_220y_25-5-1935-300x239.jpg 300w\" sizes=\"(max-width: 750px) 100vw, 750px\" \/><\/a><\/p>\n<p>&nbsp;<\/p>\n<p><a href=\"\/airelibre\/wp-content\/uploads\/sites\/6\/2015\/05\/JesseOwens_220y_25-5-1935b.jpg\"><img loading=\"lazy\" class=\"alignnone size-full wp-image-387\" title=\"Jesse Owens 220 yardas a\" src=\"\/airelibre\/wp-content\/uploads\/sites\/6\/2015\/05\/JesseOwens_220y_25-5-1935b.jpg\" alt=\"\" width=\"625\" height=\"480\" srcset=\"https:\/\/static-blogs.diariovasco.com\/wp-content\/uploads\/sites\/6\/2015\/05\/JesseOwens_220y_25-5-1935b.jpg 625w, https:\/\/static-blogs.diariovasco.com\/wp-content\/uploads\/sites\/6\/2015\/05\/JesseOwens_220y_25-5-1935b-300x230.jpg 300w\" sizes=\"(max-width: 625px) 100vw, 625px\" \/><\/a><\/p>\n<p>&nbsp;<\/p>\n<p><a href=\"\/airelibre\/wp-content\/uploads\/sites\/6\/2015\/05\/JesseOwens_220y_25-5-1935a.jpg\"><img loading=\"lazy\" class=\"alignnone size-full wp-image-388\" title=\"Jesse Owens 220 yardas b\" src=\"\/airelibre\/wp-content\/uploads\/sites\/6\/2015\/05\/JesseOwens_220y_25-5-1935a.jpg\" alt=\"\" width=\"850\" height=\"689\" srcset=\"https:\/\/static-blogs.diariovasco.com\/wp-content\/uploads\/sites\/6\/2015\/05\/JesseOwens_220y_25-5-1935a.jpg 850w, https:\/\/static-blogs.diariovasco.com\/wp-content\/uploads\/sites\/6\/2015\/05\/JesseOwens_220y_25-5-1935a-300x243.jpg 300w, https:\/\/static-blogs.diariovasco.com\/wp-content\/uploads\/sites\/6\/2015\/05\/JesseOwens_220y_25-5-1935a-768x623.jpg 768w\" sizes=\"(max-width: 850px) 100vw, 850px\" \/><\/a><\/p>\n<p>&nbsp;<\/p>\n<p>No tengo fotos de la carrera de las 220 yardas vallas. Si se busca en google se repite mucho una foto pero es de otra carrera. Obviamente, si alguien conoce alguna imagen de esta carrera estoy interesado.<\/p>\n<p>&nbsp;<\/p>\n<p>Han pasado 80 a\u00f1os de una de las p\u00e1ginas m\u00e1s hermosas de la historia del Atletismo. El d\u00eda de los d\u00edas que nos regal\u00f3 Jesse Owens.<\/p>\n<p>&nbsp;<\/p>\n<p>&nbsp;<\/p>\n<!-- AddThis Advanced Settings generic via filter on the_content --><!-- AddThis Share Buttons generic via filter on the_content -->","protected":false},"excerpt":{"rendered":"<p>&nbsp; &nbsp; Jesse Owens es, quiz\u00e1, el atleta m\u00e1s legendario de todos los tiempos. Sus triunfos en los Juegos Ol\u00edmpicos de Berl\u00edn\u201936 le ubicaron en el pelda\u00f1o m\u00e1s alto del Olimpo deportivo. El contexto hist\u00f3rico de aquellos Juegos termin\u00f3 de forjar la \u00e9pica y la l\u00edrica de unos \u00e9xitos deportivos extraordinarios. &nbsp; En este blog [&hellip;]<!-- AddThis Advanced Settings generic via filter on get_the_excerpt --><!-- AddThis Share Buttons generic via filter on get_the_excerpt --><\/p>\n","protected":false},"author":15,"featured_media":0,"comment_status":"open","ping_status":"closed","sticky":false,"template":"","format":"standard","meta":[],"categories":[2],"tags":[49],"_links":{"self":[{"href":"https:\/\/blogs.diariovasco.com\/airelibre\/wp-json\/wp\/v2\/posts\/380"}],"collection":[{"href":"https:\/\/blogs.diariovasco.com\/airelibre\/wp-json\/wp\/v2\/posts"}],"about":[{"href":"https:\/\/blogs.diariovasco.com\/airelibre\/wp-json\/wp\/v2\/types\/post"}],"author":[{"embeddable":true,"href":"https:\/\/blogs.diariovasco.com\/airelibre\/wp-json\/wp\/v2\/users\/15"}],"replies":[{"embeddable":true,"href":"https:\/\/blogs.diariovasco.com\/airelibre\/wp-json\/wp\/v2\/comments?post=380"}],"version-history":[{"count":0,"href":"https:\/\/blogs.diariovasco.com\/airelibre\/wp-json\/wp\/v2\/posts\/380\/revisions"}],"wp:attachment":[{"href":"https:\/\/blogs.diariovasco.com\/airelibre\/wp-json\/wp\/v2\/media?parent=380"}],"wp:term":[{"taxonomy":"category","embeddable":true,"href":"https:\/\/blogs.diariovasco.com\/airelibre\/wp-json\/wp\/v2\/categories?post=380"},{"taxonomy":"post_tag","embeddable":true,"href":"https:\/\/blogs.diariovasco.com\/airelibre\/wp-json\/wp\/v2\/tags?post=380"}],"curies":[{"name":"wp","href":"https:\/\/api.w.org\/{rel}","templated":true}]}}