{"id":614,"date":"2018-06-11T13:03:46","date_gmt":"2018-06-11T12:03:46","guid":{"rendered":"http:\/\/blogs.diariovasco.com\/airelibre\/?p=614"},"modified":"2018-06-12T18:24:15","modified_gmt":"2018-06-12T17:24:15","slug":"juan-miguel-echevarria-sonando-a-lo-grande","status":"publish","type":"post","link":"https:\/\/blogs.diariovasco.com\/airelibre\/2018\/06\/11\/juan-miguel-echevarria-sonando-a-lo-grande\/","title":{"rendered":"JUAN MIGUEL ECHEVARR\u00cdA, SO\u00d1ANDO A LO GRANDE"},"content":{"rendered":"<p><img loading=\"lazy\" class=\"alignnone size-full wp-image-615\" src=\"https:\/\/static-blogs.diariovasco.com\/wp-content\/uploads\/sites\/6\/2018\/06\/Echevarria_883w.jpg\" alt=\"Echevarr\u00eda 8.83w\" width=\"972\" height=\"592\" srcset=\"https:\/\/static-blogs.diariovasco.com\/wp-content\/uploads\/sites\/6\/2018\/06\/Echevarria_883w.jpg 972w, https:\/\/static-blogs.diariovasco.com\/wp-content\/uploads\/sites\/6\/2018\/06\/Echevarria_883w-300x183.jpg 300w, https:\/\/static-blogs.diariovasco.com\/wp-content\/uploads\/sites\/6\/2018\/06\/Echevarria_883w-768x468.jpg 768w, https:\/\/static-blogs.diariovasco.com\/wp-content\/uploads\/sites\/6\/2018\/06\/Echevarria_883w-628x382.jpg 628w\" sizes=\"(max-width: 972px) 100vw, 972px\" \/><\/p>\n<p>Este fin de semana de junio, el mundillo del Atletismo ha asistido al menos a dos registros de relumbr\u00f3n, de los de marcar \u00e9poca. Dos marcas de esas que hace dos y tres d\u00e9cadas habr\u00edan sido cabecera de Telediario en Espa\u00f1a, sin implicar a atletas espa\u00f1oles, o, cuando menos, noticia destacada en la secci\u00f3n dedicada a los deportes. Hoy en d\u00eda solo son carne del Twitter m\u00e1s especializado o rincones en la generosamente denominada prensa deportiva.<\/p>\n<p>Me estoy refiriendo a los 47\u201d02 en la prueba de los 400 metros vallas realizados por el atleta de Antigua y Barbuda <strong>Rai Benjamin<\/strong>, y a los 8,83 metros (ventosos +2.1) en el salto de longitud logrados por el cubano <strong>Juan Miguel Echevarr\u00eda<\/strong>. Registros asombrosos hechos por dos j\u00f3venes de 20 y 19 a\u00f1os respectivamente.<\/p>\n<p>Son marcas que nos llevan a otro tiempo. Los 47\u201d02 de Benjamin igualan el segundo mejor registro de todos los tiempos y alcanzan nada menos que a <strong>EDWIN MOSES<\/strong>, uno de los nombres m\u00e1s sagrados del Atletismo universal, que hizo 47\u201d02 all\u00e1 por 1983. El r\u00e9cord del mundo, los 46\u201d78 de <strong>Kevin Young<\/strong> en la final de los Juegos Ol\u00edmpicos de Barcelona 92, se ponen a tiro por primera vez en un cuarto de siglo.<\/p>\n<p><iframe loading=\"lazy\" src=\"https:\/\/www.youtube.com\/embed\/Rj11zLz_jnI\" width=\"560\" height=\"315\" frameborder=\"0\" allowfullscreen=\"allowfullscreen\"><\/iframe><\/p>\n<p>Quienes segu\u00eds este blog sab\u00e9is que el salto de longitud es mi debilidad, as\u00ed que c\u00f3mo describir en pocas palabras la sacudida que sent\u00ed cuando ayer vi en directo el salto de 8,83 metros de Juan Miguel Echevarr\u00eda. Ventoso, s\u00ed, +2.1, s\u00ed, pero qu\u00e9 salto, qu\u00e9 vuelo, qu\u00e9 momento para la emoci\u00f3n.<\/p>\n<p>En el mes de marzo Echevarr\u00eda gan\u00f3 el Mundial Indoor de Birmingham con una marca de 8.46, pero nos regal\u00f3 alg\u00fan nulo de esos que aunque no sirven <em>para nada<\/em> porque no aparecer\u00e1n en ning\u00fan listado, s\u00ed se quedan en la retina y sirven para saber que hay materia prima. Desde aquel d\u00eda, cada vez que le he visto saltar, espero GRANDES cosas de \u00e9l. El 31 de mayo ya salt\u00f3 8,53 metros (+0.5). Pero desde el vuelo de ayer ya no espero grandes cosas; desde ayer sue\u00f1o a lo grande.<\/p>\n<p>No se pierdan los v\u00eddeos:<\/p>\n<p><iframe loading=\"lazy\" src=\"https:\/\/www.youtube.com\/embed\/5gKnrLK9f4o\" width=\"560\" height=\"315\" frameborder=\"0\" allowfullscreen=\"allowfullscreen\"><\/iframe><\/p>\n<p><iframe loading=\"lazy\" src=\"https:\/\/www.youtube.com\/embed\/ZGNOEcsrAMc\" width=\"560\" height=\"315\" frameborder=\"0\" allowfullscreen=\"allowfullscreen\"><\/iframe><\/p>\n<p>Esa brizna de aire que ha invalidado la marca (con +2.0 ser\u00eda legal) ha impedido a Echevarr\u00eda colocarse 5\u00ba de todos los tiempos detr\u00e1s de Mike Powell (8,95), Bob Beamon (8,90A), Carl Lewis (8,87) y Robert Emmiyan(8,86A). Como ya he dicho, con Echevarr\u00eda estoy so\u00f1ando a lo grande y asumo que es cuesti\u00f3n de tiempo, de poco tiempo, verle ratificar esta marca con viento legal.<\/p>\n<p>Esta tabla nos muestra todos los saltos v\u00e1lidos, legales e ilegales por viento, por encima de 8.80 metros. \u00a1\u00a1\u00a1Echevarr\u00eda se ha metido en una lista que no se mov\u00eda desde 1995!!!<\/p>\n<p><img loading=\"lazy\" class=\"alignnone size-full wp-image-616\" src=\"https:\/\/static-blogs.diariovasco.com\/wp-content\/uploads\/sites\/6\/2018\/06\/Longitud_Saltos880-90_actualizado.jpg\" alt=\"Longitud m\u00e1s all\u00e1 de 8.80\" width=\"800\" height=\"486\" srcset=\"https:\/\/static-blogs.diariovasco.com\/wp-content\/uploads\/sites\/6\/2018\/06\/Longitud_Saltos880-90_actualizado.jpg 800w, https:\/\/static-blogs.diariovasco.com\/wp-content\/uploads\/sites\/6\/2018\/06\/Longitud_Saltos880-90_actualizado-300x182.jpg 300w, https:\/\/static-blogs.diariovasco.com\/wp-content\/uploads\/sites\/6\/2018\/06\/Longitud_Saltos880-90_actualizado-768x467.jpg 768w, https:\/\/static-blogs.diariovasco.com\/wp-content\/uploads\/sites\/6\/2018\/06\/Longitud_Saltos880-90_actualizado-628x382.jpg 628w\" sizes=\"(max-width: 800px) 100vw, 800px\" \/><\/p>\n<p>Y so\u00f1ar a lo grande en el salto de longitud me pone a m\u00ed como aficionado, pero sobre todo le pone a \u00e9l como saltador, ante seis retos:<\/p>\n<ul>\n<li>La barrera de los 8,80<\/li>\n<li>La barrera de los 29 pies (8,84)<\/li>\n<li>El \u201cOcho Noventa\u201d de Bob Beamon<\/li>\n<li>El r\u00e9cord del mundo: los 8,95 de Mike Powell<\/li>\n<li>La barrera de los 9 metros<\/li>\n<li>La barrera de los 30 pies (9,14)<\/li>\n<\/ul>\n<p>En mi opini\u00f3n, los \u00fanicos referentes v\u00e1lidos para comparar lo que hizo ayer Echevarr\u00eda los encontramos en <strong>Iv\u00e1n Pedroso<\/strong> y <strong>Carl Lewis<\/strong>.<\/p>\n<p>En 1981 Carl Lewis salt\u00f3 8,63 (+2.1) con 19 a\u00f1os. Carl Lewis era mucho Carl Lewis y 41 d\u00edas m\u00e1s tarde se quit\u00f3 la espina con un salto legal de 8,62 (+0.8) que habr\u00eda sido r\u00e9cord del mundo si los \u201cOcho Noventa\u201d de Bob Beamon no hubieran reventado la prueba en 1968. Este 8,62 de Carl Lewis sigue siendo la mejor marca de todos los tiempos de un atleta menor de 20 a\u00f1os. Parece mentira que, por fin, est\u00e9 realmente amenazada treinta y siete a\u00f1os despu\u00e9s.<\/p>\n<p>No voy a extenderme con todo lo que logr\u00f3 Carl Lewis en el salto de longitud porque ya lo hice <a href=\"https:\/\/blogs.diariovasco.com\/airelibre\/2017\/09\/03\/carl-lewis-y-los-30-pies-2\/\">aqu\u00ed<\/a> o <a href=\"https:\/\/blogs.diariovasco.com\/airelibre\/2011\/07\/01\/carl_lewis_volador_2011\/\">aqu\u00ed<\/a>.<\/p>\n<p>En 1992 Iv\u00e1n Pedroso salt\u00f3 8,79 (+3.0) en La Habana, tambi\u00e9n a los 19 a\u00f1os. A Pedroso le cost\u00f3 m\u00e1s que a Lewis refrendar los registros gigantescos y se qued\u00f3 con un 8,71 (+1.9), hecho en 1995, como mejor marca personal. Para saber m\u00e1s sobre los grandes saltos de Pedroso pincha <a href=\"https:\/\/blogs.diariovasco.com\/airelibre\/2016\/01\/26\/ivan-pedroso-mas-alla-de-los-9-metros\/\">aqu\u00ed<\/a>.<\/p>\n<p>Lo que vimos ayer creo que supera en cierta manera lo que hicieron Lewis y Pedroso a los 19 a\u00f1os. Bueno, \u00a1\u00a1\u00a1es que son 20 cent\u00edmetros m\u00e1s que lo que salt\u00f3 Carl Lewis con +2.1!!! Creo que Echevarr\u00eda est\u00e1 llamando a la puerta de los m\u00e1s grandes. Adem\u00e1s, por primera vez en a\u00f1os el salto de longitud tiene a varios atletas para motivarse en las grandes distancias y las marcas van a llegar. Echevarr\u00eda, Manyonga y alguno m\u00e1s nos van a regalar grandes duelos y grandes registros, estoy seguro.<\/p>\n<p>Como dec\u00eda, creo que Lewis y Pedroso siguen siendo los referentes universales de la prueba, tanto por esos registros a los 19 a\u00f1os como por todo lo que consiguieron despu\u00e9s. Y eso que tanto uno como el otro dieron m\u00e1s importancia a ganar t\u00edtulos que a buscar las grandes marcas. O como consta en el art\u00edculo sobre Pedroso, siempre que lo intent\u00f3 fueron saltos nulos. No as\u00ed <strong>Mike Powell<\/strong> \u2013el tercero en discordia\u2013 que varias veces subi\u00f3 a la altitud de Sestriere buscando el vuelo infinito y lleg\u00f3 a 8.99A (+4.4), el salto v\u00e1lido medido reglamentariamente m\u00e1s largo de la historia.<\/p>\n<p>Ahora nos toca esperar para ver qu\u00e9 decisiones toman Echevarr\u00eda y su entorno. \u00bfMedallas, r\u00e9cords? \u00bfAltitud, nivel del mar? \u00bfEstamos ante el Bolt de la longitud y le veremos hacer r\u00e9cords mientras gana medallas? \u00bfMe despertar\u00e9 del sue\u00f1o y nada de nada?&#8230;<\/p>\n<p>Si no hay cambio de planes, Juan Miguel Echevarr\u00eda saltar\u00e1 el pr\u00f3ximo 5 de julio en Guadalajara. Es jueves, yo no podr\u00e9 estar all\u00ed en vivo pero lo ver\u00e9 por Teledeporte en directo. Tonto el que se lo pierda.<\/p>\n<p>&nbsp;<\/p>\n<p>&nbsp;<\/p>\n<!-- AddThis Advanced Settings generic via filter on the_content --><!-- AddThis Share Buttons generic via filter on the_content -->","protected":false},"excerpt":{"rendered":"<p>Este fin de semana de junio, el mundillo del Atletismo ha asistido al menos a dos registros de relumbr\u00f3n, de los de marcar \u00e9poca. Dos marcas de esas que hace dos y tres d\u00e9cadas habr\u00edan sido cabecera de Telediario en Espa\u00f1a, sin implicar a atletas espa\u00f1oles, o, cuando menos, noticia destacada en la secci\u00f3n dedicada [&hellip;]<!-- AddThis Advanced Settings generic via filter on get_the_excerpt --><!-- AddThis Share Buttons generic via filter on get_the_excerpt --><\/p>\n","protected":false},"author":15,"featured_media":0,"comment_status":"open","ping_status":"closed","sticky":false,"template":"","format":"standard","meta":[],"categories":[2],"tags":[20,24,47,128,58,130,129,132,92],"_links":{"self":[{"href":"https:\/\/blogs.diariovasco.com\/airelibre\/wp-json\/wp\/v2\/posts\/614"}],"collection":[{"href":"https:\/\/blogs.diariovasco.com\/airelibre\/wp-json\/wp\/v2\/posts"}],"about":[{"href":"https:\/\/blogs.diariovasco.com\/airelibre\/wp-json\/wp\/v2\/types\/post"}],"author":[{"embeddable":true,"href":"https:\/\/blogs.diariovasco.com\/airelibre\/wp-json\/wp\/v2\/users\/15"}],"replies":[{"embeddable":true,"href":"https:\/\/blogs.diariovasco.com\/airelibre\/wp-json\/wp\/v2\/comments?post=614"}],"version-history":[{"count":4,"href":"https:\/\/blogs.diariovasco.com\/airelibre\/wp-json\/wp\/v2\/posts\/614\/revisions"}],"predecessor-version":[{"id":621,"href":"https:\/\/blogs.diariovasco.com\/airelibre\/wp-json\/wp\/v2\/posts\/614\/revisions\/621"}],"wp:attachment":[{"href":"https:\/\/blogs.diariovasco.com\/airelibre\/wp-json\/wp\/v2\/media?parent=614"}],"wp:term":[{"taxonomy":"category","embeddable":true,"href":"https:\/\/blogs.diariovasco.com\/airelibre\/wp-json\/wp\/v2\/categories?post=614"},{"taxonomy":"post_tag","embeddable":true,"href":"https:\/\/blogs.diariovasco.com\/airelibre\/wp-json\/wp\/v2\/tags?post=614"}],"curies":[{"name":"wp","href":"https:\/\/api.w.org\/{rel}","templated":true}]}}