{"id":622,"date":"2018-06-15T19:05:34","date_gmt":"2018-06-15T18:05:34","guid":{"rendered":"http:\/\/blogs.diariovasco.com\/airelibre\/?p=622"},"modified":"2018-06-18T17:52:20","modified_gmt":"2018-06-18T16:52:20","slug":"juan-miguel-echevarria-sonando-poco-a-poco","status":"publish","type":"post","link":"https:\/\/blogs.diariovasco.com\/airelibre\/2018\/06\/15\/juan-miguel-echevarria-sonando-poco-a-poco\/","title":{"rendered":"JUAN MIGUEL ECHEVARR\u00cdA, SO\u00d1ANDO POCO A POCO"},"content":{"rendered":"<p><iframe loading=\"lazy\" src=\"https:\/\/www.youtube.com\/embed\/eQYNyO7XH3M\" width=\"560\" height=\"315\" frameborder=\"0\" allowfullscreen=\"allowfullscreen\"><\/iframe><\/p>\n<p>Este lunes publiqu\u00e9 un post titulado <a href=\"https:\/\/blogs.diariovasco.com\/airelibre\/2018\/06\/11\/juan-miguel-echevarria-sonando-a-lo-grande\/\">\u201cJuan Miguel Echevarr\u00eda, so\u00f1ando a lo grande\u201d<\/a> en el que me dej\u00e9 llevar por la emoci\u00f3n de haber visto su salto de 8.83 metros (+2.1), un vuelo al que nadie se ha acercado, en ninguna condici\u00f3n de viento o altitud, desde 1995. Me embriagu\u00e9 de ilusi\u00f3n y plante\u00e9 los posibles retos que puede tener por delante (en lo que a marcas se refiere) un atleta que ha llegado a esos registros a la edad de 19 a\u00f1os.<\/p>\n<p>Tras la competici\u00f3n del domingo en Estocolmo, Echevarr\u00eda reapareci\u00f3 el mi\u00e9rcoles en Ostrava (Rep\u00fablica Checa). Y en Ostrava tambi\u00e9n sucedieron algunas cosas por las que merecen mantener el entusiasmo.<\/p>\n<p>Este mi\u00e9rcoles, en Ostrava, Juan Miguel Echevarr\u00eda, realiz\u00f3 una serie asombrosa: 8,40 (-1.0) \/ 8,54 (+0.3) \/ 8,66 (+1.0) \/ &#8211; \/ 8,54 (-1.6) \/ x \/<\/p>\n<p><img loading=\"lazy\" class=\"alignnone size-full wp-image-623\" src=\"https:\/\/static-blogs.diariovasco.com\/wp-content\/uploads\/sites\/6\/2018\/06\/Echevarria_8.66_Ostrava2018.jpg\" alt=\"Juan Miguel Echevarr\u00eda serie Ostrava 2018\" width=\"1031\" height=\"656\" srcset=\"https:\/\/static-blogs.diariovasco.com\/wp-content\/uploads\/sites\/6\/2018\/06\/Echevarria_8.66_Ostrava2018.jpg 1031w, https:\/\/static-blogs.diariovasco.com\/wp-content\/uploads\/sites\/6\/2018\/06\/Echevarria_8.66_Ostrava2018-300x191.jpg 300w, https:\/\/static-blogs.diariovasco.com\/wp-content\/uploads\/sites\/6\/2018\/06\/Echevarria_8.66_Ostrava2018-768x489.jpg 768w, https:\/\/static-blogs.diariovasco.com\/wp-content\/uploads\/sites\/6\/2018\/06\/Echevarria_8.66_Ostrava2018-628x400.jpg 628w\" sizes=\"(max-width: 1031px) 100vw, 1031px\" \/><\/p>\n<p>Echevarr\u00eda lleg\u00f3 con una mejor marca de 8,53 metros y se march\u00f3 con dos saltos de 8,54 y uno de 8,66. Y pas\u00f3 del puesto 20\u00ba de todos los tiempos al puesto 11\u00ba igualado con el 10\u00ba. As\u00ed est\u00e1 en este momento el r\u00e1nking de todos los tiempos a una marca por atleta:<\/p>\n<p><img loading=\"lazy\" class=\"alignnone size-full wp-image-624\" src=\"https:\/\/static-blogs.diariovasco.com\/wp-content\/uploads\/sites\/6\/2018\/06\/Longitud_Ranking.jpg\" alt=\"Salto de longitud R\u00e1nking a 15\/6\/2018\" width=\"900\" height=\"507\" srcset=\"https:\/\/static-blogs.diariovasco.com\/wp-content\/uploads\/sites\/6\/2018\/06\/Longitud_Ranking.jpg 900w, https:\/\/static-blogs.diariovasco.com\/wp-content\/uploads\/sites\/6\/2018\/06\/Longitud_Ranking-300x169.jpg 300w, https:\/\/static-blogs.diariovasco.com\/wp-content\/uploads\/sites\/6\/2018\/06\/Longitud_Ranking-768x433.jpg 768w, https:\/\/static-blogs.diariovasco.com\/wp-content\/uploads\/sites\/6\/2018\/06\/Longitud_Ranking-628x354.jpg 628w\" sizes=\"(max-width: 900px) 100vw, 900px\" \/><\/p>\n<p>Y estos son los espectaculares resultados que Echevarr\u00eda lleva conseguidos durante este a\u00f1o 2018, en pista cubierta y al aire libre:<\/p>\n<p><img loading=\"lazy\" class=\"alignnone size-full wp-image-628\" src=\"https:\/\/static-blogs.diariovasco.com\/wp-content\/uploads\/sites\/6\/2018\/06\/Echevarria_a\u00f1o_a.jpg\" alt=\"Juan Miguel Echevarr\u00eda resultados 2018\" width=\"850\" height=\"715\" srcset=\"https:\/\/static-blogs.diariovasco.com\/wp-content\/uploads\/sites\/6\/2018\/06\/Echevarria_a\u00f1o_a.jpg 850w, https:\/\/static-blogs.diariovasco.com\/wp-content\/uploads\/sites\/6\/2018\/06\/Echevarria_a\u00f1o_a-300x252.jpg 300w, https:\/\/static-blogs.diariovasco.com\/wp-content\/uploads\/sites\/6\/2018\/06\/Echevarria_a\u00f1o_a-768x646.jpg 768w, https:\/\/static-blogs.diariovasco.com\/wp-content\/uploads\/sites\/6\/2018\/06\/Echevarria_a\u00f1o_a-628x528.jpg 628w\" sizes=\"(max-width: 850px) 100vw, 850px\" \/><\/p>\n<p>Aunque a\u00fan no ha alcanzado ninguno de los puntos de la lista que puse \u201cso\u00f1ando a lo grande\u201d, s\u00ed ha superado dos cotas importantes:<\/p>\n<p>Por un lado supera la barrera de los 8.60 y por otro consigue la mejor marca de todos los tiempos para un atleta menor de 20 a\u00f1os. Ese r\u00e9cord pertenec\u00eda a Carl Lewis desde 1981. No es un dato menor.<\/p>\n<p>Para dar m\u00e1s brillo a lo que este chico de 19 a\u00f1os est\u00e1 logrando estos d\u00edas, otro dato interesante es que solo cinco atletas a lo largo de la historia del Atletismo han hecho tres saltos v\u00e1lidos y legales por encima de los 8,50 en el mismo concurso. Los nombres son los grandes monstruos: Carl Lewis (que lo hizo seis veces), Larry Myricks (dos veces), Robert Emmiyan, Mike Powell e Iv\u00e1n Pedroso (una vez cada uno). Este es el \u201cclub\u201d en el que se ha colado Juan Miguel Echevarr\u00eda.<\/p>\n<p>Por \u00faltimo, para terminar de pulir el logro de Echevarr\u00eda en Ostrava, creo que cabe a\u00f1adir que lo logr\u00f3 con una temperatura entre 15 y 17 grados: hac\u00eda fr\u00edo. A nadie se le escapa que esa no es la temperatura ideal para las pruebas explosivas. Y aporto algunos datos:<\/p>\n<p>Ese d\u00eda, en la prueba de lanzamiento de jabalina, los cuatro primeros clasificados lanzaron una media de 3,07 metros menos que su mejor marca previa del a\u00f1o. En la prueba de los 400 metros los cuatro primeros hicieron una media de 0\u201d42 peor que sus mejores marcas de la temporada. Y en el propio salto de longitud, Manyonga se dej\u00f3 27 cent\u00edmetros respecto a su marca previa (8,31 vs. 8,58), Samaai 24 cent\u00edmetros (8,15 vs. 8,39) y Henderson nada menos que 53 cent\u00edmetros (7,91 vs. 8.44).<\/p>\n<p>Y en esas condiciones Echevarr\u00eda hizo tres saltos por encima de su marca personal y se coloc\u00f3 11\u00ba de todos los tiempos. No deja de ser una especulaci\u00f3n, pero no me cabe duda de que con una temperatura m\u00e1s agradable estar\u00edamos hablando de un registro a\u00fan mejor que ese extraordinario 8,66.<\/p>\n<p>Para so\u00f1ar paso a paso, lo que ahora tiene m\u00e1s a tiro es la barrera del 8,70 o el r\u00e9cord cubano de Pedroso (8,71 metros). A partir de ah\u00ed ir remontando puestos en el r\u00e1nking de todos los tiempos y ya veremos cu\u00e1ntos puntos de la lista del post anterior conquista este a\u00f1o o los venideros. Ante todo mucha calma, salud y \u00e9xitos.<\/p>\n<p>En Atletismo sabemos muy bien que hay estados de forma dulces que, si se disipan, a veces es complicad\u00edsimo recuperar. Tenemos por delante algunas semanas para ver qu\u00e9 va consiguiendo Juan Miguel Echevarr\u00eda. Gracias a la informaci\u00f3n que me ha proporcionado Joaqu\u00edn Carmona v\u00eda Twitter (@Jokin4318), adem\u00e1s de poder verle en Guadalajara el pr\u00f3ximo 5 de julio, competir\u00e1 en la Diamond League de Londres el 21-22 de julio; luego en los XXIII Juegos Centroamericanos y del Caribe de Barranquilla-Colombia, que pasa por ser <strong>su objetivo de la temporada<\/strong> (29 julio-2 agosto); y despu\u00e9s en la Diamond League de Z\u00farich (30 agosto). Quiz\u00e1 alguna prueba m\u00e1s que ahora no sabemos.<\/p>\n<p>Lo dicho: salud y \u00e9xitos para Echevarr\u00eda. Y para m\u00ed, como aficionado extremo al salto de longitud, salud y disfrute.<\/p>\n<p>&nbsp;<\/p>\n<p>&nbsp;<\/p>\n<p>&nbsp;<\/p>\n<!-- AddThis Advanced Settings generic via filter on the_content --><!-- AddThis Share Buttons generic via filter on the_content -->","protected":false},"excerpt":{"rendered":"<p>Este lunes publiqu\u00e9 un post titulado \u201cJuan Miguel Echevarr\u00eda, so\u00f1ando a lo grande\u201d en el que me dej\u00e9 llevar por la emoci\u00f3n de haber visto su salto de 8.83 metros (+2.1), un vuelo al que nadie se ha acercado, en ninguna condici\u00f3n de viento o altitud, desde 1995. Me embriagu\u00e9 de ilusi\u00f3n y plante\u00e9 los [&hellip;]<!-- AddThis Advanced Settings generic via filter on get_the_excerpt --><!-- AddThis Share Buttons generic via filter on get_the_excerpt --><\/p>\n","protected":false},"author":15,"featured_media":0,"comment_status":"open","ping_status":"closed","sticky":false,"template":"","format":"standard","meta":[],"categories":[2],"tags":[24,47,128,55,67,87,92],"_links":{"self":[{"href":"https:\/\/blogs.diariovasco.com\/airelibre\/wp-json\/wp\/v2\/posts\/622"}],"collection":[{"href":"https:\/\/blogs.diariovasco.com\/airelibre\/wp-json\/wp\/v2\/posts"}],"about":[{"href":"https:\/\/blogs.diariovasco.com\/airelibre\/wp-json\/wp\/v2\/types\/post"}],"author":[{"embeddable":true,"href":"https:\/\/blogs.diariovasco.com\/airelibre\/wp-json\/wp\/v2\/users\/15"}],"replies":[{"embeddable":true,"href":"https:\/\/blogs.diariovasco.com\/airelibre\/wp-json\/wp\/v2\/comments?post=622"}],"version-history":[{"count":4,"href":"https:\/\/blogs.diariovasco.com\/airelibre\/wp-json\/wp\/v2\/posts\/622\/revisions"}],"predecessor-version":[{"id":629,"href":"https:\/\/blogs.diariovasco.com\/airelibre\/wp-json\/wp\/v2\/posts\/622\/revisions\/629"}],"wp:attachment":[{"href":"https:\/\/blogs.diariovasco.com\/airelibre\/wp-json\/wp\/v2\/media?parent=622"}],"wp:term":[{"taxonomy":"category","embeddable":true,"href":"https:\/\/blogs.diariovasco.com\/airelibre\/wp-json\/wp\/v2\/categories?post=622"},{"taxonomy":"post_tag","embeddable":true,"href":"https:\/\/blogs.diariovasco.com\/airelibre\/wp-json\/wp\/v2\/tags?post=622"}],"curies":[{"name":"wp","href":"https:\/\/api.w.org\/{rel}","templated":true}]}}