{"id":31,"date":"2018-12-12T13:01:57","date_gmt":"2018-12-12T12:01:57","guid":{"rendered":"https:\/\/blogs.diariovasco.com\/alboan\/?p=31"},"modified":"2018-12-12T15:26:38","modified_gmt":"2018-12-12T14:26:38","slug":"mujeres-en-marcha-detengamos-la-violencia-contra-las-mujeres-emakumeok-martxan-geldiaraz-dezagun-emakumeen-kontrako-indarkeria","status":"publish","type":"post","link":"https:\/\/blogs.diariovasco.com\/alboan\/2018\/12\/12\/mujeres-en-marcha-detengamos-la-violencia-contra-las-mujeres-emakumeok-martxan-geldiaraz-dezagun-emakumeen-kontrako-indarkeria\/","title":{"rendered":"Mujeres en marcha, detengamos la violencia contra las mujeres"},"content":{"rendered":"<p><img loading=\"lazy\" class=\"alignnone size-medium wp-image-33\" src=\"https:\/\/static-blogs.diariovasco.com\/wp-content\/uploads\/sites\/234\/2018\/12\/mujeres_en_marcha_castellano2-300x197.jpg\" alt=\"mujeres_en_marcha_castellano2\" width=\"300\" height=\"197\" srcset=\"https:\/\/static-blogs.diariovasco.com\/wp-content\/uploads\/sites\/234\/2018\/12\/mujeres_en_marcha_castellano2-300x197.jpg 300w, https:\/\/static-blogs.diariovasco.com\/wp-content\/uploads\/sites\/234\/2018\/12\/mujeres_en_marcha_castellano2.jpg 763w\" sizes=\"(max-width: 300px) 100vw, 300px\" \/><\/p>\n<p>El 25 de noviembre es el D\u00eda Internacional de la eliminaci\u00f3n de la violencia contra las mujeres. Con el impulso de esa jornada desde ALBOAN queremos invitaros a participar en la campa\u00f1a Mujeres en marcha. Queremos dar a conocer en nuestro entorno la realidad, los testimonios y las voces de las miles de mujeres que en todo el mundo sufren violencias. Para empezar vamos a poner el foco en uno de los dramas humanitarios m\u00e1s silenciados, el de las mujeres que se ven forzadas a abandonar su hogar en busca de un futuro y vamos a hacerlo en 5 regiones africanas. Ellas son las aut\u00e9nticas protagonistas y en ALBOAN confiamos en su fuerza, en su af\u00e1n de superaci\u00f3n, en sus posibilidades, en su valent\u00eda, en sus sue\u00f1os&#8230; Creemos en ellas.<\/p>\n<p>La situaci\u00f3n de las mujeres en todo el mundo cuando deciden \u201ccoger la ruta\u201d, a pesar de las diferencias de cada pa\u00eds, regi\u00f3n y contexto concreto, es de extrema vulnerabilidad. El camino que emprenden es largo, a menudo atraviesan varios pa\u00edses, y las condiciones en que lo hacen de extrema indefensi\u00f3n por lo que las asaltan diversas formas de violencias, algunas anteriores a la situaci\u00f3n de partida -matrimonio precoz, mutilaci\u00f3n genital femenina y posici\u00f3n subordinada a los hombres, entre otras- que exponen a mujeres y ni\u00f1as a situaciones de violencia f\u00edsica y psicol\u00f3gica, al abandono escolar y a la dependencia econ\u00f3mica. A todo esto se suma en muchos lugares situaciones de conflicto armado o hambrunas por las que deben huir. Durante el camino sus dificultades no dejan de crecer.<\/p>\n<p>En ALBOAN trabajamos junto a organizaciones en diversas partes del mundo, como el Servicio Jesuita a Refugiados, porque creemos que estas mujeres merecen una oportunidad para sanar sus heridas y para mirar al futuro de frente. En esta ocasi\u00f3n, hemos dise\u00f1ado un paraguas como s\u00edmbolo de protecci\u00f3n y ayuda para difundir la campa\u00f1a.<\/p>\n<p>Te invitamos a solicitar el tuyo, a colaborar con \u201cMujeres en Marcha\u201d y a conocer sus historias de superaci\u00f3n en:\u00a0 <a href=\"https:\/\/www.alboan.org\/es\/25noviembre\" rel=\"external nofollow\">www.mujeresenmarcha.org<\/a><\/p>\n<p>#yocreoenellas<br \/>\n<img loading=\"lazy\" class=\"alignnone size-medium wp-image-34\" src=\"https:\/\/static-blogs.diariovasco.com\/wp-content\/uploads\/sites\/234\/2018\/12\/alboan_euskera-300x197.jpg\" alt=\"alboan_euskera\" width=\"300\" height=\"197\" srcset=\"https:\/\/static-blogs.diariovasco.com\/wp-content\/uploads\/sites\/234\/2018\/12\/alboan_euskera-300x197.jpg 300w, https:\/\/static-blogs.diariovasco.com\/wp-content\/uploads\/sites\/234\/2018\/12\/alboan_euskera.jpg 763w\" sizes=\"(max-width: 300px) 100vw, 300px\" \/><\/p>\n<p>Ia gainean dugu azaroaren 25a, Emakumeen aurkako Indarkeria Desagerrarazteko Nazioarteko Eguna. Horren harira, ALBOANek gonbidapena egin nahi dizue Emakumeok martxan kanpainan parte hartzeko. Ekintza horren bidez, mundu osoan indarkeria jasaten duten milaka emakumeen errealitatea, lekukotzak eta ahotsak ezagutarazi nahi ditugu gure inguruan.<\/p>\n<p>Hasteko, gehien ezkutatzen den drama humanitarioetako bat izango dugu ardatz: etorkizun hobeagoaren bila beren etxea utzi behar izaten duten emakumeena. Zehazki, Afrikako 5 eskualdeetako kasuak ikusiko ditugu. Haiek dira benetako protagonistak eta ALBOANetik sinesten dugu beren indarrean, hobetzeko duten gogoan, beren aukeretan, beren adorean, beren ametsetan&#8230; Sinesmen osoa dugu haiengan.<\/p>\n<p>\u201cBidea egitea\u201d erabakitzen duten mundu osoko emakumeen egoera oso kaltebera izaten da, beren herrialdea, eskualdea edo testuingurua gorabehera. Bide luzea egin behar izaten dute. Askotan herrialde ugari zeharkatzen dituzte, inolako babesik gabe, eta askotariko indarkeriak jasan behar izaten dituzte. Indarkeria horietako batzuk herrialdetik atera aurretik ere pairatzen dituzte (ezkontza goiztiarra, emakumeen genitalen mutilazioa eta gizonekiko menpekotasuna, beteak beste).<\/p>\n<p>Ondorioz, emakume eta neskatoek indarkeria fisikoa eta psikologikoa jasaten dute, eskola utzi behar izaten dute eta gizonekiko menpekotasun ekonomikoa izaten dute. Horri gehitu behar zaio leku askotan gatazka armatuak edo goseteak daudela, eta hortaz, ihes egin beste aukerarik ez dute izaten. Alabaina, bidean zehar are zailtasun gehiago topatzen dituzte.<\/p>\n<p>ALBOANen munduko hainbat lekutako erakundeekin batera lan egiten dugu, esaterako Errefuxiatuentzako Jesuiten Zerbitzuarekin, uste baitugu emakume horiek aukera bat merezi dutela beren zauriak sendatu eta etorkizunari aurrez aurre begiratzeko. Oraingoan aterki bat diseinatu dugu, babesaren ikur gisa, kanpaina zabaltzen laguntzeko.<\/p>\n<p>Zurea eskatzera gonbidatu nahi zaitugu, &#8220;Emakumeok Martxan&#8221; kanpainarekin bat egitera eta emakume hoien gainditze-historiak ezagutzera:\u00a0 <a href=\"https:\/\/www.alboan.org\/eu\/azaroak25\" rel=\"external nofollow\">www.emakumeokmartxan.org<\/a><\/p>\n<p>#nikzuekinbat<\/p>\n<!-- AddThis Advanced Settings generic via filter on the_content --><!-- AddThis Share Buttons generic via filter on the_content -->","protected":false},"excerpt":{"rendered":"<p>El 25 de noviembre es el D\u00eda Internacional de la eliminaci\u00f3n de la violencia contra las mujeres. Con el impulso de esa jornada desde ALBOAN queremos invitaros a participar en la campa\u00f1a Mujeres en marcha. Queremos dar a conocer en nuestro entorno la realidad, los testimonios y las voces de las miles de mujeres que [&hellip;]<!-- AddThis Advanced Settings generic via filter on get_the_excerpt --><!-- AddThis Share Buttons generic via filter on get_the_excerpt --><\/p>\n","protected":false},"author":21898,"featured_media":0,"comment_status":"open","ping_status":"closed","sticky":false,"template":"","format":"standard","meta":[],"categories":[1],"tags":[7,8,9],"_links":{"self":[{"href":"https:\/\/blogs.diariovasco.com\/alboan\/wp-json\/wp\/v2\/posts\/31"}],"collection":[{"href":"https:\/\/blogs.diariovasco.com\/alboan\/wp-json\/wp\/v2\/posts"}],"about":[{"href":"https:\/\/blogs.diariovasco.com\/alboan\/wp-json\/wp\/v2\/types\/post"}],"author":[{"embeddable":true,"href":"https:\/\/blogs.diariovasco.com\/alboan\/wp-json\/wp\/v2\/users\/21898"}],"replies":[{"embeddable":true,"href":"https:\/\/blogs.diariovasco.com\/alboan\/wp-json\/wp\/v2\/comments?post=31"}],"version-history":[{"count":4,"href":"https:\/\/blogs.diariovasco.com\/alboan\/wp-json\/wp\/v2\/posts\/31\/revisions"}],"predecessor-version":[{"id":39,"href":"https:\/\/blogs.diariovasco.com\/alboan\/wp-json\/wp\/v2\/posts\/31\/revisions\/39"}],"wp:attachment":[{"href":"https:\/\/blogs.diariovasco.com\/alboan\/wp-json\/wp\/v2\/media?parent=31"}],"wp:term":[{"taxonomy":"category","embeddable":true,"href":"https:\/\/blogs.diariovasco.com\/alboan\/wp-json\/wp\/v2\/categories?post=31"},{"taxonomy":"post_tag","embeddable":true,"href":"https:\/\/blogs.diariovasco.com\/alboan\/wp-json\/wp\/v2\/tags?post=31"}],"curies":[{"name":"wp","href":"https:\/\/api.w.org\/{rel}","templated":true}]}}