{"id":65,"date":"2020-01-30T11:56:18","date_gmt":"2020-01-30T10:56:18","guid":{"rendered":"https:\/\/blogs.diariovasco.com\/alboan\/?p=65"},"modified":"2020-01-30T11:56:18","modified_gmt":"2020-01-30T10:56:18","slug":"colombia-tecnologia-libre-de-conflicto-alboan-kolonbia-gatazkarik-gabeko-teknologia-alboan","status":"publish","type":"post","link":"https:\/\/blogs.diariovasco.com\/alboan\/2020\/01\/30\/colombia-tecnologia-libre-de-conflicto-alboan-kolonbia-gatazkarik-gabeko-teknologia-alboan\/","title":{"rendered":"COLOMBIA &#8211; TECNOLOG\u00cdA LIBRE DE CONFLICTO &#8211; ALBOAN \/\/ KOLONBIA &#8211; GATAZKARIK GABEKO TEKNOLOGIA &#8211; ALBOAN"},"content":{"rendered":"<p>as consecuencias de nuestro consumo desaforado se sufren tambi\u00e9n en Colombia. En esta ocasi\u00f3n uno de los minerales en conflicto es\u00a0<strong>el oro<\/strong>.<\/p>\n<p>Se trata de un metal precioso presente en joyas, lingotes y en aparatos tecnol\u00f3gicos, como el tel\u00e9fono m\u00f3vil.\u00a0<strong>El oro se utiliza en los circuitos impresos<\/strong>, que son las placas donde van unidos los microchips. Cada a\u00f1o se fabrican\u00a0<strong>1.500 millones de smartphones<\/strong>\u00a0en el mundo para lo que se necesitan alrededor de\u00a0<strong>37.000 kilos de oro<\/strong>.<\/p>\n<p>La lucha por su explotaci\u00f3n y control provoca violencia y el desplazamiento de comunidades ind\u00edgenas, afrocolombianas, campesinas y cientos de asesinatos de l\u00edderes comunitarios.<\/p>\n<p><a href=\"http:\/\/blogs.vidasolidaria.com\/alboan\/wp-content\/uploads\/sites\/22\/2020\/01\/oro.jpg\" rel=\"external nofollow\"><img loading=\"lazy\" class=\"aligncenter size-medium wp-image-467\" src=\"\/\/blogs.vidasolidaria.com\/alboan\/wp-content\/uploads\/sites\/22\/2020\/01\/oro-300x150.jpg\" alt=\"oro\" width=\"300\" height=\"150\" \/><\/a><\/p>\n<p><strong>La extracci\u00f3n de Oro en Colombia provoca el desplazamiento de pueblos ind\u00edgenas de su territorio<\/strong><\/p>\n<p>Desde la firma de los acuerdos de paz en el a\u00f1o 2016, los modelos econ\u00f3micos extractivistas legales e ilegales han ido ganando terreno en Colombia, dejando al margen a la poblaci\u00f3n de las zonas rurales para favorecer la agroindustria de la ca\u00f1a de az\u00facar, los cultivos de coca y la extracci\u00f3n de recursos no renovables como el oro.<\/p>\n<p>Estas actividades entran en conflicto con las comunidades ind\u00edgenas, afrocolombianas y campesinas que habitan las regiones mineras provocando el\u00a0<strong>desplazamiento forzado de la poblaci\u00f3n<\/strong>, unido a explotaci\u00f3n y violencia sexual, trabajo forzoso en condiciones de semi-esclavitud, asesinatos, tr\u00e1fico de personas y contaminaci\u00f3n del medioambiente.<\/p>\n<p><strong>Los grupos ind\u00edgenas y afrodescendientes se han convertido en las principales v\u00edctimas<\/strong>\u00a0de este modelo en la medida en que habitan los territorios con mayor riqueza por su biodiversidad, recursos bio-energ\u00e9ticos y mineros. Esto ha provocado el desplazamiento forzado de la poblaci\u00f3n, aunque este fen\u00f3meno y sus v\u00edctimas no sean reconocidas por el Estado.<\/p>\n<p><a href=\"http:\/\/blogs.vidasolidaria.com\/alboan\/wp-content\/uploads\/sites\/22\/2020\/01\/oro-37000kg.jpg\" rel=\"external nofollow\"><img loading=\"lazy\" class=\"aligncenter size-medium wp-image-468\" src=\"\/\/blogs.vidasolidaria.com\/alboan\/wp-content\/uploads\/sites\/22\/2020\/01\/oro-37000kg-300x154.jpg\" alt=\"oro-37000kg\" width=\"300\" height=\"154\" \/><\/a><\/p>\n<p>En Colombia se estima que\u00a0<strong>el 80% de la producci\u00f3n nacional de oro es ilegal<\/strong>. Al ser un tipo de miner\u00eda informal y carecer de regulaci\u00f3n, la actividad favorece la<strong>\u00a0injerencia de grupos criminales<\/strong>. Adem\u00e1s de un medio para financiarse, estos grupos han encontrado en el oro un producto de contrabando y una manera de blanquear capitales.<\/p>\n<p>Los defensores y defensoras de derechos a la tierra, el territorio y el medio ambiente que denuncian esta situaci\u00f3n no s\u00f3lo son objeto de acoso judicial, prohibiciones de viaje, vigilancia ilegal, amenazas y hostigamientos, sino que son tambi\u00e9n v\u00edctimas de ataques violentos, desaparici\u00f3n forzada, acoso sexual, amenazas a la familia y chantaje. Sus manifestaciones pac\u00edficas suelen ser reprimidas por la fuerza.<\/p>\n<p>Actualmente y tras los acuerdos de paz de 2016, se esperar\u00eda unas condiciones diferentes para los pueblos ind\u00edgenas y afrodescendientes. Sin embargo,\u00a0<strong>cerca de 400 l\u00edderes sociales, seg\u00fan el programa no gubernamental \u201cSomos Defensores\u201d, han sido asesinados desde el 2016<\/strong>. Y como siempre las mujeres son las que se llevan la peor parte. A los hombres se les asesina, pero a las mujeres antes de ser asesinadas se las tortura y se abusa sexualmente de ellas.<\/p>\n<p><strong>Colombia es el pa\u00eds del mundo con mayor n\u00famero de personas desplazadas internas<\/strong>. Casi 8 millones, datos ACNUR, se han visto forzadas a abandonar su hogar por culpa de la violencia.<\/p>\n<p>Para ampliar informaci\u00f3n puedes consultar la investigaci\u00f3n: \u201c<strong>Miner\u00eda de oro y comunidades locales de C\u00f3rdoba en Colombia. El caso de la mina El Alacr\u00e1n<\/strong>\u201d y el v\u00eddeo \u201c<strong>Lo que el oro de tu m\u00f3vil esconde<\/strong>\u201d:<\/p>\n<p><a href=\"https:\/\/www.youtube.com\/watch?time_continue=2&amp;v=a0jkxsFoxmo&amp;feature=emb_title\" rel=\"external nofollow\">LO QUE EL ORO DE TU M\u00d3VIL ESCONDE<\/a><\/p>\n<p><strong>Colombia es uno de los pa\u00edses m\u00e1s desiguales del mundo<\/strong>, una brecha que es a\u00fan mayor entre la poblaci\u00f3n que habita en las ciudades y la que reside en el campo.<\/p>\n<p>En los territorios rurales habitados mayoritariamente por poblaci\u00f3n afrodescendiente e ind\u00edgena tienen los peores indicadores de calidad de vida. En\u00a0<strong>2017<\/strong>\u00a0el \u00edndice de necesidades b\u00e1sicas insatisfechas para Colombia era de\u00a0<strong>27%<\/strong>, mientras que para algunas ciudades con poblaci\u00f3n afro e ind\u00edgena llegaba al\u00a0<strong>89%<\/strong>.<\/p>\n<p>El Estado ha impulsado un\u00a0<strong>modelo econ\u00f3mico extractivista<\/strong>\u00a0que va en aumento. Entre 2002 y 2015 el otorgamiento de licencias de explotaci\u00f3n de hidrocarburos y t\u00edtulos mineros,\u00a0<strong>ha pasado de 1,1 millones de hect\u00e1reas a 4,9 millones.<\/strong><\/p>\n<p>Los proyectos extractivistas ponen en riesgo la supervivencia f\u00edsica y cultural de los pueblos ind\u00edgenas. Cuando las comunidades rechazan actividades extractivas quedan expuestos a todo tipo de amenazas de grupos armados presentes en su territorio y al asesinato de las personas l\u00edderes de las comunidades.<\/p>\n<p>Adem\u00e1s, no son tenidos en cuenta en los espacios de toma de decisi\u00f3n, ni en el planteamiento de sus problemas y necesidades, ni en la definici\u00f3n de posibles alternativas ante las instancias del Estado. Los grupos medianamente organizados no saben hacia d\u00f3nde dirigir sus inquietudes y demandas y terminan siendo instrumentalizados con fines econ\u00f3micos o electorales.<\/p>\n<p><strong>El trabajo de ALBOAN en Colombia<\/strong><\/p>\n<p><a href=\"http:\/\/blogs.vidasolidaria.com\/alboan\/wp-content\/uploads\/sites\/22\/2020\/01\/colombia-mineria.jpg\" rel=\"external nofollow\"><img loading=\"lazy\" class=\"aligncenter size-medium wp-image-466\" src=\"\/\/blogs.vidasolidaria.com\/alboan\/wp-content\/uploads\/sites\/22\/2020\/01\/colombia-mineria-300x169.jpg\" alt=\"colombia-mineria\" width=\"300\" height=\"169\" \/><\/a><\/p>\n<p><strong>Desde ALBOAN trabajamos en varias iniciativas para poner freno a tanta violencia<\/strong>:<\/p>\n<p>&#8211;\u00a0<strong>apoyamos, junto con el Centro de Investigaci\u00f3n y Educaci\u00f3n Popular-Programa por la Paz<\/strong>\u00a0a poblaci\u00f3n ind\u00edgena y afrocolombiana de la Sierra Nevada de Santa Marta, Cartagena y el sur de La Guajira en la defensa y promoci\u00f3n de sus derechos mediante:<\/p>\n<p>&#8211; el\u00a0<strong>fortalecimiento de sus capacidades organizativas<\/strong>\u00a0y de incidencia en los procesos de acceso y defensa de su tierra y de su propia identidad<br \/>\n&#8211; la\u00a0<strong>articulaci\u00f3n entre el sector educativo y organizativo<\/strong>\u00a0para la construcci\u00f3n conjunta de propuestas que promuevan y exijan sus derechos<br \/>\n&#8211; el\u00a0<strong>empoderamiento de las mujeres,<\/strong>\u00a0para que puedan incorporarse en condiciones de igualdad a los espacios de participaci\u00f3n e incidencia<br \/>\n&#8211;\u00a0<strong>apoyamos al<\/strong>\u00a0<a href=\"http:\/\/www.sjrcolombia.org\/\" rel=\"external nofollow\">Servicio Jesuita a Refugiados<\/a>\u00a0en la atenci\u00f3n a las personas desplazadas y refugiadas por este conflicto mediante apoyo econ\u00f3mico, asesoramiento jur\u00eddico y formaci\u00f3n<br \/>\n&#8211;\u00a0<strong>trabajamos junto a otras organizaciones locales, como el\u00a0<a href=\"http:\/\/imca.org.co\/\" rel=\"external nofollow\">Instituto Mayor Campesino en el Valle del Cauca<\/a><\/strong>, en procesos de construcci\u00f3n de paz basados en propuestas de desarrollo alternativas, como el cultivo org\u00e1nico del caf\u00e9<br \/>\n&#8211;\u00a0<strong>denunciamos<\/strong>\u00a0mediante nuestra participaci\u00f3n en redes internacionales, como el \u201c<a href=\"https:\/\/justiceinmining.com\/\" rel=\"external nofollow\">Justice in Mining<\/a>\u201c, estas situaciones y contribuimos en la formulaci\u00f3n de propuestas viables para: regular el comercio de estos minerales, evitar que los grupos armados se financien con su venta y conseguir el cese de la violencia hacia l\u00edderes sociales.<\/p>\n<p>Para conseguir estos objetivos es imprescindible el compromiso de la ciudadan\u00eda mediante su apoyo econ\u00f3mico y su participaci\u00f3n en campa\u00f1as de recogida de firmas como la de compra p\u00fablica responsable de tecnolog\u00eda o la que persigue incidir en una regulaci\u00f3n europea que obligue a las empresa a informar del origen de los minerales utilizados en sus cadenas de suministros.<\/p>\n<p><a href=\"https:\/\/www.tecnologialibredeconflicto.org\/colombia\/\" rel=\"external nofollow\">DONA AHORA<\/a><\/p>\n<p><strong>KOLONBIA &#8211; GATAZKARIK GABEKO TEKNOLOGIA &#8211; ALBOAN<\/strong><\/p>\n<p>Kolonbian ere jasaten dituzte gure kontrolik gabeko kontsumoaren ondorioak. Kasu horretan, urrea da gatazka-iturri.<\/p>\n<p>Bitxietan, lingoteetan eta gailu elektronikoetan (mugikorretan, adibidez) aurki daitekeen metal preziatua da. Zehazki, zirkuitu inprimatuetan erabiltzen da urrea; hau da, mikrotxipekin kontaktuan dauden plaketan. Munduan<br \/>\n1.500 smartphone inguru ekoizten dira urtean, eta, horretarako, 37.000 kilo urre inguru behar dira.<\/p>\n<p>Izan ere, urrea ustiatu eta kontrolatzeagatiko gatazkak indarkeria eragiten du, eta horrez gain, komunitate indigenek, afrokolonbiarrek eta nekazariek beren lurretatik alde egin behar izandute.<\/p>\n<p><a href=\"http:\/\/blogs.vidasolidaria.com\/alboan\/wp-content\/uploads\/sites\/22\/2020\/01\/oro.jpg\" rel=\"external nofollow\"><img loading=\"lazy\" class=\"aligncenter size-medium wp-image-467\" src=\"\/\/blogs.vidasolidaria.com\/alboan\/wp-content\/uploads\/sites\/22\/2020\/01\/oro-300x150.jpg\" alt=\"oro\" width=\"300\" height=\"150\" \/><\/a><\/p>\n<p><strong>Urrearen ustiaketak herri indigenak beren lurraldea uztera derrigortzen ditu Kolonbian<\/strong><\/p>\n<p>2016an sinatu ziren bakehitzarmenak Kolonbian, baina, orduz geroztik, ugaritzen joan dira urrea<br \/>\nustiatzeko eredu ekonomiko legal eta ilegalak. Horrek landa-eremuak bazter utzi eta azukre-kanaberaren agroindustriaren, kokalaboreen eta baliabide ez berriztagarrien ustiaketaren (besteak beste, urrea) alde apustu egitera eraman du herrialdea.<\/p>\n<p>Aldi berean, horrek gatazka eragiten du jarduera horien eta meatzeeremuetan bizi diren komunitate indigenen, afrokolonbiarren eta nekazarien artean; izan ere, beren lurrak uztera derrigortzen dituzte, eta horrez gain esplotazioa, sexu-indarkeria, erdi-morrontzapeko bortxazko lanak, erailketak, pertsonen trafikoa eta ingurumenaren kutsadura ere pairatzen dituzte.<\/p>\n<p>Gauzak horrela, talde indigenak eta afrikarren ondorengoak dira eredu horren biktima nagusiak; izan ere, haiek dira lurralde aberatsenetan bizi direnak, bioaniztasunari eta bioenergia sortzeko eta meatzaritzarako baliabideei dagokienez. Horrek guztiak herritarrak nahitaez desplazatzera eraman ditu, Estatuak fenomenoa bera eta haren biktimak izan direla onartzen ez duen arren.<\/p>\n<p><a href=\"http:\/\/blogs.vidasolidaria.com\/alboan\/wp-content\/uploads\/sites\/22\/2020\/01\/oro-37000kg.jpg\" rel=\"external nofollow\"><img loading=\"lazy\" class=\"aligncenter size-medium wp-image-468\" src=\"\/\/blogs.vidasolidaria.com\/alboan\/wp-content\/uploads\/sites\/22\/2020\/01\/oro-37000kg-300x154.jpg\" alt=\"oro-37000kg\" width=\"300\" height=\"154\" \/><\/a><\/p>\n<p>Kalkuluen arabera, Kolonbiako urre-produkzioaren % 80 legez kanpokoa da. Urrearen ustiaketa meatzaritza informalean oinarritzen da, eta ez du araudirik.<\/p>\n<p>Ondorioz, erraza da talde kriminalek negozio horretan esku hartzea. Batetik, taldeak finantzatzeko modu<br \/>\nbat da, baina, bestetik, kontrabandoan ibiltzeko eta kapitalak zuritzeko bide ere bada.<\/p>\n<p>Lurraren, lurraldearen eta ingurumenaren gaineko eskubideak aldarrikatzen dituztenek salatu egiten<br \/>\ndute egoera hori, baina jazarpen judiziala, bidaiatzeko debekuak, legez kanpoko zaintzak, mehatxuak eta<br \/>\njazarpenak jasaten dituzte. Hori gutxi balitz bezala, eraso biolentoen, desagerpen bortxatuen, sexu-jazarpenen, senideekiko mehatxuen eta xantaiaren xede ere badira. Manifestazio baketsuak indarrez erreprimitu ohi dituzte.<\/p>\n<p>\u00abSomos Defensores\u00bb gobernuz kanpoko programari jarraikiz, 400 buru sozial erail dituzte 2016tik. Ohikoa den bezala, emakumeak izan dira kaltetuenak.<\/p>\n<p>Izan ere, gizonak erail egiten dituzte, baina emakumeek, aldiz, torturak eta sexu-erasoak jasan behar dituzte horren aurretik.<\/p>\n<p>Ezin dugu ahaztu Kolonbia dela herrialde barruan desplazatu behar izan duten herritarren kopururik<br \/>\nhandiena duen herrialdea. ACNURen datuen arabera, ia 8 milioi pertsonak utzi behar izan dituzte beren<br \/>\netxeak indarkeria dela eta.<\/p>\n<p>Informazio gehiagorako, ikerketa osoa kontsulta dezakezu: \u00abMiner\u00eda de oro y comunidades locales de C\u00f3rdoba en Colombia. El caso de la mina El Alacr\u00e1n\u00bb gure webgunean, baita \u00abZeure mugikorrak ezkutatzen duena\u00bb.<\/p>\n<p><a href=\"https:\/\/www.youtube.com\/watch?time_continue=2&amp;v=a0jkxsFoxmo&amp;feature=emb_title\" rel=\"external nofollow\">ZURE MUGIKORRAK EZKUTATZEN DUENA<\/a><\/p>\n<p>Kolonbia da desberdinkeria gehien duen munduko herrialdeetako bat, eta arrakala hori are nabarmenagoa<br \/>\nda hirietan eta landa-eremuan bizi diren herritarren artean.<\/p>\n<p>Landa-eremuan bizi dira, batez ere, afrikarren ondorengoak eta indigenak, eta bertan erregistratu<br \/>\ndira, hain zuzen, bizitza-kalitatearen adierazleen baliorik baxuenak.<\/p>\n<p>2017an, % 27koa zen asegabe dauden oinarrizko beharrizanen tasa, baina herritar afrikarren ondorengoen eta indigenen hiri batzuetan tasa hori % 89ra iristen zen.<\/p>\n<p>Estatuak ustiaketan oinarritutako eredu ekonomikoa sustatu du, eta goraldian dago. 2002. eta 2015. urteen artean, 1,1 milioi hektareatik 4,9 milioi hektareara zabaldu dira hidrokarburoak eta meatzaritza-tituluak ustiatzeko baimenak.<\/p>\n<p>Ustiaketa-proiektuek mehatxatu egiten dute herri indigenen biziraupen fisiko eta kulturala. Komunitateek ustiaketa-jarduerak errefusatzen dituztenean, mota guztietako mehatxuak jasotzen dituzte beren lurraldeetan dauden talde armatuetatik, eta komunitateetako buruak erail egiten dituzte.<\/p>\n<p>Gainera, biztanleriaren zati hori ez da aintzat hartzen erabakiak hartzeko esparruetan, eta ez dira beren arazo eta beharrizanak planteatzen.<\/p>\n<p>Halaber, Estatuak ere ez ditu kontuan hartzen alternatiba posibleak finkatzeko garaian. Nolabait antolatzea lortu duten taldeek ez dakite nori helarazi behar dizkioten beren kezka eta eskaerak, eta azkenean, erabili egiten dituzte helburu ekonomikoekin edo hauteskundeetanemaitza onak eskuratzeko helburuekin.<\/p>\n<p><strong>ALBOANen lana Kolonbian<\/strong><\/p>\n<p><a href=\"http:\/\/blogs.vidasolidaria.com\/alboan\/wp-content\/uploads\/sites\/22\/2020\/01\/colombia-mineria.jpg\" rel=\"external nofollow\"><img loading=\"lazy\" class=\"aligncenter size-medium wp-image-466\" src=\"\/\/blogs.vidasolidaria.com\/alboan\/wp-content\/uploads\/sites\/22\/2020\/01\/colombia-mineria-300x169.jpg\" alt=\"colombia-mineria\" width=\"300\" height=\"169\" \/><\/a><br \/>\nALBOANen indarkeriari aurre egiteko hainbat ekimenetan lanean dihardugu:<\/p>\n<p>Testuinguru horretan, ALBOAN GKEak urteak daramatza indarkeria mota ezberdinak direla bide,<br \/>\nberen etxeak utzi behar izan dituzten Kolonbiako herritarrekin.<\/p>\n<p>Herri Ikerketa eta Hezkuntza Zentroa \u2013 Bakearen aldeko programarekin lan egiten dugu Santa Martako Sierra Nevadan, Cartagenan eta La Guajirako hegoaldean bizi diren herritar indigena eta afrokolonbiarrei bere eskubideak defendatzen eta sustatzen laguntzeko.<\/p>\n<p>Hainbat modutara egiten dugu hori: lehenik, sendotu egiten ditugu taldean antolatzeko duten gaitasuna, batetik, eta beren lurrak eta identitatea atzitzeko eta defendatzeko prozesuetan duten eragina, bestetik; bigarrenik, hezkuntza- eta antolakuntza-sektoreen arteko uztarketa-lana egiten dugu, beren eskubideak sustatu eta aldarrikatuko dituzten proposamenak batera eraikitzeko gai izan daitezen; eta hirugarrenik, ahaldundu egiten ditugu emakumeak, parte-hartze eta eragin eremuetan berdintasunbaldintzetan ordezkatuta egon daitezen.<\/p>\n<p>Errefuxiatuentzako Jesuiten Zerbitzuaren lankidetzarekin, zentro horrek hirietara edo ondoko herrialdeetako mugetara lekualdatu egin behar izan duten herritarrak laguntzen ditu. Laguntza ekonomikoa ematen die beren oinarrizko beharrizanak estaltzeko, eta aholkularitza juridikoa eta prestakuntza ere ematen die.<\/p>\n<p>Horrez gain, bake-prozesuak eraikitzen ere laguntzen du, besteak beste, Valle del Caucako Instituto<br \/>\nMayor Campesino eta Pastoko Suyusama erakundeei babesa emanez. Erakunde horiek bizitza-alternatibak eskaintzen dizkiete nekazariei laborantza agroekologikoaren eta kafearen salerosketaren bitartez.<\/p>\n<!-- AddThis Advanced Settings generic via filter on the_content --><!-- AddThis Share Buttons generic via filter on the_content -->","protected":false},"excerpt":{"rendered":"<p>as consecuencias de nuestro consumo desaforado se sufren tambi\u00e9n en Colombia. En esta ocasi\u00f3n uno de los minerales en conflicto es\u00a0el oro. Se trata de un metal precioso presente en joyas, lingotes y en aparatos tecnol\u00f3gicos, como el tel\u00e9fono m\u00f3vil.\u00a0El oro se utiliza en los circuitos impresos, que son las placas donde van unidos los [&hellip;]<!-- AddThis Advanced Settings generic via filter on get_the_excerpt --><!-- AddThis Share Buttons generic via filter on get_the_excerpt --><\/p>\n","protected":false},"author":21898,"featured_media":0,"comment_status":"open","ping_status":"closed","sticky":false,"template":"","format":"standard","meta":[],"categories":[1],"tags":[],"_links":{"self":[{"href":"https:\/\/blogs.diariovasco.com\/alboan\/wp-json\/wp\/v2\/posts\/65"}],"collection":[{"href":"https:\/\/blogs.diariovasco.com\/alboan\/wp-json\/wp\/v2\/posts"}],"about":[{"href":"https:\/\/blogs.diariovasco.com\/alboan\/wp-json\/wp\/v2\/types\/post"}],"author":[{"embeddable":true,"href":"https:\/\/blogs.diariovasco.com\/alboan\/wp-json\/wp\/v2\/users\/21898"}],"replies":[{"embeddable":true,"href":"https:\/\/blogs.diariovasco.com\/alboan\/wp-json\/wp\/v2\/comments?post=65"}],"version-history":[{"count":1,"href":"https:\/\/blogs.diariovasco.com\/alboan\/wp-json\/wp\/v2\/posts\/65\/revisions"}],"predecessor-version":[{"id":66,"href":"https:\/\/blogs.diariovasco.com\/alboan\/wp-json\/wp\/v2\/posts\/65\/revisions\/66"}],"wp:attachment":[{"href":"https:\/\/blogs.diariovasco.com\/alboan\/wp-json\/wp\/v2\/media?parent=65"}],"wp:term":[{"taxonomy":"category","embeddable":true,"href":"https:\/\/blogs.diariovasco.com\/alboan\/wp-json\/wp\/v2\/categories?post=65"},{"taxonomy":"post_tag","embeddable":true,"href":"https:\/\/blogs.diariovasco.com\/alboan\/wp-json\/wp\/v2\/tags?post=65"}],"curies":[{"name":"wp","href":"https:\/\/api.w.org\/{rel}","templated":true}]}}