{"id":10096,"date":"2024-07-23T06:30:42","date_gmt":"2024-07-23T05:30:42","guid":{"rendered":"https:\/\/blogs.diariovasco.com\/apartirdelos50\/?p=10096"},"modified":"2024-07-23T06:31:33","modified_gmt":"2024-07-23T05:31:33","slug":"tu-basura-mi-comida","status":"publish","type":"post","link":"https:\/\/blogs.diariovasco.com\/apartirdelos50\/2024\/07\/23\/tu-basura-mi-comida\/","title":{"rendered":"Tu basura, mi comida"},"content":{"rendered":"<p><a href=\"https:\/\/static-blogs.diariovasco.com\/wp-content\/uploads\/sites\/19\/2024\/07\/b0e616e5-bea7-4aba-91ee-e05b784e73ac_16-9-aspect-ratio_default_0.jpg\"><img loading=\"lazy\" src=\"https:\/\/static-blogs.diariovasco.com\/wp-content\/uploads\/sites\/19\/2024\/07\/b0e616e5-bea7-4aba-91ee-e05b784e73ac_16-9-aspect-ratio_default_0.jpg\" alt=\"\" width=\"880\" height=\"495\" class=\"aligncenter size-full wp-image-10098\" srcset=\"https:\/\/static-blogs.diariovasco.com\/wp-content\/uploads\/sites\/19\/2024\/07\/b0e616e5-bea7-4aba-91ee-e05b784e73ac_16-9-aspect-ratio_default_0.jpg 880w, https:\/\/static-blogs.diariovasco.com\/wp-content\/uploads\/sites\/19\/2024\/07\/b0e616e5-bea7-4aba-91ee-e05b784e73ac_16-9-aspect-ratio_default_0-300x169.jpg 300w, https:\/\/static-blogs.diariovasco.com\/wp-content\/uploads\/sites\/19\/2024\/07\/b0e616e5-bea7-4aba-91ee-e05b784e73ac_16-9-aspect-ratio_default_0-768x432.jpg 768w\" sizes=\"(max-width: 880px) 100vw, 880px\" \/><\/a><\/p>\n<p>Me junt\u00e9 con unos amigos para un rato de charla y picoteo en una terraza del barrio. Me toc\u00f3 sentarme enfocando la vista a los contenedores de basura que adornaban la calle y, claro, pues en vez de centrarme en la cerveza y la tortilla de patatas se me iba la vista al \u201cespect\u00e1culo\u201d de trasiego de basuras.<\/p>\n<p>A la vuelta de la esquina hay un supermercado DIA \u2013lo s\u00e9 por el carro y el material que desechaban- y lleg\u00f3 el mozo pizpireto empuj\u00e1ndolo, repleto de basura, cajas de cart\u00f3n y bolsas negras. Todo, sin encomendarse a ning\u00fan dios ni a ning\u00fan diablo, lo arroj\u00f3 al contenedor donde pone \u201cResto\u201d, despreciando el azul y el amarillo para la carga de cajas de cart\u00f3n y envoltorios de pl\u00e1stico.<\/p>\n<p>No hab\u00edan pasado ni dos minutos cuando empezaron a rondar el contenedor \u2013primero una, luego otra y finalmente otra m\u00e1s- varias mujeres provistas de carrito de la compra y gancho con pulpo. Metieron medio cuerpo en el contenedor y fueron sacando lo que suscitaba su inter\u00e9s: redes de limones, pizzas y otros envases pl\u00e1sticos con productos supuestamente perecederos (y perecidos) en su interior.<\/p>\n<p><a href=\"https:\/\/static-blogs.diariovasco.com\/wp-content\/uploads\/sites\/19\/2024\/05\/A-partir-de-los-50.jpg\"><img loading=\"lazy\" src=\"https:\/\/static-blogs.diariovasco.com\/wp-content\/uploads\/sites\/19\/2024\/05\/A-partir-de-los-50-300x225.jpg\" alt=\"\" width=\"300\" height=\"225\" class=\"alignright size-medium wp-image-9827\" srcset=\"https:\/\/static-blogs.diariovasco.com\/wp-content\/uploads\/sites\/19\/2024\/05\/A-partir-de-los-50-300x225.jpg 300w, https:\/\/static-blogs.diariovasco.com\/wp-content\/uploads\/sites\/19\/2024\/05\/A-partir-de-los-50.jpg 719w\" sizes=\"(max-width: 300px) 100vw, 300px\" \/><\/a>Al se\u00f1alarlo a mis amigos surgieron los comentarios inevitables: que si es denunciable lo que hacen los del supermercado, que si es much\u00edsimo m\u00e1s preocupante que la gente coma lo que saca de la basura, que si la desigualdad, que si viven de ello, que si saca otra ronda que esta se nos ha atragantado. Y Cecilia, por favor, cambia de sitio y deja de dar el parte.<br \/>\nPues eso. Que felices los felices.<\/p>\n<p>LaAlquimista<br \/>\n*Imagen sacada de Internet<\/p>\n<p>Te invito a visitar mi p\u00e1gina en Facebook.<br \/>\nhttps:\/\/www.facebook.com\/apartirdelos50\/<br \/>\nPor si alguien desea contactar:<br \/>\napartirdeloscincuenta@gmail.com<\/p>\n<!-- AddThis Advanced Settings generic via filter on the_content --><!-- AddThis Share Buttons generic via filter on the_content -->","protected":false},"excerpt":{"rendered":"<p>Me junt\u00e9 con unos amigos para un rato de charla y picoteo en una terraza del barrio. Me toc\u00f3 sentarme enfocando la vista a los contenedores de basura que adornaban la calle y, claro, pues en vez de centrarme en la cerveza y la tortilla de patatas se me iba la vista al \u201cespect\u00e1culo\u201d de [&hellip;]<!-- AddThis Advanced Settings generic via filter on get_the_excerpt --><!-- AddThis Share Buttons generic via filter on get_the_excerpt --><\/p>\n","protected":false},"author":34,"featured_media":0,"comment_status":"open","ping_status":"closed","sticky":false,"template":"","format":"standard","meta":[],"categories":[2],"tags":[],"_links":{"self":[{"href":"https:\/\/blogs.diariovasco.com\/apartirdelos50\/wp-json\/wp\/v2\/posts\/10096"}],"collection":[{"href":"https:\/\/blogs.diariovasco.com\/apartirdelos50\/wp-json\/wp\/v2\/posts"}],"about":[{"href":"https:\/\/blogs.diariovasco.com\/apartirdelos50\/wp-json\/wp\/v2\/types\/post"}],"author":[{"embeddable":true,"href":"https:\/\/blogs.diariovasco.com\/apartirdelos50\/wp-json\/wp\/v2\/users\/34"}],"replies":[{"embeddable":true,"href":"https:\/\/blogs.diariovasco.com\/apartirdelos50\/wp-json\/wp\/v2\/comments?post=10096"}],"version-history":[{"count":3,"href":"https:\/\/blogs.diariovasco.com\/apartirdelos50\/wp-json\/wp\/v2\/posts\/10096\/revisions"}],"predecessor-version":[{"id":10100,"href":"https:\/\/blogs.diariovasco.com\/apartirdelos50\/wp-json\/wp\/v2\/posts\/10096\/revisions\/10100"}],"wp:attachment":[{"href":"https:\/\/blogs.diariovasco.com\/apartirdelos50\/wp-json\/wp\/v2\/media?parent=10096"}],"wp:term":[{"taxonomy":"category","embeddable":true,"href":"https:\/\/blogs.diariovasco.com\/apartirdelos50\/wp-json\/wp\/v2\/categories?post=10096"},{"taxonomy":"post_tag","embeddable":true,"href":"https:\/\/blogs.diariovasco.com\/apartirdelos50\/wp-json\/wp\/v2\/tags?post=10096"}],"curies":[{"name":"wp","href":"https:\/\/api.w.org\/{rel}","templated":true}]}}