{"id":10228,"date":"2024-09-27T08:16:57","date_gmt":"2024-09-27T07:16:57","guid":{"rendered":"https:\/\/blogs.diariovasco.com\/apartirdelos50\/?p=10228"},"modified":"2024-09-29T08:34:03","modified_gmt":"2024-09-29T07:34:03","slug":"no-se-procastinar","status":"publish","type":"post","link":"https:\/\/blogs.diariovasco.com\/apartirdelos50\/2024\/09\/27\/no-se-procastinar\/","title":{"rendered":"No s\u00e9 procastinar"},"content":{"rendered":"<p><a href=\"https:\/\/static-blogs.diariovasco.com\/wp-content\/uploads\/sites\/19\/2024\/09\/Fideua-Al-Punt.jpg\"><img loading=\"lazy\" src=\"https:\/\/static-blogs.diariovasco.com\/wp-content\/uploads\/sites\/19\/2024\/09\/Fideua-Al-Punt.jpg\" alt=\"\" width=\"528\" height=\"704\" class=\"aligncenter size-full wp-image-10229\" srcset=\"https:\/\/static-blogs.diariovasco.com\/wp-content\/uploads\/sites\/19\/2024\/09\/Fideua-Al-Punt.jpg 528w, https:\/\/static-blogs.diariovasco.com\/wp-content\/uploads\/sites\/19\/2024\/09\/Fideua-Al-Punt-225x300.jpg 225w\" sizes=\"(max-width: 528px) 100vw, 528px\" \/><\/a><br \/>\nLlevo en mi  peque\u00f1o oasis mediterr\u00e1neo cuatro d\u00edas con sus noches, que tambi\u00e9n cuentan en lo del disfrute aunque no sea por lo lujurioso pero s\u00ed por el excelso dormir, cuatro desayunos, cuatro comidas y cuatro amagos de cena, y ya no queda nada en el frigo de lo poco que traje de Donostia.<br \/>\nLo de ir al bar de enfrente ya no mola tanto porque me dan m\u00e1s palique del que necesito.<br \/>\nLo \u00faltimo fue que ped\u00ed \u201cpara llevar\u201d y me dijeron que no ten\u00edan t\u00e1pers, que los usaban para dar agua a los perros, qu\u00e9 detalle, mira t\u00fa. El caso es que no me qued\u00f3 m\u00e1s remedio que plantearme \u2013digo \u201cplantearme\u201d- ir a hacer la compra, que tambi\u00e9n se me acaba el papel higi\u00e9nico y ya se sabe que es el art\u00edculo Number One ante una emergencia nuclear o pandemia.<br \/>\nResuelto el desayuno con un t\u00e9 y varios mendrugos tostados, me voy a la playa como todas las ma\u00f1anas para coger fuerzas ante el \u201ctrabajo de H\u00e9rcules\u201d que me espera a la tarde.<\/p>\n<p>Pero ya se me ha metido la mosca cojonera en la mente y mientras doy mi paseo por la orilla, voy haciendo la lista de lo que tengo que comprar. Los b\u00e1sicos para el \u201cpan tumaca\u201d, fruta y verdura de aire libre que aqu\u00ed hay mucho huerto de pay\u00e9s y pescado del mar que adem\u00e1s de tener \u201cminerales\u201d se puede congelar. Carne no compro porque la veo expuesta y se me revuelven las tripas. Y cervezas 0,00% -que no me gusta el alcohol sin compa\u00f1\u00eda-. Aqu\u00ed hago dieta mediterr\u00e1nea por pura coherencia adem\u00e1s de que lo ponen muy f\u00e1cil.<\/p>\n<p>Pensando todo esto termino el paseo, termino el ba\u00f1o, termino el caf\u00e9 con leche del chiringuito \u2013que se ha levantado aire y tengo el cuerpo demasiado fresco- y termino de tomar la decisi\u00f3n del d\u00eda: que me voy a hacer la compra ya mismo y as\u00ed acabo antes con la angustia esta del hipermercado.<\/p>\n<p>As\u00ed que recojo mis aperos y me meto en el coche poniendo la toalla en el asiento para disimular que todo lo voy a mojar y me hago cinco kil\u00f3metros hacia la izquierda a un sitio donde hay menos gente, mucha menos gente que en los otros b\u00fankeres de alimentos. \u00bfPor qu\u00e9 ser\u00e1\u2026?<br \/>\nReprimo y aparto las normas sacrosantas de mi amona Julia de ir a los sitios bien \u201cpresentable\u201d y chancleteo impunemente por el lugar con la camisola empapada y el traje de ba\u00f1o bien pegadito a la tela. La melena mojada y con las pinzas en su sitio. Qu\u00e9 pintas llevo, mare de Deu. Por si acaso me dejo puestas las gafas de sol.<br \/>\nEn quince minutos m\u00e1s o menos \u2013 ya que sigo sin mirar el reloj- misi\u00f3n cumplida y para pagar me niego a ir a las cajas de auto-pago (yo no trabajo aqu\u00ed) aunque tenga que esperar pacientemente a que sea mi turno en la \u00fanica caja regentada por un ser humano.<\/p>\n<p>Vuelvo a casa para preservar del calor los alimentos \u2013qu\u00e9 maravilla de temperatura, 25\u00ba con brisa suave- y decido que me he ganado un verm\u00fa con aceitunas. Y como nunca bebo sola me voy al bar\u2026y que sea lo que Dios quiera.<br \/>\n(No hay como tener el frigo lleno para que te inviten a comer fuera. Es que hab\u00edan hecho fideuada y yo no s\u00e9 resistirme a seg\u00fan qu\u00e9 tentaciones).<\/p>\n<p>Felices los felices y yo me pido primer. <\/p>\n<p>LaAlquimista<\/p>\n<p>Por si alguien desea contactar:<br \/>\nApartirdelos50@gmail.com<\/p>\n<!-- AddThis Advanced Settings generic via filter on the_content --><!-- AddThis Share Buttons generic via filter on the_content -->","protected":false},"excerpt":{"rendered":"<p>Llevo en mi peque\u00f1o oasis mediterr\u00e1neo cuatro d\u00edas con sus noches, que tambi\u00e9n cuentan en lo del disfrute aunque no sea por lo lujurioso pero s\u00ed por el excelso dormir, cuatro desayunos, cuatro comidas y cuatro amagos de cena, y ya no queda nada en el frigo de lo poco que traje de Donostia. Lo [&hellip;]<!-- AddThis Advanced Settings generic via filter on get_the_excerpt --><!-- AddThis Share Buttons generic via filter on get_the_excerpt --><\/p>\n","protected":false},"author":34,"featured_media":0,"comment_status":"open","ping_status":"closed","sticky":false,"template":"","format":"standard","meta":[],"categories":[2],"tags":[1536],"_links":{"self":[{"href":"https:\/\/blogs.diariovasco.com\/apartirdelos50\/wp-json\/wp\/v2\/posts\/10228"}],"collection":[{"href":"https:\/\/blogs.diariovasco.com\/apartirdelos50\/wp-json\/wp\/v2\/posts"}],"about":[{"href":"https:\/\/blogs.diariovasco.com\/apartirdelos50\/wp-json\/wp\/v2\/types\/post"}],"author":[{"embeddable":true,"href":"https:\/\/blogs.diariovasco.com\/apartirdelos50\/wp-json\/wp\/v2\/users\/34"}],"replies":[{"embeddable":true,"href":"https:\/\/blogs.diariovasco.com\/apartirdelos50\/wp-json\/wp\/v2\/comments?post=10228"}],"version-history":[{"count":1,"href":"https:\/\/blogs.diariovasco.com\/apartirdelos50\/wp-json\/wp\/v2\/posts\/10228\/revisions"}],"predecessor-version":[{"id":10230,"href":"https:\/\/blogs.diariovasco.com\/apartirdelos50\/wp-json\/wp\/v2\/posts\/10228\/revisions\/10230"}],"wp:attachment":[{"href":"https:\/\/blogs.diariovasco.com\/apartirdelos50\/wp-json\/wp\/v2\/media?parent=10228"}],"wp:term":[{"taxonomy":"category","embeddable":true,"href":"https:\/\/blogs.diariovasco.com\/apartirdelos50\/wp-json\/wp\/v2\/categories?post=10228"},{"taxonomy":"post_tag","embeddable":true,"href":"https:\/\/blogs.diariovasco.com\/apartirdelos50\/wp-json\/wp\/v2\/tags?post=10228"}],"curies":[{"name":"wp","href":"https:\/\/api.w.org\/{rel}","templated":true}]}}