{"id":10246,"date":"2024-10-04T18:23:03","date_gmt":"2024-10-04T17:23:03","guid":{"rendered":"https:\/\/blogs.diariovasco.com\/apartirdelos50\/?p=10246"},"modified":"2024-10-04T18:23:03","modified_gmt":"2024-10-04T17:23:03","slug":"la-gente-esta-muy-cansada","status":"publish","type":"post","link":"https:\/\/blogs.diariovasco.com\/apartirdelos50\/2024\/10\/04\/la-gente-esta-muy-cansada\/","title":{"rendered":"La gente est\u00e1 muy cansada"},"content":{"rendered":"<p><a href=\"https:\/\/static-blogs.diariovasco.com\/wp-content\/uploads\/sites\/19\/2024\/10\/460956429_10160594412932877_6687517625940397388_n.jpg\"><img loading=\"lazy\" src=\"https:\/\/static-blogs.diariovasco.com\/wp-content\/uploads\/sites\/19\/2024\/10\/460956429_10160594412932877_6687517625940397388_n.jpg\" alt=\"\" width=\"276\" height=\"183\" class=\"aligncenter size-full wp-image-10247\" \/><\/a><br \/>\nLo veo todos los d\u00edas y me lo cuentan hasta en el ascensor: \u201cesta vida es un sinvivir\u201d, me dicen aqu\u00ed y all\u00e1. Personas adultas mayores que est\u00e1n hasta el gorro de no poder descansar porque ahora \u201ctoca\u201d cuidar de nietos alborotadores, echar una mano a los hijos o desvivirse por padres ancianos que est\u00e1n \u201cm\u00e1s para all\u00e1\u201d que otra cosa. Ambas ramas del \u00e1rbol geneal\u00f3gico se comen la energ\u00eda necesaria para estar equilibrado, impiden descansar y, sobre todo, generan un runr\u00fan de continuo descontento.<\/p>\n<p>A todos los veo muy cansados, demasiado. Me cuentan cuitas dolorosas o, desde el silencio, observo el gesto desanimado que no pueden disimular. Enfermedades, molestias de todo tipo, problemas cotidianos: la vida, dicen.<\/p>\n<p>Yo me limito a escuchar y me ahorro ese anodino: \u201csi necesitas algo, ya sabes\u201d, que tiene poco peso emocional y no siempre se dice de coraz\u00f3n.<\/p>\n<p>Me pregunto por qu\u00e9 casi nadie dice que est\u00e1 feliz, por qu\u00e9 la queja es como un nubarr\u00f3n que lo cubre todo y no deja pasar el sol.<\/p>\n<p>En fin. Pensamientos de un d\u00eda cualquiera antes de desayunar.<\/p>\n<p>Felices los felices, malgr\u00e9 tout.<\/p>\n<p>LaAlquimista<br \/>\nTe invito a visitar mi p\u00e1gina en Facebook.<br \/>\nhttps:\/\/www.facebook.com\/apartirdelos50\/<br \/>\nPor si alguien desea contactar:<br \/>\napartirdeloscincuenta@gmail.com<\/p>\n<!-- AddThis Advanced Settings generic via filter on the_content --><!-- AddThis Share Buttons generic via filter on the_content -->","protected":false},"excerpt":{"rendered":"<p>Lo veo todos los d\u00edas y me lo cuentan hasta en el ascensor: \u201cesta vida es un sinvivir\u201d, me dicen aqu\u00ed y all\u00e1. Personas adultas mayores que est\u00e1n hasta el gorro de no poder descansar porque ahora \u201ctoca\u201d cuidar de nietos alborotadores, echar una mano a los hijos o desvivirse por padres ancianos que est\u00e1n [&hellip;]<!-- AddThis Advanced Settings generic via filter on get_the_excerpt --><!-- AddThis Share Buttons generic via filter on get_the_excerpt --><\/p>\n","protected":false},"author":34,"featured_media":0,"comment_status":"open","ping_status":"closed","sticky":false,"template":"","format":"standard","meta":[],"categories":[1],"tags":[],"_links":{"self":[{"href":"https:\/\/blogs.diariovasco.com\/apartirdelos50\/wp-json\/wp\/v2\/posts\/10246"}],"collection":[{"href":"https:\/\/blogs.diariovasco.com\/apartirdelos50\/wp-json\/wp\/v2\/posts"}],"about":[{"href":"https:\/\/blogs.diariovasco.com\/apartirdelos50\/wp-json\/wp\/v2\/types\/post"}],"author":[{"embeddable":true,"href":"https:\/\/blogs.diariovasco.com\/apartirdelos50\/wp-json\/wp\/v2\/users\/34"}],"replies":[{"embeddable":true,"href":"https:\/\/blogs.diariovasco.com\/apartirdelos50\/wp-json\/wp\/v2\/comments?post=10246"}],"version-history":[{"count":1,"href":"https:\/\/blogs.diariovasco.com\/apartirdelos50\/wp-json\/wp\/v2\/posts\/10246\/revisions"}],"predecessor-version":[{"id":10248,"href":"https:\/\/blogs.diariovasco.com\/apartirdelos50\/wp-json\/wp\/v2\/posts\/10246\/revisions\/10248"}],"wp:attachment":[{"href":"https:\/\/blogs.diariovasco.com\/apartirdelos50\/wp-json\/wp\/v2\/media?parent=10246"}],"wp:term":[{"taxonomy":"category","embeddable":true,"href":"https:\/\/blogs.diariovasco.com\/apartirdelos50\/wp-json\/wp\/v2\/categories?post=10246"},{"taxonomy":"post_tag","embeddable":true,"href":"https:\/\/blogs.diariovasco.com\/apartirdelos50\/wp-json\/wp\/v2\/tags?post=10246"}],"curies":[{"name":"wp","href":"https:\/\/api.w.org\/{rel}","templated":true}]}}