{"id":10305,"date":"2024-10-15T07:15:54","date_gmt":"2024-10-15T06:15:54","guid":{"rendered":"https:\/\/blogs.diariovasco.com\/apartirdelos50\/?p=10305"},"modified":"2024-10-15T08:17:10","modified_gmt":"2024-10-15T07:17:10","slug":"lecturas-para-el-nuevo-curso","status":"publish","type":"post","link":"https:\/\/blogs.diariovasco.com\/apartirdelos50\/2024\/10\/15\/lecturas-para-el-nuevo-curso\/","title":{"rendered":"Lecturas para el nuevo curso"},"content":{"rendered":"<p><a href=\"https:\/\/static-blogs.diariovasco.com\/wp-content\/uploads\/sites\/19\/2024\/10\/69-3.jpg\"><img loading=\"lazy\" src=\"https:\/\/static-blogs.diariovasco.com\/wp-content\/uploads\/sites\/19\/2024\/10\/69-3.jpg\" alt=\"\" width=\"704\" height=\"396\" class=\"aligncenter size-full wp-image-10306\" \/><\/a><\/p>\n<p>Hay temporadas en las que me convierto en una \u201cdevoradora de libros\u201d y s\u00e9 que eso no es bueno porque se me cuelan \u201ccoles\u201d entre las \u201clechugas\u201d y, al fin y al cabo, es tiempo perdido y desgaste neuronal para nada.<br \/>\nNo obstante, como no soy ni por asomo una \u201cintelectual\u201d, pues tengo que picotear de aqu\u00ed y de all\u00e1 y entender c\u00f3mo la historia de los escritores y las editoriales viendo que se venden como churros \u2013haciendo honor a su nombre- aut\u00e9nticos \u201cchurros\u201d literarios.<br \/>\nAl igual que veo las pel\u00edculas que se estrenan, tambi\u00e9n leo las novedades librescas,-que no todas, porque lo del \u201cbest seller\u201d me chirr\u00eda lo que no est\u00e1 escrito, pero siempre en papel. En eso soy absolutamente puntillosa porque el libro de papel \u201chuele\u201d mucho mejor que una pantalla l\u00edquida. Y su perfume me acompa\u00f1a durante la entrega lectora. Doble lujo si el libro es bueno\u2026<\/p>\n<!-- AddThis Advanced Settings generic via filter on the_content --><!-- AddThis Share Buttons generic via filter on the_content -->","protected":false},"excerpt":{"rendered":"<p>Hay temporadas en las que me convierto en una \u201cdevoradora de libros\u201d y s\u00e9 que eso no es bueno porque se me cuelan \u201ccoles\u201d entre las \u201clechugas\u201d y, al fin y al cabo, es tiempo perdido y desgaste neuronal para nada. No obstante, como no soy ni por asomo una \u201cintelectual\u201d, pues tengo que picotear [&hellip;]<!-- AddThis Advanced Settings generic via filter on get_the_excerpt --><!-- AddThis Share Buttons generic via filter on get_the_excerpt --><\/p>\n","protected":false},"author":34,"featured_media":0,"comment_status":"open","ping_status":"closed","sticky":false,"template":"","format":"standard","meta":[],"categories":[1],"tags":[],"_links":{"self":[{"href":"https:\/\/blogs.diariovasco.com\/apartirdelos50\/wp-json\/wp\/v2\/posts\/10305"}],"collection":[{"href":"https:\/\/blogs.diariovasco.com\/apartirdelos50\/wp-json\/wp\/v2\/posts"}],"about":[{"href":"https:\/\/blogs.diariovasco.com\/apartirdelos50\/wp-json\/wp\/v2\/types\/post"}],"author":[{"embeddable":true,"href":"https:\/\/blogs.diariovasco.com\/apartirdelos50\/wp-json\/wp\/v2\/users\/34"}],"replies":[{"embeddable":true,"href":"https:\/\/blogs.diariovasco.com\/apartirdelos50\/wp-json\/wp\/v2\/comments?post=10305"}],"version-history":[{"count":2,"href":"https:\/\/blogs.diariovasco.com\/apartirdelos50\/wp-json\/wp\/v2\/posts\/10305\/revisions"}],"predecessor-version":[{"id":10310,"href":"https:\/\/blogs.diariovasco.com\/apartirdelos50\/wp-json\/wp\/v2\/posts\/10305\/revisions\/10310"}],"wp:attachment":[{"href":"https:\/\/blogs.diariovasco.com\/apartirdelos50\/wp-json\/wp\/v2\/media?parent=10305"}],"wp:term":[{"taxonomy":"category","embeddable":true,"href":"https:\/\/blogs.diariovasco.com\/apartirdelos50\/wp-json\/wp\/v2\/categories?post=10305"},{"taxonomy":"post_tag","embeddable":true,"href":"https:\/\/blogs.diariovasco.com\/apartirdelos50\/wp-json\/wp\/v2\/tags?post=10305"}],"curies":[{"name":"wp","href":"https:\/\/api.w.org\/{rel}","templated":true}]}}