{"id":10349,"date":"2024-10-22T06:10:59","date_gmt":"2024-10-22T05:10:59","guid":{"rendered":"https:\/\/blogs.diariovasco.com\/apartirdelos50\/?p=10349"},"modified":"2024-10-22T06:21:13","modified_gmt":"2024-10-22T05:21:13","slug":"lluvia","status":"publish","type":"post","link":"https:\/\/blogs.diariovasco.com\/apartirdelos50\/2024\/10\/22\/lluvia\/","title":{"rendered":"LLuvia"},"content":{"rendered":"<p><a href=\"https:\/\/static-blogs.diariovasco.com\/wp-content\/uploads\/sites\/19\/2024\/08\/Cecilia-dibujo-retrato.jpg\"><img loading=\"lazy\" class=\"aligncenter size-large wp-image-10122\" src=\"https:\/\/static-blogs.diariovasco.com\/wp-content\/uploads\/sites\/19\/2024\/08\/Cecilia-dibujo-retrato-768x1024.jpg\" alt=\"\" width=\"768\" height=\"1024\" srcset=\"https:\/\/static-blogs.diariovasco.com\/wp-content\/uploads\/sites\/19\/2024\/08\/Cecilia-dibujo-retrato-768x1024.jpg 768w, https:\/\/static-blogs.diariovasco.com\/wp-content\/uploads\/sites\/19\/2024\/08\/Cecilia-dibujo-retrato-225x300.jpg 225w, https:\/\/static-blogs.diariovasco.com\/wp-content\/uploads\/sites\/19\/2024\/08\/Cecilia-dibujo-retrato.jpg 1536w\" sizes=\"(max-width: 768px) 100vw, 768px\" \/><\/a><br \/>\nEstoy en la cama viendo llover.<br \/>\nNo.<br \/>\nRectifico.<br \/>\nEstoy viendo llover desde mi cama.<br \/>\nNo estoy enferma ni nada parecido.<br \/>\nBueno, quiz\u00e1s algo mustia,<br \/>\npero eso me viene de nacimiento.<br \/>\nO tampoco.<br \/>\nNo tengo ning\u00fan trastorno ciclot\u00edmico,<br \/>\nsimplemente me dejo llevar.<br \/>\nPor fin.<br \/>\nDejarme llevar.<br \/>\n\u00bfLujo o debilidad?<br \/>\nEl ventanal \u2013que significa ventana grande-<br \/>\nse pinta de muchos \u00e1rboles,<br \/>\ntanto cielo y un par de casas,<br \/>\nal fondo.<br \/>\nPienso si me mirar\u00e1n con prism\u00e1ticos.<br \/>\nPorque no tengo cortinas.<br \/>\nAs\u00ed contemplo el paisaje<br \/>\nsin estorbos decorativos.<br \/>\nContemplar la lluvia azotada por el viento.<br \/>\nPorque quiero, porque me hace bien.<br \/>\nY resguardada, protegida.<\/p>\n<p>Como cuando no contesto<br \/>\nComo cuando no aparezco<br \/>\nComo cuando no estoy.<\/p>\n<p>Como cuando no me llaman<br \/>\nComo cuando no me buscan<br \/>\nComo cuando no existo.<\/p>\n<p>La lluvia.<br \/>\nLava y da vida.<br \/>\nMolesta y enferma.<br \/>\nLa lluvia es agua<br \/>\nque se puede beber.<br \/>\nLo he visto en pel\u00edculas.<br \/>\nLo he le\u00eddo en libros.<br \/>\nPero bebo agua filtrada,<br \/>\nM\u00e1s pura, m\u00e1s sana\u2026<\/p>\n<p>La lluvia tiene poes\u00eda<br \/>\nen cada una de sus gotas.<br \/>\nL\u00e1stima no ser poeta<br \/>\npara beber de esa fuente<\/p>\n<p>Palabras: Cecilia Casado\u00b4<br \/>\nApunte: Viktor G\u00f3mez Ferrer Valentinos<\/p>\n<!-- AddThis Advanced Settings generic via filter on the_content --><!-- AddThis Share Buttons generic via filter on the_content -->","protected":false},"excerpt":{"rendered":"<p>Estoy en la cama viendo llover. No. Rectifico. Estoy viendo llover desde mi cama. No estoy enferma ni nada parecido. Bueno, quiz\u00e1s algo mustia, pero eso me viene de nacimiento. O tampoco. No tengo ning\u00fan trastorno ciclot\u00edmico, simplemente me dejo llevar. Por fin. Dejarme llevar. \u00bfLujo o debilidad? El ventanal \u2013que significa ventana grande- se [&hellip;]<!-- AddThis Advanced Settings generic via filter on get_the_excerpt --><!-- AddThis Share Buttons generic via filter on get_the_excerpt --><\/p>\n","protected":false},"author":34,"featured_media":0,"comment_status":"open","ping_status":"closed","sticky":false,"template":"","format":"standard","meta":[],"categories":[1],"tags":[],"_links":{"self":[{"href":"https:\/\/blogs.diariovasco.com\/apartirdelos50\/wp-json\/wp\/v2\/posts\/10349"}],"collection":[{"href":"https:\/\/blogs.diariovasco.com\/apartirdelos50\/wp-json\/wp\/v2\/posts"}],"about":[{"href":"https:\/\/blogs.diariovasco.com\/apartirdelos50\/wp-json\/wp\/v2\/types\/post"}],"author":[{"embeddable":true,"href":"https:\/\/blogs.diariovasco.com\/apartirdelos50\/wp-json\/wp\/v2\/users\/34"}],"replies":[{"embeddable":true,"href":"https:\/\/blogs.diariovasco.com\/apartirdelos50\/wp-json\/wp\/v2\/comments?post=10349"}],"version-history":[{"count":4,"href":"https:\/\/blogs.diariovasco.com\/apartirdelos50\/wp-json\/wp\/v2\/posts\/10349\/revisions"}],"predecessor-version":[{"id":10379,"href":"https:\/\/blogs.diariovasco.com\/apartirdelos50\/wp-json\/wp\/v2\/posts\/10349\/revisions\/10379"}],"wp:attachment":[{"href":"https:\/\/blogs.diariovasco.com\/apartirdelos50\/wp-json\/wp\/v2\/media?parent=10349"}],"wp:term":[{"taxonomy":"category","embeddable":true,"href":"https:\/\/blogs.diariovasco.com\/apartirdelos50\/wp-json\/wp\/v2\/categories?post=10349"},{"taxonomy":"post_tag","embeddable":true,"href":"https:\/\/blogs.diariovasco.com\/apartirdelos50\/wp-json\/wp\/v2\/tags?post=10349"}],"curies":[{"name":"wp","href":"https:\/\/api.w.org\/{rel}","templated":true}]}}