{"id":10415,"date":"2024-11-03T19:42:46","date_gmt":"2024-11-03T18:42:46","guid":{"rendered":"https:\/\/blogs.diariovasco.com\/apartirdelos50\/?p=10415"},"modified":"2024-11-03T19:42:46","modified_gmt":"2024-11-03T18:42:46","slug":"excursion-a-catarroja-2-nov-2024","status":"publish","type":"post","link":"https:\/\/blogs.diariovasco.com\/apartirdelos50\/2024\/11\/03\/excursion-a-catarroja-2-nov-2024\/","title":{"rendered":"&#8220;Excursi\u00f3n&#8221; a Catarroja. (2 Nov.2024)"},"content":{"rendered":"<p><a href=\"https:\/\/static-blogs.diariovasco.com\/wp-content\/uploads\/sites\/19\/2024\/11\/465278291_10160702525037877_7062530733650058807_n.jpg\"><img loading=\"lazy\" class=\"aligncenter size-full wp-image-10416\" src=\"https:\/\/static-blogs.diariovasco.com\/wp-content\/uploads\/sites\/19\/2024\/11\/465278291_10160702525037877_7062530733650058807_n.jpg\" alt=\"\" width=\"944\" height=\"960\" srcset=\"https:\/\/static-blogs.diariovasco.com\/wp-content\/uploads\/sites\/19\/2024\/11\/465278291_10160702525037877_7062530733650058807_n.jpg 944w, https:\/\/static-blogs.diariovasco.com\/wp-content\/uploads\/sites\/19\/2024\/11\/465278291_10160702525037877_7062530733650058807_n-295x300.jpg 295w, https:\/\/static-blogs.diariovasco.com\/wp-content\/uploads\/sites\/19\/2024\/11\/465278291_10160702525037877_7062530733650058807_n-768x781.jpg 768w\" sizes=\"(max-width: 944px) 100vw, 944px\" \/><\/a><\/p>\n<p>Relato en primera persona de dos voluntarios valencianos.<\/p>\n<p>\u201cMi marido y yo llevamos viviendo en Valencia capital unos pocos meses. Todav\u00eda estamos cogi\u00e9ndole el pulso a la ciudad, su cultura y sus gentes cuando la terrible DANA ha sacudido toda la vida que nos rodea. Desde el martes 29 hemos asistido horrorizados al espect\u00e1culo televisivo de la devastaci\u00f3n y el horror y, como tantos miles de personas, la inquietud por \u201chacer algo\u201d nos ten\u00eda con el coraz\u00f3n encogido.<\/p>\n<p>Gui\u00e1ndonos por los mensajes de las redes sociales supimos que en el pueblo de Catarroja \u2013a 7,5 kms. de la capital- no hab\u00edan recibido apenas ning\u00fan tipo de ayuda: ni profesional ni de voluntarios, as\u00ed que decidimos ir por nuestra cuenta andando, pertrechados de lo elemental (material de limpieza y las mochilas llenas de comida y productos de higiene), con botas de agua, guantes, mascarillas y tanto miedo como esperanza de poder ayudar.<\/p>\n<p>En el peque\u00f1o supermercado de nuestra calle no hab\u00eda apenas alimentos para comprar: ni fruta ni nada fresco o natural, as\u00ed que compramos comida de f\u00e1cil consumo y productos de higiene. En la panader\u00eda hab\u00eda una cola de tant\u00edsima gente que la sensaci\u00f3n era de catastrofismo y tragedia latente. Despu\u00e9s de una larga espera nos alcanza para unas pocas barras de pan, casi las \u00faltimas, menos mal.<\/p>\n<p>Vivimos en una larga calle que es camino de salida hacia el sur de la ciudad y pronto nos hemos juntado con miles de personas que caminaban en la misma direcci\u00f3n y con las mismas intenciones: ayudar como fuera. Pero no ha sido una \u201cexcursi\u00f3n\u201d de s\u00e1bado con los colegas sino una odisea trist\u00edsima desde los primeros metros en los que la carretera se convierte en un puro camino de barro donde el primer peligro es el de resbalar y caer al suelo con todo el equipo. L\u00f3gicamente el avance es muy lento, hay que chapotear y tener cuidado con lo que se pisa; el sol se ha levantado hoy fuerte y va a castigar, eso ya se va viendo.<\/p>\n<p>Las pedan\u00edas o pueblos m\u00e1s cercanos a la capital son los que antes han recibido la ayuda de los bomberos que achican agua de los s\u00f3tanos y garajes y de los voluntarios que se han acercado en n\u00famero de miles. Sin embargo, cuanto m\u00e1s lejos, menos ayuda; de hecho, fuimos hasta Catarroja por tener conocimiento de que nadie, cinco d\u00edas despu\u00e9s de la tragedia, hab\u00eda ido a ofrecerles ayuda y eran los propios vecinos los que estaban luchando contra el barro que anegaba sus viviendas e intentando subsistir con la m\u00ednima infraestructura de supervivencia.<\/p>\n<p>Esas im\u00e1genes de filas de miles de voluntarios que se han visto en bucle en la televisi\u00f3n se convert\u00edan en no mucho m\u00e1s que una \u201cfila de hormigas\u201d al llegar a Catarroja. Los grupos de gente con la desesperaci\u00f3n marcada en sus caras llenaban los espacios libres en las calles o frente a sus casas devastadas porque la mayor\u00eda del espacio lo ocupaban coches apelotonados y monta\u00f1as de \u201cbasura\u201d que no son otra cosa que sus vidas reducidas a los efectos personales embarrados, inservibles, expuestos al aire libre como peque\u00f1as monta\u00f1as de vida reducida a la nada. Hemos ofrecido la comida que llev\u00e1bamos y unas mujeres desde un balc\u00f3n nos dicen que no les hac\u00eda falta pero que \u201cen las calles de m\u00e1s all\u00e1\u201d probablemente s\u00ed la necesitar\u00edan. De muy mala manera, zigzagueando entre un escenario mitad dist\u00f3pico mitad apocal\u00edptico, llegamos al otro lado del pueblo. Asustados, casi sin hablar entre nosotros, con los m\u00f3viles guardados porque\u2026\u00bfqu\u00e9 necesidad ten\u00edamos de filmar la tragedia, el desastre?<\/p>\n<p>Nadie dirig\u00eda, organizaba ni controlaba la situaci\u00f3n. All\u00ed no hemos visto ni polic\u00eda, ni personas de ninguna organizaci\u00f3n de las conocidas. As\u00ed que ha sido tan sencillo como preguntar: -\u201c\u00bfNecesitan ayuda, qu\u00e9 podemos hacer\u201d?<\/p>\n<p>Nos paramos con una familia que llevan tres d\u00edas intentando vaciar su casa, en un bajo, sin ninguna ayuda, de barro, muebles, enseres y todo lo destruido. Mi marido consigui\u00f3 sacar a la calle el frigor\u00edfico, la lavadora, lo de m\u00e1s volumen mientras yo limpiaba a paletadas barro y m\u00e1s barro hacia afuera, a una alcantarilla que estaba abierta. Muchos m\u00e1s voluntarios han llegado tambi\u00e9n al pueblo y durante cinco horas sin parar se ha intentado \u201chacer algo\u201d, parece que es mucho, pero sigue siendo poco porque las monta\u00f1as de chatarra y de muebles y enseres apilados en las calles hay que retirarlos con veh\u00edculos especiales, palas cargadoras y gr\u00faas manejados por conductores profesionales. A las tres de la tarde la familia de la casa nos ofreci\u00f3 de comer, nos dijeron que descans\u00e1ramos, que ya hab\u00edamos hecho suficiente, nos agradec\u00edan con miradas tan intensas que conten\u00edan todas las palabras.<\/p>\n<p>Al desandar el camino hacia nuestra casa hemos vuelto con las mochilas vac\u00edas y el coraz\u00f3n cargado de pesadumbre. En silencio, apenas roto por la congoja que intenta salir a borbotones. Iba a decir que \u201cno hay palabras para contar lo visto ni expresar lo sentido\u201d, pero s\u00ed que las hay y se pueden resumir en lo que dijo por la noche la periodista Mar\u00eda Casado que lleg\u00f3 con el equipo de Televisi\u00f3n Espa\u00f1ola al mismo pueblo de Catarroja: \u201cEsto es un puto horror\u201d. As\u00ed tal cual, lo resumi\u00f3 en directo y para todo el pa\u00eds.<\/p>\n<p>Hoy, domingo, parece que va a llover y piden que los voluntarios no se acerquen a las zonas devastadas; que van a entrar con maquinaria pesada a desescombrar, que ya no hacemos falta, que gracias y a quedarse en casa viendo en la televisi\u00f3n la visita del Jefe del Estado y su se\u00f1ora esposa. Habr\u00e1 que ver qu\u00e9 modelitos se ponen para la foto\u2026\u201d<\/p>\n<p>&#8212;&#8212;&#8212;&#8212;&#8212;&#8212;&#8212;&#8212;&#8212;&#8212;&#8212;&#8212;&#8212;&#8212;&#8212;&#8212;&#8212;&#8212;&#8212;&#8212;&#8212;&#8212;&#8212;&#8212;&#8212;&#8212;&#8212;&#8212;&#8212;&#8212;&#8212;&#8212;&#8212;&#8212;&#8212;&#8212;<\/p>\n<p>***Felices los felices, a\u00f1ado yo con la emoci\u00f3n en la punta de los dedos, que tan solo me he limitado a dar forma escrita a su testimonio verbal.<\/p>\n<p>Gracias de todo coraz\u00f3n a ellos y a todos los que hacen algo por los dem\u00e1s en vez de criticar.<\/p>\n<p>Tambi\u00e9n aprovecho para recordar que TODOS PODEMOS AYUDAR.<\/p>\n<p>Por el precio de un par de copas hagamos una DONACI\u00d3N a cualquiera de las cuentas de asociaciones humanitarias honestas.<\/p>\n<p>No nos quedemos en el &#8220;no se puede hacer nada&#8221;, porque s\u00ed se puede.<\/p>\n<p>LaAlquimista<\/p>\n<p>Te invito a visitar mi p\u00e1gina en Facebook.<\/p>\n<p><a href=\"https:\/\/www.facebook.com\/apartirdelos50\/\" rel=\"external nofollow\">https:\/\/www.facebook.com\/apartirdelos50\/<\/a><\/p>\n<p><em>Por si alguien desea contactar:<\/em><\/p>\n<p><a href=\"mailto:apartirdeloscincuenta@gmail.com\">apartirdeloscincuenta@gmail.com<\/a><\/p>\n<p>&nbsp;<\/p>\n<!-- AddThis Advanced Settings generic via filter on the_content --><!-- AddThis Share Buttons generic via filter on the_content -->","protected":false},"excerpt":{"rendered":"<p>Relato en primera persona de dos voluntarios valencianos. \u201cMi marido y yo llevamos viviendo en Valencia capital unos pocos meses. Todav\u00eda estamos cogi\u00e9ndole el pulso a la ciudad, su cultura y sus gentes cuando la terrible DANA ha sacudido toda la vida que nos rodea. Desde el martes 29 hemos asistido horrorizados al espect\u00e1culo televisivo [&hellip;]<!-- AddThis Advanced Settings generic via filter on get_the_excerpt --><!-- AddThis Share Buttons generic via filter on get_the_excerpt --><\/p>\n","protected":false},"author":34,"featured_media":0,"comment_status":"open","ping_status":"closed","sticky":false,"template":"","format":"standard","meta":[],"categories":[1],"tags":[],"_links":{"self":[{"href":"https:\/\/blogs.diariovasco.com\/apartirdelos50\/wp-json\/wp\/v2\/posts\/10415"}],"collection":[{"href":"https:\/\/blogs.diariovasco.com\/apartirdelos50\/wp-json\/wp\/v2\/posts"}],"about":[{"href":"https:\/\/blogs.diariovasco.com\/apartirdelos50\/wp-json\/wp\/v2\/types\/post"}],"author":[{"embeddable":true,"href":"https:\/\/blogs.diariovasco.com\/apartirdelos50\/wp-json\/wp\/v2\/users\/34"}],"replies":[{"embeddable":true,"href":"https:\/\/blogs.diariovasco.com\/apartirdelos50\/wp-json\/wp\/v2\/comments?post=10415"}],"version-history":[{"count":1,"href":"https:\/\/blogs.diariovasco.com\/apartirdelos50\/wp-json\/wp\/v2\/posts\/10415\/revisions"}],"predecessor-version":[{"id":10417,"href":"https:\/\/blogs.diariovasco.com\/apartirdelos50\/wp-json\/wp\/v2\/posts\/10415\/revisions\/10417"}],"wp:attachment":[{"href":"https:\/\/blogs.diariovasco.com\/apartirdelos50\/wp-json\/wp\/v2\/media?parent=10415"}],"wp:term":[{"taxonomy":"category","embeddable":true,"href":"https:\/\/blogs.diariovasco.com\/apartirdelos50\/wp-json\/wp\/v2\/categories?post=10415"},{"taxonomy":"post_tag","embeddable":true,"href":"https:\/\/blogs.diariovasco.com\/apartirdelos50\/wp-json\/wp\/v2\/tags?post=10415"}],"curies":[{"name":"wp","href":"https:\/\/api.w.org\/{rel}","templated":true}]}}