{"id":10427,"date":"2024-11-05T06:59:17","date_gmt":"2024-11-05T05:59:17","guid":{"rendered":"https:\/\/blogs.diariovasco.com\/apartirdelos50\/?p=10427"},"modified":"2024-11-05T07:42:06","modified_gmt":"2024-11-05T06:42:06","slug":"10427","status":"publish","type":"post","link":"https:\/\/blogs.diariovasco.com\/apartirdelos50\/2024\/11\/05\/10427\/","title":{"rendered":"El post de los libros. Oto\u00f1o."},"content":{"rendered":"<p><a href=\"https:\/\/static-blogs.diariovasco.com\/wp-content\/uploads\/sites\/19\/2024\/10\/69-3.jpg\"><img loading=\"lazy\" class=\"aligncenter size-full wp-image-10306\" src=\"https:\/\/static-blogs.diariovasco.com\/wp-content\/uploads\/sites\/19\/2024\/10\/69-3.jpg\" alt=\"\" width=\"704\" height=\"396\" \/><\/a><\/p>\n<p>Hay temporadas en las que me convierto en una \u201cdevoradora de libros\u201d y s\u00e9 que eso no es bueno porque se me cuelan \u201ccoles\u201d entre las \u201clechugas\u201d y, al fin y al cabo, es tiempo perdido y desgaste neuronal para nada.<\/p>\n<p>No obstante, como no soy ni por asomo una \u201cintelectual\u201d, pues tengo que picotear de aqu\u00ed y de all\u00e1 y entender c\u00f3mo funciona la historia de los escritores y las editoriales viendo que se venden como churros \u2013haciendo honor a su nombre- aut\u00e9nticos \u201cchurros\u201d literarios.<\/p>\n<p>Al igual que veo las pel\u00edculas que se estrenan, tambi\u00e9n leo las novedades librescas,-que no todas, porque lo del \u201cbest seller\u201d me chirr\u00eda lo que no est\u00e1 escrito, pero siempre en papel. En eso soy absolutamente puntillosa porque el libro de papel \u201chuele\u201d mucho mejor que una pantalla l\u00edquida. Y su perfume me acompa\u00f1a durante la entrega lectora. Doble lujo si el libro es bueno\u2026<\/p>\n<p><strong><em>Lecturas livianas: para pasar un buen rato y quiz\u00e1s hasta para reflexionar otro rato.<\/em><\/strong><\/p>\n<p><u><a href=\"https:\/\/static-blogs.diariovasco.com\/wp-content\/uploads\/sites\/19\/2024\/11\/Cuentos-verdaderos.jpg\"><img loading=\"lazy\" class=\"alignleft size-medium wp-image-10431\" src=\"https:\/\/static-blogs.diariovasco.com\/wp-content\/uploads\/sites\/19\/2024\/11\/Cuentos-verdaderos-225x300.jpg\" alt=\"\" width=\"225\" height=\"300\" srcset=\"https:\/\/static-blogs.diariovasco.com\/wp-content\/uploads\/sites\/19\/2024\/11\/Cuentos-verdaderos-225x300.jpg 225w, https:\/\/static-blogs.diariovasco.com\/wp-content\/uploads\/sites\/19\/2024\/11\/Cuentos-verdaderos.jpg 526w\" sizes=\"(max-width: 225px) 100vw, 225px\" \/><\/a>\u201cCuentos verdaderos<\/u>\u201d de Rosa Montero -2024 &#8211; Madrid 1951 &#8211; 330 p\u00e1ginas<\/p>\n<p>No es una novela lo nuevo que publica esta escritora sino una recopilaci\u00f3n de cr\u00f3nicas y art\u00edculos que escribi\u00f3 entre los a\u00f1os 1978-1988 y fueron publicados en EL PAIS. Un revival, una mirada actual a lo que aconteci\u00f3 hace cincuenta a\u00f1os, que se transcribe tal cual, sin m\u00e1s modificaci\u00f3n que la correcci\u00f3n de alguna errata o gazapo de entonces. Los j\u00f3venes no entender\u00e1n casi nada, seguramente y si es que lo leen. Pero nosotros, los que en aquella \u00e9poca est\u00e1bamos vivitos y coleando luchando con los coletazos del cachalote de la transici\u00f3n\u2026no s\u00e9 yo si nos apetece revivir cr\u00edmenes, desmanes, corrupci\u00f3n, desbarajustes sociales y dislates pol\u00edticos. Tiene su cosa, desde luego, algo as\u00ed como un \u201cInforme semanal\u201d pero con varios lustros de retraso. Le\u00eddo con ganas y una pizca de benevolencia.\u00a0\u00a0\u00a0\u00a0\u00a0\u00a0\u00a0\u00a0\u00a0\u00a0\u00a0\u00a0\u00a0 7\/10<\/p>\n<p><span style=\"text-decoration: underline;\"><a href=\"https:\/\/static-blogs.diariovasco.com\/wp-content\/uploads\/sites\/19\/2024\/11\/El-a\u00f1o-que-matamos-a-Carrillo.jpg\"><img loading=\"lazy\" class=\"alignright size-medium wp-image-10433\" src=\"https:\/\/static-blogs.diariovasco.com\/wp-content\/uploads\/sites\/19\/2024\/11\/El-a\u00f1o-que-matamos-a-Carrillo-225x300.jpg\" alt=\"\" width=\"225\" height=\"300\" srcset=\"https:\/\/static-blogs.diariovasco.com\/wp-content\/uploads\/sites\/19\/2024\/11\/El-a\u00f1o-que-matamos-a-Carrillo-225x300.jpg 225w, https:\/\/static-blogs.diariovasco.com\/wp-content\/uploads\/sites\/19\/2024\/11\/El-a\u00f1o-que-matamos-a-Carrillo.jpg 526w\" sizes=\"(max-width: 225px) 100vw, 225px\" \/><\/a>\u201cEl a\u00f1o que matamos a Carrillo<\/span>\u201d de Isidoro Fern\u00e1ndez\u00a0 -2024 &#8211; Donostia 1957 &#8211; 230 p\u00e1ginas\u00a0A Isidoro le conocemos bien en Donosti. Es un actor que se ha prodigado much\u00edsimo en teatro y televisi\u00f3n. Pero quiz\u00e1s no se le relacione tanto con la escritura como con la interpretaci\u00f3n. Yo tampoco lo sab\u00eda hasta que ha llegado a mis manos esta novela que nos remueve de tantas nostalgias a los que somos de su quinta \u2013y adem\u00e1s donostiarras-. Es una obra para avivar recuerdos de juventud y llevarnos de la mano por aquel camino tan conocido, incluso tan vulgar, por el que la educaci\u00f3n familiar y las exigencias sociales de la \u00e9poca nos obligaban a transitar\u2026 o a arrastrarnos. Los protagonistas, amigos de juventud, pasan por todo o casi todo para acabar\u2026\u00a1como hemos acabado tantos de nosotros!, colgando en un armario trastero ilusiones y utop\u00edas sin molestarnos en ponerlas en alcanfor. \u00bfC\u00f3mo hemos terminado llegando a esta vulgaridad de trabajar \u00fanicamente para ganar dinero? \u00bfPor qu\u00e9 se nos ha olvidado amar y ya lo poco que queda es para inflar la vanidad? Una lectura entretenida que acaba meti\u00e9ndonos el dedo en el ojo. Chapeau!\u00a0\u00a0\u00a0 \u00a0\u00a0\u00a0\u00a0\u00a0\u00a0\u00a0\u00a0\u00a0\u00a0\u00a0\u00a0\u00a0\u00a0\u00a0\u00a0 7\/10<\/p>\n<p><span style=\"text-decoration: underline;\"><a href=\"https:\/\/static-blogs.diariovasco.com\/wp-content\/uploads\/sites\/19\/2024\/11\/La-sombra-del-azar.jpg\"><img loading=\"lazy\" class=\"alignleft size-medium wp-image-10434\" src=\"https:\/\/static-blogs.diariovasco.com\/wp-content\/uploads\/sites\/19\/2024\/11\/La-sombra-del-azar-242x300.jpg\" alt=\"\" width=\"242\" height=\"300\" srcset=\"https:\/\/static-blogs.diariovasco.com\/wp-content\/uploads\/sites\/19\/2024\/11\/La-sombra-del-azar-242x300.jpg 242w, https:\/\/static-blogs.diariovasco.com\/wp-content\/uploads\/sites\/19\/2024\/11\/La-sombra-del-azar-768x951.jpg 768w, https:\/\/static-blogs.diariovasco.com\/wp-content\/uploads\/sites\/19\/2024\/11\/La-sombra-del-azar.jpg 775w\" sizes=\"(max-width: 242px) 100vw, 242px\" \/><\/a>\u201cLa sombra del azar<\/span>\u201d de Patxi Oyaga -2024- Donostia 1961 &#8211; 193 p\u00e1ginas. Un divorciado donostiarra que nos pasea por la ciudad. Un paisano que nos lleva de la mano a Londres. Y todo ello en una trama \u201cdetectivesca\u201d para encontrar a un amigo perdido. De paso nos da sexo lector y se confiesa asiduo usuario de ese escaparate de carne al que se accede f\u00e1cilmente desde el tel\u00e9fono m\u00f3vil. Y los garitos peligrosamente alternativos londinenses se mezclan con el olor del T\u00e1mesis y la asquerosa fritanga de barritas de pescado y patatas congeladas\u2026\u00a1Ah, que es una novela, qu\u00e9 susto! Pensaba que Patxi nos estaba contando su vida\u2026La novela se lee f\u00e1cil incluso con las reflexiones filos\u00f3ficas que hace sobre la vida que nos est\u00e1 tocando padecer. Le\u00ed sus relatos ibicencos en \u201cNeptuno no hace prisioneros\u201d y ahora tengo ganas de sus poemas. Poco a poco me va gustando su estilo narrativo.\u00a0\u00a0\u00a0\u00a0\u00a0\u00a0\u00a0\u00a0\u00a0\u00a0\u00a0\u00a0\u00a0 \u00a0\u00a0\u00a0\u00a0\u00a0\u00a0\u00a0\u00a06\/10<\/p>\n<p><u>\u201cLlevar en la piel\u201d<\/u> de Antonia Lassa\/Luisa Etxenike \u2013Heter\u00f3nimo \u2013 2023 &#8211; San Sebasti\u00e1n 1957 &#8211; 202 p\u00e1ginas. Una novela negra que es m\u00e1s bien gris marengo; con un protagonista extra\u00f1o y algo conspicuo. La trama es sencilla en su dramatizaci\u00f3n, pero es mucho m\u00e1s compleja en lo humano y el deseo. Un abogado de 1,90 que se pinta los labios y lleva botas de mujer de alto tac\u00f3n, que juega a provocar al comisario al que le falta un diente y bastante perspicacia. Un juego evidente que ha jugado la escritora poniendo ella sus reglas. Lo he le\u00eddo de tir\u00f3n a ver qu\u00e9 pasaba. Hay un error tipogr\u00e1fico molesto y recurrente con las tres s\u00edlabas de la palabra francesa \u201crue\u201d que cada vez que aparecen dentro de otra palabra espa\u00f1ola (prueba, trueno, cruel, etc.) se destacan en cursiva.\u00a0Lo del heter\u00f3nimo siempre lo asociar\u00e9 con el gran Fernando Pessoa ya que es un juego intelectual y literario de muy alto nivel.\u00a0\u00a0\u00a0\u00a0\u00a0\u00a0\u00a0\u00a0\u00a0\u00a0\u00a0\u00a0\u00a0\u00a0\u00a0\u00a0\u00a0\u00a0\u00a0\u00a0\u00a0\u00a0\u00a0\u00a0\u00a0 6\/10<\/p>\n<p><u><a href=\"https:\/\/static-blogs.diariovasco.com\/wp-content\/uploads\/sites\/19\/2024\/11\/El-ni\u00f1o.jpg\"><img loading=\"lazy\" class=\"alignleft size-medium wp-image-10435\" src=\"https:\/\/static-blogs.diariovasco.com\/wp-content\/uploads\/sites\/19\/2024\/11\/El-ni\u00f1o-300x197.jpg\" alt=\"\" width=\"300\" height=\"197\" srcset=\"https:\/\/static-blogs.diariovasco.com\/wp-content\/uploads\/sites\/19\/2024\/11\/El-ni\u00f1o-300x197.jpg 300w, https:\/\/static-blogs.diariovasco.com\/wp-content\/uploads\/sites\/19\/2024\/11\/El-ni\u00f1o-768x503.jpg 768w, https:\/\/static-blogs.diariovasco.com\/wp-content\/uploads\/sites\/19\/2024\/11\/El-ni\u00f1o.jpg 960w\" sizes=\"(max-width: 300px) 100vw, 300px\" \/><\/a>\u201cEl ni\u00f1o\u201d<\/u> de Fernando Aramburu -2024- Donostia 1959 270 p\u00e1ginas<\/p>\n<p>Antes de leer este libro creo que es pertinente saber de qu\u00e9 va porque Aramburu creo que se ha dado cuenta de qu\u00e9 es lo que vende .sobre todo en la feria de Frankfurt, que para algo vive en Alemania..\u00a0Otra desgracia m\u00e1s ocurrida en el Pa\u00eds Vasco que \u201cnoveliza\u201d a pesar de que los hechos son reales y los personajes \u2013sobre todo los muertos- est\u00e1n todos juntos en el columbario de Ortuella. Hubo una explosi\u00f3n de gas, producida por un fallo t\u00e9cnico\/humano, en un colegio de ni\u00f1os cuando todos estaban en clase: 50 muertos.\u00a0\u00a0La novela es pura literatura, pero los hechos en los que est\u00e1 inspirada rezuman gran dolor cuarenta a\u00f1os despu\u00e9s. No s\u00e9 si se est\u00e1 vendiendo bien el libro, pero lo que s\u00ed pienso es que habr\u00e1 reabierto grandes heridas emocionales. Tampoco s\u00e9 los porqu\u00e9s del autor para escribir sobre el dolor de un pueblo \u201cL\u00e9ase \u201cPatria\u201d o el denostado \u201cHijos de la f\u00e1bula\u201d \u2013que he omitido leer sabiamente. \u201cLos vencejos\u201d \u2013otra novela de gran enjundia nihilista, es decir, llena de p\u00e1ginas para no contar nada interesante, se cay\u00f3 al hoyo. Esta de ahora, \u201cEl ni\u00f1o\u201d, me hubiera gustado m\u00e1s si se la hubiera inventado en vez de rebuscar en \u201chechos reales y con personas reales\u201d. Remover el dolor para ganar lectores y dinero. No s\u00e9 yo, sinceramente si le habr\u00e1 valido la pena. Yo, por las dudas, le leo pero no le compro.\u00a0 \u00a0 \u00a0 \u00a0 \u00a0 \u00a0 \u00a0 \u00a0 6\/10<\/p>\n<p>\u201c<u>Un trago antes de la guerra\u201d<\/u> Denis Lehane -1994-\u00a0 Machassusetts 1965 &#8211; 346 p\u00e1ginas.\u00a0\u00a0Pareja de detectives americanos con humor chisposo. Me recuerda a Sue Grafton y su personaje, la gran hero\u00edna de mis lecturas detectivescas, Kinsey Milhone. Entretiene.\u00a0\u00a0\u00a0\u00a0\u00a0\u00a0\u00a0\u00a0\u00a0\u00a0\u00a0\u00a0\u00a0\u00a0\u00a0\u00a0\u00a0\u00a0 6\/10<\/p>\n<p><u><a href=\"https:\/\/static-blogs.diariovasco.com\/wp-content\/uploads\/sites\/19\/2024\/11\/La-delicadeza.jpg\"><img loading=\"lazy\" class=\"alignright size-medium wp-image-10436\" src=\"https:\/\/static-blogs.diariovasco.com\/wp-content\/uploads\/sites\/19\/2024\/11\/La-delicadeza-300x204.jpg\" alt=\"\" width=\"300\" height=\"204\" srcset=\"https:\/\/static-blogs.diariovasco.com\/wp-content\/uploads\/sites\/19\/2024\/11\/La-delicadeza-300x204.jpg 300w, https:\/\/static-blogs.diariovasco.com\/wp-content\/uploads\/sites\/19\/2024\/11\/La-delicadeza-768x521.jpg 768w, https:\/\/static-blogs.diariovasco.com\/wp-content\/uploads\/sites\/19\/2024\/11\/La-delicadeza.jpg 796w\" sizes=\"(max-width: 300px) 100vw, 300px\" \/><\/a>\u201cLa delicadeza\u201d<\/u> David Foenkinos 2009 -Paris 1974- 218 P\u00e1ginas David Foenkinos \u2013 Relectura-.\u00a0\u00a0Cuando un autor me atrapa suelo repetir enseguida. Me pasa como con las antxoas del pa\u00eds, que no puedo parar de comerlas hasta que termina la temporada. As\u00ed que he buscado entre mis estanter\u00edas y all\u00ed estaba, esta novelita que me gust\u00f3 mucho en su d\u00eda y que ahora, pasados casi quince a\u00f1os, me resulta mucho menos interesante. \u00bfPor qu\u00e9? Pues me explico. Resulta que describe una situaci\u00f3n en la que la directora del departamento financiero agarra en su despacho, a puerta cerrada, a un analista sueco buenorro y tal y le planta un morreo sin pedirle permiso y sin encomendarse a dios ni al diablo. \u00a1Pero qu\u00e9 haces, t\u00eda, est\u00e1s loca, o qu\u00e9! Ah, no, que es ficci\u00f3n, que es el escritor al que se le ocurre la escena, el que inventa e imagina que una mujer se aprovecha de su jerarqu\u00eda para perpetrar un abuso sexual en toda regla y nos quedamos todos tan anchos. El sueco, el personaje, se queda tocad\u00edsimo del ala y empieza a so\u00f1ar con la se\u00f1ora directora y se empe\u00f1a en conquistarla. Ella le manda a la mierda y ni se disculpa ni nada.\u00a0\u00a0En el a\u00f1o 2024 a Foenkinos no le publican esta novela. O si se la publican no la vende. Y si la vende, yo ni la compro ni la leo. Por \u00e9stas. Patinazo. Y mira que la historia me pareci\u00f3 \u201cbonita\u201d en su d\u00eda\u2026\u00a0\u00a0 5\/10<\/p>\n<p><strong><u>\u00a0<em>Lecturas enjundiosas: (que ayudan a incrementar el acervo cultural, a la vez que estimulan el intelecto)<\/em><\/u><\/strong><\/p>\n<p><u><a href=\"https:\/\/static-blogs.diariovasco.com\/wp-content\/uploads\/sites\/19\/2024\/11\/Amor-sin-fin-1.jpg\"><img loading=\"lazy\" class=\"alignright size-medium wp-image-10438\" src=\"https:\/\/static-blogs.diariovasco.com\/wp-content\/uploads\/sites\/19\/2024\/11\/Amor-sin-fin-1-300x234.jpg\" alt=\"\" width=\"300\" height=\"234\" srcset=\"https:\/\/static-blogs.diariovasco.com\/wp-content\/uploads\/sites\/19\/2024\/11\/Amor-sin-fin-1-300x234.jpg 300w, https:\/\/static-blogs.diariovasco.com\/wp-content\/uploads\/sites\/19\/2024\/11\/Amor-sin-fin-1-768x599.jpg 768w, https:\/\/static-blogs.diariovasco.com\/wp-content\/uploads\/sites\/19\/2024\/11\/Amor-sin-fin-1.jpg 960w\" sizes=\"(max-width: 300px) 100vw, 300px\" \/><\/a>\u201cAmor sin fin<\/u>\u201d Scott Spencer 1979 &#8211; Washington 1945 &#8211; \u00a0560 p\u00e1ginas. Con un carro entero de reediciones desde hace 45 a\u00f1os \u2013y dos pel\u00edculas sin fuste- por fin leo este \u201cEndless love\u201d que resonaba por todas partes desde hace un a\u00f1o en su nueva edici\u00f3n de 2023. El libro es una locura de principio a fin. Empieza agarr\u00e1ndote de las tripas y no te suelta hasta el final. \u00bfDe qu\u00e9 va? Pues de un \u201camour fou\u201d adolescente que hace que los implicados \u2013ella 15, \u00e9l 17- se creen un mundo a su medida fuera de las convenciones familiares, sociales y del sentido com\u00fan.\u00a0\u00a0\u00a1Oh, cu\u00e1nto se aman! \u00a1Ah, qu\u00e9 enamoramiento \u00fanico! \u00a1Qui\u00e9n pudiera amar y ser amado de esa forma!\u00a0\u00a0El truco est\u00e1 \u2013obviamente- en las disfunciones ps\u00edquicas de ambos chavales, que no saben diferenciar el terremoto hormonal del sentimiento del coraz\u00f3n.\u00a0\u00a0Y pasa lo que pasa, que no es otra cosa que una pura tragedia mezcla de culebr\u00f3n y guion surrealista. Y todo lo que ocurre, todo lo que lees &#8211; que est\u00e1 magistralmente escrito-, te lleva a pensar si no habremos ca\u00eddo en alg\u00fan momento de nuestra vida bajo la tiran\u00eda de una pasi\u00f3n tan nefasta, de un apego tan furioso y visceral, que cuando acab\u00f3 \u2013porque el amor se acaba, al igual que el mejor concierto, que el pastel m\u00e1s dulce o el orgasmo m\u00e1s profundo- nos dej\u00f3 siendo \u201ccarne de div\u00e1n\u201d o \u201cpasto de la depresi\u00f3n\u201d.\u00a0Hay un pasaje de sexo tan expl\u00edcitamente descrito que da puro miedo de que el chaval \u2013de verdad- quiera meterse todo \u00e9l dentro de ella. Un pirado, vamos.\u00a0\u00a0Por lo dem\u00e1s, al autor hay que reconocerle que se ha ganado todos los premios que le han dado. \u00a0\u00a0\u00a08\/10<\/p>\n<p><a href=\"https:\/\/static-blogs.diariovasco.com\/wp-content\/uploads\/sites\/19\/2024\/11\/Cuanta-mas-gente-se-muere.jpg\"><img loading=\"lazy\" class=\"alignleft size-medium wp-image-10439\" src=\"https:\/\/static-blogs.diariovasco.com\/wp-content\/uploads\/sites\/19\/2024\/11\/Cuanta-mas-gente-se-muere-300x256.jpg\" alt=\"\" width=\"300\" height=\"256\" srcset=\"https:\/\/static-blogs.diariovasco.com\/wp-content\/uploads\/sites\/19\/2024\/11\/Cuanta-mas-gente-se-muere-300x256.jpg 300w, https:\/\/static-blogs.diariovasco.com\/wp-content\/uploads\/sites\/19\/2024\/11\/Cuanta-mas-gente-se-muere-768x654.jpg 768w, https:\/\/static-blogs.diariovasco.com\/wp-content\/uploads\/sites\/19\/2024\/11\/Cuanta-mas-gente-se-muere.jpg 951w\" sizes=\"(max-width: 300px) 100vw, 300px\" \/><\/a>\u201c<u>Cuanta m\u00e1s gente se muere, m\u00e1s ganas de vivir tengo<\/u>\u201d de Maruja Torres -2024 &#8211; Barcelona 1943 &#8211; 316 p\u00e1ginas.\u00a0Cuatro d\u00edas de lectura intensa he tardado en tragarme este \u00faltimo \u2013ella cre\u00eda que ser\u00eda p\u00f3stumo- libro\/dietario de la exc\u00e9ntrica periodista -que no estudi\u00f3 ni el bachiller-, pero con una vida tan azarosa y llena de peligros reales como reportera de guerra y ni\u00f1a nacida en el Barrio Chino barcelon\u00e9s, que ni ella misma sabe c\u00f3mo puede sostenerse con sus 81 a\u00f1os y un bast\u00f3n.\u00a0\u00a0Para empezar dir\u00e9 que he admirado desde siempre a Maruja Torres, que he le\u00eddo todos sus libros \u2013unos peores que otros-, pero lo que me atrae de ella es otra cosa. Se le llama valent\u00eda, fuerza vital, carcajeo ante los poderosos, man\u00eda de ponerse el mundo por montera\u2026esas cosas. Superviviente en todos los sentidos. Por eso me gusta, y mucho.<\/p>\n<p>El libro tiene un t\u00edtulo que le viene como anillo al dedo. A ella y pienso que a muchas m\u00e1s que andamos coqueteando con traumat\u00f3logos m\u00e1s que con la new collection de Mango. Porque es un libro para mujeres, desde las mujeres que ella es y ha sido. Los hombres, son un aspecto colateral o un efecto secundario en su vida, excepto los que intentaron aplastarla profesionalmente y a la bestia parda que tuvo que soportar en casa hasta que tuvo el detalle de abandonarlas a ella y a su madre en las penurias del Raval de los a\u00f1os 50. No habla de ellos apenas, m\u00e1s que de los amigos. Ni de amores ni de frustraciones. Tan solo de lo bonita que es la vida seg\u00fan se va vislumbrando que se acaba.\u00a0Este libro lo he comprado para que ella se lleve su porcentaje, que se lo ha ganado a pulso.\u00a0\u00a0\u00a0\u00a0\u00a0\u00a0\u00a0\u00a0\u00a0\u00a0\u00a0\u00a0 8\/10<\/p>\n<p><u><a href=\"https:\/\/static-blogs.diariovasco.com\/wp-content\/uploads\/sites\/19\/2024\/11\/Los-siguientes-1.jpg\"><img loading=\"lazy\" class=\"alignright size-medium wp-image-10440\" src=\"https:\/\/static-blogs.diariovasco.com\/wp-content\/uploads\/sites\/19\/2024\/11\/Los-siguientes-1-225x300.jpg\" alt=\"\" width=\"225\" height=\"300\" srcset=\"https:\/\/static-blogs.diariovasco.com\/wp-content\/uploads\/sites\/19\/2024\/11\/Los-siguientes-1-225x300.jpg 225w, https:\/\/static-blogs.diariovasco.com\/wp-content\/uploads\/sites\/19\/2024\/11\/Los-siguientes-1.jpg 521w\" sizes=\"(max-width: 225px) 100vw, 225px\" \/><\/a>\u201cLos siguientes<\/u>\u201d de Pedro Sim\u00f3n -2024- -Madrid 1971- 306 p\u00e1ginas<\/p>\n<p>Le\u00ed hace unos meses \u201cLos ingratos\u201d que me dej\u00f3 muy revuelta por dentro y ahora me regalan esta novela que he comenzado con un poquito de prevenci\u00f3n por el tema que trata. De nuevo, otra vez, el asunto del cuidado de padres ancianos por parte de hijos que \u201ctienen su propia vida\u201d y que pone a la familia entera patas arriba. \u00bfEst\u00e1 de moda recordarnos que debemos ser humanos con nuestros propios padres? \u00bfO es que se nos cae la cara de verg\u00fcenza de que a los ancianos les tengan que limpiar el trasero manos extranjeras?.\u00a0Tres hermanos \u2013una mujer y dos hombres maduros- se enfrentan \u2013entre ellos tambi\u00e9n- a la decrepitud y ca\u00edda en picado de su padre viudo de ochenta y ocho a\u00f1os.\u00a0Pasan muchas cosas y ninguna es como para dar saltos de alegr\u00eda, porque el \u00faltimo acto de la vida va vestido de miserias. \u201cEl primer d\u00eda que tuve que limpiarle el culo a mi padre, me ment\u00ed dici\u00e9ndome que era igual que cuando se lo limpiaba a mi hijo\u201d. As\u00ed comienza la novela. Y de ah\u00ed para adelante no para de rascar y rebuscar en los resentimientos que los hijos guardan como oro en pa\u00f1o hacia su padre por muy diversos motivos.\u00a0En contra de lo esperado me he enganchado a esta lectura y ahora que la he terminado creo que me quedo sumida en una gran reflexi\u00f3n. Como mis padres fallecieron hace a\u00f1os\u2026yo soy \u2013te\u00f3ricamente- \u201cla siguiente\u201d en la lista. No quiero ni pensarlo\u2026\u00a0\u00a0\u00a0\u00a0\u00a0\u00a0\u00a0\u00a0\u00a0\u00a0\u00a0\u00a0\u00a0\u00a0\u00a0\u00a0\u00a0\u00a0\u00a0\u00a0\u00a0\u00a0\u00a0\u00a0\u00a0\u00a0 8\/10<\/p>\n<p><u><a href=\"https:\/\/static-blogs.diariovasco.com\/wp-content\/uploads\/sites\/19\/2024\/11\/La-autopista-Lincoln.jpg\"><img loading=\"lazy\" class=\"alignleft size-medium wp-image-10441\" src=\"https:\/\/static-blogs.diariovasco.com\/wp-content\/uploads\/sites\/19\/2024\/11\/La-autopista-Lincoln-300x278.jpg\" alt=\"\" width=\"300\" height=\"278\" srcset=\"https:\/\/static-blogs.diariovasco.com\/wp-content\/uploads\/sites\/19\/2024\/11\/La-autopista-Lincoln-300x278.jpg 300w, https:\/\/static-blogs.diariovasco.com\/wp-content\/uploads\/sites\/19\/2024\/11\/La-autopista-Lincoln.jpg 547w\" sizes=\"(max-width: 300px) 100vw, 300px\" \/><\/a>\u201cLa autopista Lincoln<\/u>\u201d de Amor Towles. -2021- Boston 1964 &#8211; 589 p\u00e1ginas.<\/p>\n<p>Despu\u00e9s de haber conocido a este autor gracias a \u201cUn caballero en Mosc\u00fa\u201d y \u201cNormas de cortes\u00eda\u201d, he ca\u00eddo rendida a los pies de esta \u201croad movie\u201d de unos chavales que quieren aprender a vivir corriendo sin tino por la geograf\u00eda de EEUU, de este a oeste, cont\u00e1ndonos sus vidas, sus sue\u00f1os y, sobre todo, sus grandes meteduras de pata. Parec\u00edan muchas p\u00e1ginas, pero corren a buena velocidad lectora, como el Studebacker del protagonista\u2026 Todo un placer lector. Por fin. \u00a0\u00a0\u00a0\u00a0\u00a0\u00a0\u00a0\u00a0\u00a0\u00a0\u00a0\u00a0\u00a0\u00a0\u00a0\u00a0\u00a0\u00a0\u00a0\u00a0\u00a0\u00a0\u00a0\u00a0\u00a0\u00a0\u00a0\u00a0\u00a0\u00a0\u00a0\u00a0 7\/10<\/p>\n<p><u><a href=\"https:\/\/static-blogs.diariovasco.com\/wp-content\/uploads\/sites\/19\/2024\/11\/Amor-capital.jpg\"><img loading=\"lazy\" class=\"alignright size-medium wp-image-10442\" src=\"https:\/\/static-blogs.diariovasco.com\/wp-content\/uploads\/sites\/19\/2024\/11\/Amor-capital-219x300.jpg\" alt=\"\" width=\"219\" height=\"300\" srcset=\"https:\/\/static-blogs.diariovasco.com\/wp-content\/uploads\/sites\/19\/2024\/11\/Amor-capital-219x300.jpg 219w, https:\/\/static-blogs.diariovasco.com\/wp-content\/uploads\/sites\/19\/2024\/11\/Amor-capital.jpg 702w\" sizes=\"(max-width: 219px) 100vw, 219px\" \/><\/a>\u201cAmor capital<\/u>\u201d de Karmele Jaio -2024- Vitoria 1960- 233 p\u00e1ginas<\/p>\n<p>Disquisiciones noveladas \u2013pero no por ello menos reales- sobre las relaciones \u201cpasionales\u201d, \u00e9sas en las que una mujer \u2013Jaio escribe desde la \u00f3ptica femenina y es de agradecer- se queda \u201ccolgada\u201d de un hombre al que adorna con virtudes sin cuento y permite todo un abanico de desmanes psicol\u00f3gicos creyendo que el tipo \u201clo vale\u201d, y que es el \u201camor de su vida\u201d \u2013aunque est\u00e9 casado-. Me he visto demasiado reflejada como para que la novela pasara \u201csin m\u00e1s\u201d sobre m\u00ed. Si bien he tenido a lo largo de mi vida much\u00edsimo cuidado en \u201cno meter mi cuchara en guiso ajeno\u201d, no por ello me he librado de caer fascinada por un hombre que \u2013visto en la distancia- no val\u00eda ni cuarto y mitad de lo que ofrec\u00eda.\u00a0\u00a1Cu\u00e1ntas mujeres han desperdiciado a\u00f1os y a\u00f1os de su vida en relaciones que se ve\u00edan im po si bles aunque ellas mantuvieran la esperanza! \u00a1Cu\u00e1ntas mujeres han considerado \u201cnormal\u201d aceptar desmanes psicol\u00f3gicos y f\u00edsicos por parte del hombre del que estaban \u201cenamoradas hasta las trancas\u201d, que es como decir que se te ha licuado el entendimiento y fundido todas las neuronas.\u00a0\u00a0 Una novela, s\u00ed, pero \u00a1qu\u00e9 real me ha resultado su lectura!\u00a0\u00a0 7\/10<\/p>\n<p><u><a href=\"https:\/\/static-blogs.diariovasco.com\/wp-content\/uploads\/sites\/19\/2024\/11\/Apegos-feroces.jpg\"><img loading=\"lazy\" class=\"alignleft size-medium wp-image-10443\" src=\"https:\/\/static-blogs.diariovasco.com\/wp-content\/uploads\/sites\/19\/2024\/11\/Apegos-feroces-225x300.jpg\" alt=\"\" width=\"225\" height=\"300\" srcset=\"https:\/\/static-blogs.diariovasco.com\/wp-content\/uploads\/sites\/19\/2024\/11\/Apegos-feroces-225x300.jpg 225w, https:\/\/static-blogs.diariovasco.com\/wp-content\/uploads\/sites\/19\/2024\/11\/Apegos-feroces.jpg 720w\" sizes=\"(max-width: 225px) 100vw, 225px\" \/><\/a>\u201cApegos feroces\u201d<\/u> de Vivian Gornick -1987- Bronx NY 1937 &#8211; 193 p\u00e1ginas.<\/p>\n<p>Me gusta leer los libros que lee mi hija y as\u00ed le doy una mirada actualizada a la literatura de hoy, que no todo va a ser lo que atrae a lectoras de mi edad. En esta novela \u2013bastante autobiogr\u00e1fica- la periodista nos cuenta la relaci\u00f3n amor\/odio con su madre desde una \u00f3ptica bastante tremebunda. Obviamente, en el Bronx de los a\u00f1os 40 no se viv\u00eda como en la Euskadi de los 90, as\u00ed que hay diferencias culturales sustanciales. Es un cl\u00e1sico, lo de ahondar en los reproches filiales hacia la madre que lo hizo todo mal y profundizar tambi\u00e9n en todos los errores que cometen las hijas y las madres no perdonan. Afortunadamente, ya no juego en esa liga\u2026\u00a0\u00a0\u00a0\u00a0\u00a0\u00a0 7\/10<\/p>\n<p><u><a href=\"https:\/\/static-blogs.diariovasco.com\/wp-content\/uploads\/sites\/19\/2024\/11\/Campesinos-y-se\u00f1ores.jpg\"><img loading=\"lazy\" class=\"alignright size-medium wp-image-10444\" src=\"https:\/\/static-blogs.diariovasco.com\/wp-content\/uploads\/sites\/19\/2024\/11\/Campesinos-y-se\u00f1ores-187x300.jpg\" alt=\"\" width=\"187\" height=\"300\" srcset=\"https:\/\/static-blogs.diariovasco.com\/wp-content\/uploads\/sites\/19\/2024\/11\/Campesinos-y-se\u00f1ores-187x300.jpg 187w, https:\/\/static-blogs.diariovasco.com\/wp-content\/uploads\/sites\/19\/2024\/11\/Campesinos-y-se\u00f1ores.jpg 594w\" sizes=\"(max-width: 187px) 100vw, 187px\" \/><\/a>\u201cCampesinos y se\u00f1ores\u201d<\/u> de Theodor Kallifatides -Escrito en 1973, publicado en 2024- Grecia-1938 &#8211; 219 p\u00e1ginas.\u00a0Fue su primera novela y hasta este a\u00f1o no se hab\u00eda decidido a publicarla. \u00bfLos motivos? \u00c9l mismo los explica: inseguridad, miedo, una lealtad a su patria griega\u2026El libro es intenso \u2013diferente de los otros publicados con posterioridad- y quiere hacer una especie de \u201clectura a posteriori\u201d de lo que ocurri\u00f3 en su pa\u00eds, Grecia, con la invasi\u00f3n del nazismo y el fascismo. No obstante, digamos que lo ha publicado con una especie de sentimiento de culpabilidad por no haber sido capaz de hacerlo antes, cuando hubiera procedido, en el a\u00f1o 1973. Pero el miedo es libre, bien lo sabemos todos\u2026\u00a0\u00a0\u00a0\u00a0\u00a0\u00a0\u00a0\u00a0\u00a0\u00a0\u00a0\u00a0\u00a0\u00a0 7\/10<\/p>\n<p><u><a href=\"https:\/\/static-blogs.diariovasco.com\/wp-content\/uploads\/sites\/19\/2024\/11\/Lo-que-ellos-dicen-o-nada.jpg\"><img loading=\"lazy\" class=\"alignleft size-medium wp-image-10445\" src=\"https:\/\/static-blogs.diariovasco.com\/wp-content\/uploads\/sites\/19\/2024\/11\/Lo-que-ellos-dicen-o-nada-225x300.jpg\" alt=\"\" width=\"225\" height=\"300\" srcset=\"https:\/\/static-blogs.diariovasco.com\/wp-content\/uploads\/sites\/19\/2024\/11\/Lo-que-ellos-dicen-o-nada-225x300.jpg 225w, https:\/\/static-blogs.diariovasco.com\/wp-content\/uploads\/sites\/19\/2024\/11\/Lo-que-ellos-dicen-o-nada.jpg 526w\" sizes=\"(max-width: 225px) 100vw, 225px\" \/><\/a>\u201cLo que ellos dicen o nada<\/u>\u201d de Annie Ernaux. -1977- Normand\u00eda 1940- Premio Nobel de Literatura 2022. 162\u00a0p\u00e1ginas en formato MUY peque\u00f1o. La obra de esta escritora se publica en Espa\u00f1a en un formato que me causa estupor. Cada librito es como una redacci\u00f3n del colegio: de cuando era ni\u00f1a, de cuando era p\u00faber, de cuando conoci\u00f3 el amor\u2026 No me explico por qu\u00e9 no hay un libro comme il le faut con sus obras completas. \u00bfCu\u00e1l es mi problema? Que se lee en una tarde y ya. La editorial Cabaret Voltaire los vende al nada m\u00f3dico precio de 18,90\u20ac. No es de recibo esa relaci\u00f3n calidad\/precio, as\u00ed que no me comprar\u00e9 ni uno y los seguir\u00e9 leyendo tomados prestados de la biblioteca. Una pena este formato de negocio editorial.\u00a0\u00a0\u00a0\u00a0\u00a0\u00a0 \u00a0\u00a0\u00a0\u00a0\u00a0\u00a0\u00a0\u00a0\u00a0\u00a0\u00a0\u00a0\u00a0\u00a0\u00a0\u00a0 6\/10<\/p>\n<p><strong><em><u>Lecturas con peso espec\u00edfico: para abandonarse a ellas en cuerpo y alma y aprender.<\/u><\/em><\/strong><\/p>\n<p><u>\u201cMomentos estelares de la humanidad\u201d <\/u>Stefan Zweig. 1927 &#8211; Viena 1881-Brasil 1942 &#8211; 306 p\u00e1ginas.\u00a0Un libro que deber\u00eda ser de obligada lectura en colegios e institutos para darse cuenta de d\u00f3nde venimos, c\u00f3mo hemos evolucionado -o no- y qu\u00e9 es lo que nos espera porque la Historia se repite por falta de humildad de los que creen manejar los hilos de este mundo. Es un cl\u00e1sico. Un ensayo l\u00facido y bien documentado que fue escrito hace casi cien a\u00f1os. El autor, desencantado de todo, se suicid\u00f3 \u2013junto con su esposa- a los 60 a\u00f1os, procur\u00e1ndose una considerable sobredosis de barbit\u00faricos.\u00a0Para leer en esas tardes en que una se harta de todo lo superficial que nos rodea.\u00a0 \u00a0\u00a0\u00a0\u00a0\u00a0\u00a0\u00a0\u00a0\u00a0\u00a0\u00a0\u00a0 9\/10<\/p>\n<p><u>\u201cLa madurez de Eva<\/u>\u201d de Alice Miller -Polonia 1923- Francia 2010 &#8211; Una interpretaci\u00f3n de la ceguera emocional. Pistas y pautas para entender por qu\u00e9 tantos padres utilizaron el palo para educar a sus hijos. Maltrato eterno que el ni\u00f1o lleva a cuestas y cuando es adulto lo reproduce.\u00a0\u201cAlice Miller ha desarrollado un concepto de terapia, que propone a las personas que sufren, confrontarse con su pasado para encontrar la angustia del ni\u00f1o maltratado que fueron, sentirla y as\u00ed liberarse. Es el miedo infantil hacia los padres todopoderosos el que empuja al adulto a maltratar a los ni\u00f1os o a aceptar vivir con graves enfermedades, minimizando totalmente la crueldad de sus propios padres. Son numerosas las proposiciones esot\u00e9ricas y espirituales que prometen la curaci\u00f3n pero en realidad su \u00fanico objetivo es el de camuflar los terrores vividos durante la infancia.\u201d\u00a0Ah\u00ed queda eso y los que lo hemos padecido nos apa\u00f1amos como podemos.\u00a0\u00a0\u00a0\u00a0\u00a0\u00a0\u00a0\u00a0\u00a0 \u00a0\u00a0\u00a0 8\/10<\/p>\n<p><u><a href=\"https:\/\/static-blogs.diariovasco.com\/wp-content\/uploads\/sites\/19\/2024\/11\/El-oficio-de-ser-hombre.jpg\"><img loading=\"lazy\" class=\"alignright size-medium wp-image-10446\" src=\"https:\/\/static-blogs.diariovasco.com\/wp-content\/uploads\/sites\/19\/2024\/11\/El-oficio-de-ser-hombre-225x300.jpg\" alt=\"\" width=\"225\" height=\"300\" srcset=\"https:\/\/static-blogs.diariovasco.com\/wp-content\/uploads\/sites\/19\/2024\/11\/El-oficio-de-ser-hombre-225x300.jpg 225w, https:\/\/static-blogs.diariovasco.com\/wp-content\/uploads\/sites\/19\/2024\/11\/El-oficio-de-ser-hombre.jpg 521w\" sizes=\"(max-width: 225px) 100vw, 225px\" \/><\/a>\u201cEl oficio de ser hombre<\/u>\u201d de Alexandre Jollien. -Valais, Suiza 1975- 87 p\u00e1ginas.\u00a0Descubr\u00ed al escritor y fil\u00f3sofo a ra\u00edz de verlo como protagonista de la pel\u00edcula \u201cMentes prodigiosas\u201d \u2013o \u201cPresque\u201d de 2021, y quise saber m\u00e1s sobre el actor protagonista que cuenta con una par\u00e1lisis cerebral severa que le impide hablar \u201cnormal\u201d y caminar \u201cnormal\u201d. He descubierto que es uno de los escritores y fil\u00f3sofos humanistas m\u00e1s famosos de Francia, que est\u00e1 casado y tiene tres hijas, aunque en 2021 confes\u00f3 p\u00fablicamente su homosexualidad.\u00a0\u00a1Vaya vida, vaya bagaje! Este peque\u00f1o libro me ha permitido hacerme una peque\u00f1a idea de c\u00f3mo un \u201chombre peque\u00f1o\u201d puede albergar una gran mente y un inmenso coraz\u00f3n.\u00a0La pena \u2013y grande- es que en las bibliotecas p\u00fablicas de mi ciudad no lo conocen m\u00e1s que con este ejemplar que, hay que decirlo, est\u00e1 fatalmente editado y traducido. Alexandre Jollien lleva su discapacidad al cine en &#8216;Mentes maravillosas&#8217;, Ser\u00e1 que no interesa pensar sobre lo fortuito y aleatorio de la vida. *Mi querida nieta mayor tiene par\u00e1lisis cerebral por falta de ox\u00edgeno al nacer. Mucho por reflexionar.\u00a0\u00a0\u00a0\u00a0 8\/10<\/p>\n<p><u><a href=\"https:\/\/static-blogs.diariovasco.com\/wp-content\/uploads\/sites\/19\/2024\/11\/Me-doy-permiso-para.jpg\"><img loading=\"lazy\" class=\"alignleft size-medium wp-image-10447\" src=\"https:\/\/static-blogs.diariovasco.com\/wp-content\/uploads\/sites\/19\/2024\/11\/Me-doy-permiso-para-262x300.jpg\" alt=\"\" width=\"262\" height=\"300\" srcset=\"https:\/\/static-blogs.diariovasco.com\/wp-content\/uploads\/sites\/19\/2024\/11\/Me-doy-permiso-para-262x300.jpg 262w, https:\/\/static-blogs.diariovasco.com\/wp-content\/uploads\/sites\/19\/2024\/11\/Me-doy-permiso-para.jpg 524w\" sizes=\"(max-width: 262px) 100vw, 262px\" \/><\/a><\/u><\/p>\n<p>&nbsp;<\/p>\n<p>&nbsp;<\/p>\n<p><u>\u201cMe doy permiso para\u2026\u201d<\/u> de Joaquin Argente -1999- 87 p\u00e1ginas \u2013Relectura-\u00a0Una peque\u00f1a delicatesen para degustar una pizca cada d\u00eda. En edici\u00f3n de lujo con dibujos exquisitos. \u2013Ediciones Obelisco- Un b\u00e1lsamo para aquellas mujeres, s\u00ed, sobre todo mujeres que \u201cno se atreven y no se dan permiso para ser felices\u201d. Un libro para tener en la mesilla de noche y propiciar sue\u00f1os de esperanza\u2026 8\/10<\/p>\n<p>&nbsp;<\/p>\n<p>&nbsp;<\/p>\n<p><strong><em><u>Lecturas atragantadas: que pretend\u00edan ser interesantes y que no he podido llevar a buen puerto,<\/u><\/em><\/strong><\/p>\n<p><u><a href=\"https:\/\/static-blogs.diariovasco.com\/wp-content\/uploads\/sites\/19\/2024\/11\/Mis-delitos-como-animal.jpg\"><img loading=\"lazy\" class=\"alignright size-medium wp-image-10448\" src=\"https:\/\/static-blogs.diariovasco.com\/wp-content\/uploads\/sites\/19\/2024\/11\/Mis-delitos-como-animal-260x300.jpg\" alt=\"\" width=\"260\" height=\"300\" srcset=\"https:\/\/static-blogs.diariovasco.com\/wp-content\/uploads\/sites\/19\/2024\/11\/Mis-delitos-como-animal-260x300.jpg 260w, https:\/\/static-blogs.diariovasco.com\/wp-content\/uploads\/sites\/19\/2024\/11\/Mis-delitos-como-animal-768x885.jpg 768w, https:\/\/static-blogs.diariovasco.com\/wp-content\/uploads\/sites\/19\/2024\/11\/Mis-delitos-como-animal.jpg 833w\" sizes=\"(max-width: 260px) 100vw, 260px\" \/><\/a>\u201cMis delitos como animal de compa\u00f1\u00eda\u201d<\/u> de Luis Mateo Diez -2023-<\/p>\n<p>Fue un regalo deseado y ya son dos las veces que lo he comenzado a leer y me atasco antes de la p\u00e1gina cincuenta. El escritor tiene muchos premios: Premio Cervantes y es Acad\u00e9mico de la Lengua y no se cu\u00e1ntos honores literarios m\u00e1s.<\/p>\n<p>No s\u00e9 qu\u00e9 pensar sobre el estado de mi capacidad lectora o el deterioro \u2013inevitable- neuronal de la que suscribe, pero&#8230;\u00a1es que no le veo la salida! Tambi\u00e9n se me ator\u00f3 en las meninges el &#8220;Ulises&#8221; de Joyce que no termin\u00e9 de leer \u2026y aqu\u00ed sigo sin que pasara nada. \u00a0\u00a0\u00a0\u00a0\u00a0\u00a0\u00a0\u00a0\u00a0\u00a0\u00a0\u00a0\u00a0\u00a0 &#8212;&#8212;&#8212;&#8212;&#8212;&#8212;&#8212;&#8212;&#8212;&#8212;&#8212;&#8212;-<\/p>\n<p><u>\u201cLo que no te mata te hace m\u00e1s fuerte\u201d<\/u> de David Lagercrantz. Esto va de la saga \u201cMillenium\u201d despu\u00e9s de que falleciera Steig Larsson -2015- He aguantado casi cien p\u00e1ginas, pero visto que no daba la talla del autor original lo dejo, que son 652 p\u00e1ginas de venganzas cibern\u00e9ticas y de las otras.\u00a0\u00a0 &#8212;&#8212;&#8212;<\/p>\n<p><em>La puntuaci\u00f3n es fruto de una opini\u00f3n personal que no tiene m\u00e1s valor que el que uno le quiera dar\u2026<\/em><\/p>\n<p>Felices los felices. Y los que leemos\u2026mucho m\u00e1s.<\/p>\n<p>LaAlquimista<\/p>\n<p>Te invito a visitar mi p\u00e1gina en Facebook.<\/p>\n<p><a href=\"https:\/\/www.facebook.com\/apartirdelos50\/\" rel=\"external nofollow\">https:\/\/www.facebook.com\/apartirdelos50\/<\/a><\/p>\n<p><em>Por si alguien desea contactar:<\/em><\/p>\n<p><a href=\"mailto:apartirdeloscincuenta@gmail.com\">apartirdeloscincuenta@gmail.com<\/a><\/p>\n<p>&nbsp;<\/p>\n<p>&nbsp;<\/p>\n<!-- AddThis Advanced Settings generic via filter on the_content --><!-- AddThis Share Buttons generic via filter on the_content -->","protected":false},"excerpt":{"rendered":"<p>Hay temporadas en las que me convierto en una \u201cdevoradora de libros\u201d y s\u00e9 que eso no es bueno porque se me cuelan \u201ccoles\u201d entre las \u201clechugas\u201d y, al fin y al cabo, es tiempo perdido y desgaste neuronal para nada. No obstante, como no soy ni por asomo una \u201cintelectual\u201d, pues tengo que picotear [&hellip;]<!-- AddThis Advanced Settings generic via filter on get_the_excerpt --><!-- AddThis Share Buttons generic via filter on get_the_excerpt --><\/p>\n","protected":false},"author":34,"featured_media":0,"comment_status":"open","ping_status":"closed","sticky":false,"template":"","format":"standard","meta":[],"categories":[18],"tags":[939],"_links":{"self":[{"href":"https:\/\/blogs.diariovasco.com\/apartirdelos50\/wp-json\/wp\/v2\/posts\/10427"}],"collection":[{"href":"https:\/\/blogs.diariovasco.com\/apartirdelos50\/wp-json\/wp\/v2\/posts"}],"about":[{"href":"https:\/\/blogs.diariovasco.com\/apartirdelos50\/wp-json\/wp\/v2\/types\/post"}],"author":[{"embeddable":true,"href":"https:\/\/blogs.diariovasco.com\/apartirdelos50\/wp-json\/wp\/v2\/users\/34"}],"replies":[{"embeddable":true,"href":"https:\/\/blogs.diariovasco.com\/apartirdelos50\/wp-json\/wp\/v2\/comments?post=10427"}],"version-history":[{"count":8,"href":"https:\/\/blogs.diariovasco.com\/apartirdelos50\/wp-json\/wp\/v2\/posts\/10427\/revisions"}],"predecessor-version":[{"id":10451,"href":"https:\/\/blogs.diariovasco.com\/apartirdelos50\/wp-json\/wp\/v2\/posts\/10427\/revisions\/10451"}],"wp:attachment":[{"href":"https:\/\/blogs.diariovasco.com\/apartirdelos50\/wp-json\/wp\/v2\/media?parent=10427"}],"wp:term":[{"taxonomy":"category","embeddable":true,"href":"https:\/\/blogs.diariovasco.com\/apartirdelos50\/wp-json\/wp\/v2\/categories?post=10427"},{"taxonomy":"post_tag","embeddable":true,"href":"https:\/\/blogs.diariovasco.com\/apartirdelos50\/wp-json\/wp\/v2\/tags?post=10427"}],"curies":[{"name":"wp","href":"https:\/\/api.w.org\/{rel}","templated":true}]}}