{"id":10492,"date":"2024-11-14T09:21:45","date_gmt":"2024-11-14T08:21:45","guid":{"rendered":"https:\/\/blogs.diariovasco.com\/apartirdelos50\/?p=10492"},"modified":"2024-11-14T09:21:45","modified_gmt":"2024-11-14T08:21:45","slug":"no-me-canso-de-ver-arte-madrid-iv","status":"publish","type":"post","link":"https:\/\/blogs.diariovasco.com\/apartirdelos50\/2024\/11\/14\/no-me-canso-de-ver-arte-madrid-iv\/","title":{"rendered":"No me canso de ver arte (Madrid IV)"},"content":{"rendered":"<p><a href=\"https:\/\/static-blogs.diariovasco.com\/wp-content\/uploads\/sites\/19\/2024\/11\/Madrid-Perez-Simon.jpg\"><img loading=\"lazy\" class=\"alignright size-full wp-image-10494\" src=\"https:\/\/static-blogs.diariovasco.com\/wp-content\/uploads\/sites\/19\/2024\/11\/Madrid-Perez-Simon.jpg\" alt=\"\" width=\"960\" height=\"720\" srcset=\"https:\/\/static-blogs.diariovasco.com\/wp-content\/uploads\/sites\/19\/2024\/11\/Madrid-Perez-Simon.jpg 960w, https:\/\/static-blogs.diariovasco.com\/wp-content\/uploads\/sites\/19\/2024\/11\/Madrid-Perez-Simon-300x225.jpg 300w, https:\/\/static-blogs.diariovasco.com\/wp-content\/uploads\/sites\/19\/2024\/11\/Madrid-Perez-Simon-768x576.jpg 768w\" sizes=\"(max-width: 960px) 100vw, 960px\" \/><\/a><\/p>\n<p>A mis amigas las quiero porque son buenas personas, pero si adem\u00e1s tienen debilidad por el arte en general y la pintura en particular les hago un monumento. Luisa es de las que nunca tiene bastante, as\u00ed que mi cita con ella es el martes en la puerta del Palacio de Cibeles, con las entradas en la boca para disfrutar de la colecci\u00f3n P\u00e9rez Sim\u00f3n, que es un millonario que emigr\u00f3 con su familia asturiana a M\u00e9xico y a base de buenas relaciones <a href=\"https:\/\/static-blogs.diariovasco.com\/wp-content\/uploads\/sites\/19\/2024\/11\/466350828_10160739484682877_4409584070869739384_n.jpg\"><img loading=\"lazy\" class=\"alignright size-medium wp-image-10497\" src=\"https:\/\/static-blogs.diariovasco.com\/wp-content\/uploads\/sites\/19\/2024\/11\/466350828_10160739484682877_4409584070869739384_n-225x300.jpg\" alt=\"\" width=\"225\" height=\"300\" srcset=\"https:\/\/static-blogs.diariovasco.com\/wp-content\/uploads\/sites\/19\/2024\/11\/466350828_10160739484682877_4409584070869739384_n-225x300.jpg 225w, https:\/\/static-blogs.diariovasco.com\/wp-content\/uploads\/sites\/19\/2024\/11\/466350828_10160739484682877_4409584070869739384_n.jpg 720w\" sizes=\"(max-width: 225px) 100vw, 225px\" \/><\/a>\u2013Carlos Slim y las telecomunicaciones- y suculentos negocios se mont\u00f3 en el peso mexicano, le dio por coleccionar arte y ha llegado a la cumbre en lo suyo con una colecci\u00f3n de m\u00e1s de 4.000 piezas. Ahora nos muestra una esquinita de su fortuna en Centro-Centro, por el m\u00f3dico precio de 5\u20ac -entrada reducida-. Son preciosidades \u00fanicas, nunca expuestas en museos, desconocidas la mayor\u00eda para el vulgar p\u00fablico que amamos el arte.<\/p>\n<p><a href=\"https:\/\/static-blogs.diariovasco.com\/wp-content\/uploads\/sites\/19\/2024\/11\/466351700_10160739484702877_5489100587253148559_n.jpg\"><img loading=\"lazy\" class=\"alignleft size-medium wp-image-10496\" src=\"https:\/\/static-blogs.diariovasco.com\/wp-content\/uploads\/sites\/19\/2024\/11\/466351700_10160739484702877_5489100587253148559_n-300x283.jpg\" alt=\"\" width=\"300\" height=\"283\" srcset=\"https:\/\/static-blogs.diariovasco.com\/wp-content\/uploads\/sites\/19\/2024\/11\/466351700_10160739484702877_5489100587253148559_n-300x283.jpg 300w, https:\/\/static-blogs.diariovasco.com\/wp-content\/uploads\/sites\/19\/2024\/11\/466351700_10160739484702877_5489100587253148559_n-768x723.jpg 768w, https:\/\/static-blogs.diariovasco.com\/wp-content\/uploads\/sites\/19\/2024\/11\/466351700_10160739484702877_5489100587253148559_n.jpg 960w\" sizes=\"(max-width: 300px) 100vw, 300px\" \/><\/a>Las obras impresionistas y de las vanguardias del siglo XX son exquisitas. <a href=\"https:\/\/static-blogs.diariovasco.com\/wp-content\/uploads\/sites\/19\/2024\/11\/466734012_10160739484697877_3330669512904191328_n.jpg\"><img loading=\"lazy\" class=\"alignright size-medium wp-image-10495\" src=\"https:\/\/static-blogs.diariovasco.com\/wp-content\/uploads\/sites\/19\/2024\/11\/466734012_10160739484697877_3330669512904191328_n-225x300.jpg\" alt=\"\" width=\"225\" height=\"300\" srcset=\"https:\/\/static-blogs.diariovasco.com\/wp-content\/uploads\/sites\/19\/2024\/11\/466734012_10160739484697877_3330669512904191328_n-225x300.jpg 225w, https:\/\/static-blogs.diariovasco.com\/wp-content\/uploads\/sites\/19\/2024\/11\/466734012_10160739484697877_3330669512904191328_n.jpg 720w\" sizes=\"(max-width: 225px) 100vw, 225px\" \/><\/a><\/p>\n<p>A punto de sucumbir al \u201cs\u00edndrome de Stendhal\u201d y de darle dos veces la vuelta a la exposici\u00f3n, a la hora del \u00e1ngelus salimos al sol ben\u00e9fico del oto\u00f1o y nos regalamos un sosegado paseo de charla amistosa por el parque de El Retiro. Se nota que es martes, solo hay turistas y no aut\u00f3ctonos de holganza. <a href=\"https:\/\/static-blogs.diariovasco.com\/wp-content\/uploads\/sites\/19\/2024\/11\/466350167_10160739484932877_2267885332042143010_n.jpg\"><img loading=\"lazy\" class=\"alignleft size-medium wp-image-10499\" src=\"https:\/\/static-blogs.diariovasco.com\/wp-content\/uploads\/sites\/19\/2024\/11\/466350167_10160739484932877_2267885332042143010_n-225x300.jpg\" alt=\"\" width=\"225\" height=\"300\" srcset=\"https:\/\/static-blogs.diariovasco.com\/wp-content\/uploads\/sites\/19\/2024\/11\/466350167_10160739484932877_2267885332042143010_n-225x300.jpg 225w, https:\/\/static-blogs.diariovasco.com\/wp-content\/uploads\/sites\/19\/2024\/11\/466350167_10160739484932877_2267885332042143010_n.jpg 720w\" sizes=\"(max-width: 225px) 100vw, 225px\" \/><\/a><\/p>\n<p><a href=\"https:\/\/static-blogs.diariovasco.com\/wp-content\/uploads\/sites\/19\/2024\/11\/466140032_10160739484947877_6603923482896627664_n.jpg\"><img loading=\"lazy\" class=\"alignright size-medium wp-image-10498\" src=\"https:\/\/static-blogs.diariovasco.com\/wp-content\/uploads\/sites\/19\/2024\/11\/466140032_10160739484947877_6603923482896627664_n-225x300.jpg\" alt=\"\" width=\"225\" height=\"300\" srcset=\"https:\/\/static-blogs.diariovasco.com\/wp-content\/uploads\/sites\/19\/2024\/11\/466140032_10160739484947877_6603923482896627664_n-225x300.jpg 225w, https:\/\/static-blogs.diariovasco.com\/wp-content\/uploads\/sites\/19\/2024\/11\/466140032_10160739484947877_6603923482896627664_n.jpg 720w\" sizes=\"(max-width: 225px) 100vw, 225px\" \/><\/a>Hacemos tiempo con paso demorado \u2013oliendo \u00e1rboles, mirando al cielo, pisando hierba- hasta la hora de la comida, prevista en el C\u00edrculo de Bellas Artes donde te dan un \u201crancho con \u00ednfulas\u201d a precio de tasca: 17,50\u20ac -no est\u00e1 mal para el sitio que es aunque el bullicio es importante y bastante poco soportable-. A destacar la velocidad de los camareros que corren \u2013literalmente haciendo aire- entre las mesas con torres de platos en equilibrio. <a href=\"https:\/\/static-blogs.diariovasco.com\/wp-content\/uploads\/sites\/19\/2024\/11\/Madrid-Circulo-Bellas-Artes.jpg\"><img loading=\"lazy\" class=\"alignleft size-medium wp-image-10500\" src=\"https:\/\/static-blogs.diariovasco.com\/wp-content\/uploads\/sites\/19\/2024\/11\/Madrid-Circulo-Bellas-Artes-169x300.jpg\" alt=\"\" width=\"169\" height=\"300\" srcset=\"https:\/\/static-blogs.diariovasco.com\/wp-content\/uploads\/sites\/19\/2024\/11\/Madrid-Circulo-Bellas-Artes-169x300.jpg 169w, https:\/\/static-blogs.diariovasco.com\/wp-content\/uploads\/sites\/19\/2024\/11\/Madrid-Circulo-Bellas-Artes.jpg 540w\" sizes=\"(max-width: 169px) 100vw, 169px\" \/><\/a><\/p>\n<p>Salimos de all\u00ed con \u00e1nimo cafetero por la hora que era, pero nos \u201ctropezamos\u201d de camino con la Fundaci\u00f3n Telef\u00f3nica y la excelsa exposici\u00f3n de Jaume Plensa. Magn\u00edfica, aunque breve y quiz\u00e1s por eso imprescindible, adem\u00e1s de gratuita. (Telef\u00f3nica declara 1.914 millones euros (que no s\u00e9 si se escribe as\u00ed: 1.914.000.000) de beneficio a Septiembre 2024, solo faltar\u00eda que cobraran) <a href=\"https:\/\/static-blogs.diariovasco.com\/wp-content\/uploads\/sites\/19\/2024\/11\/466133274_10160739485212877_1334875158088590577_n.jpg\"><img loading=\"lazy\" class=\"alignleft size-medium wp-image-10502\" src=\"https:\/\/static-blogs.diariovasco.com\/wp-content\/uploads\/sites\/19\/2024\/11\/466133274_10160739485212877_1334875158088590577_n-225x300.jpg\" alt=\"\" width=\"225\" height=\"300\" srcset=\"https:\/\/static-blogs.diariovasco.com\/wp-content\/uploads\/sites\/19\/2024\/11\/466133274_10160739485212877_1334875158088590577_n-225x300.jpg 225w, https:\/\/static-blogs.diariovasco.com\/wp-content\/uploads\/sites\/19\/2024\/11\/466133274_10160739485212877_1334875158088590577_n.jpg 720w\" sizes=\"(max-width: 225px) 100vw, 225px\" \/><\/a><a href=\"https:\/\/static-blogs.diariovasco.com\/wp-content\/uploads\/sites\/19\/2024\/11\/466158330_10160739485237877_2282546308887653259_n.jpg\"><img loading=\"lazy\" class=\"alignleft size-medium wp-image-10503\" src=\"https:\/\/static-blogs.diariovasco.com\/wp-content\/uploads\/sites\/19\/2024\/11\/466158330_10160739485237877_2282546308887653259_n-225x300.jpg\" alt=\"\" width=\"225\" height=\"300\" srcset=\"https:\/\/static-blogs.diariovasco.com\/wp-content\/uploads\/sites\/19\/2024\/11\/466158330_10160739485237877_2282546308887653259_n-225x300.jpg 225w, https:\/\/static-blogs.diariovasco.com\/wp-content\/uploads\/sites\/19\/2024\/11\/466158330_10160739485237877_2282546308887653259_n.jpg 720w\" sizes=\"(max-width: 225px) 100vw, 225px\" \/><\/a><a href=\"https:\/\/static-blogs.diariovasco.com\/wp-content\/uploads\/sites\/19\/2024\/11\/Conejito-Jaume-Plensa.jpg\"><img loading=\"lazy\" class=\"alignleft size-medium wp-image-10501\" src=\"https:\/\/static-blogs.diariovasco.com\/wp-content\/uploads\/sites\/19\/2024\/11\/Conejito-Jaume-Plensa-225x300.jpg\" alt=\"\" width=\"225\" height=\"300\" srcset=\"https:\/\/static-blogs.diariovasco.com\/wp-content\/uploads\/sites\/19\/2024\/11\/Conejito-Jaume-Plensa-225x300.jpg 225w, https:\/\/static-blogs.diariovasco.com\/wp-content\/uploads\/sites\/19\/2024\/11\/Conejito-Jaume-Plensa.jpg 720w\" sizes=\"(max-width: 225px) 100vw, 225px\" \/><\/a><\/p>\n<p>&nbsp;<\/p>\n<p>&nbsp;<\/p>\n<p>&nbsp;<\/p>\n<p>&nbsp;<\/p>\n<p>&nbsp;<\/p>\n<p>&nbsp;<\/p>\n<p>&nbsp;<\/p>\n<p>&nbsp;<\/p>\n<p>Con el nuevo disfrute art\u00edstico ya nuestro caf\u00e9 se convirti\u00f3 en \u201cla hora del t\u00e9\u201d en la calle de la Montera, en ese \u201cJard\u00edn Secreto\u201d de Salvador Bachiller que me recuerda al \u201cde las hadas\u201d de Barcelona, pero este mucho m\u00e1s grande y abigarrado, mezcla de bazar de \u201ctodo a cien\u201d pero con estilo y dise\u00f1o del caro. Es un sitio para ver, mirar, cotillear y sentarse en sillas y sillones de anticuario, rodeadas de plantas artificiales y alguna que otra natural. Curioso y simp\u00e1tico, novedad para m\u00ed que estos sitios no hay en mi pueblo. Pijo y car\u00edsimo. <a href=\"https:\/\/static-blogs.diariovasco.com\/wp-content\/uploads\/sites\/19\/2024\/11\/466415728_10160739485442877_5650721452383089987_n.jpg\"><img loading=\"lazy\" class=\"alignleft size-medium wp-image-10504\" src=\"https:\/\/static-blogs.diariovasco.com\/wp-content\/uploads\/sites\/19\/2024\/11\/466415728_10160739485442877_5650721452383089987_n-225x300.jpg\" alt=\"\" width=\"225\" height=\"300\" srcset=\"https:\/\/static-blogs.diariovasco.com\/wp-content\/uploads\/sites\/19\/2024\/11\/466415728_10160739485442877_5650721452383089987_n-225x300.jpg 225w, https:\/\/static-blogs.diariovasco.com\/wp-content\/uploads\/sites\/19\/2024\/11\/466415728_10160739485442877_5650721452383089987_n.jpg 720w\" sizes=\"(max-width: 225px) 100vw, 225px\" \/><\/a><\/p>\n<p>&nbsp;<\/p>\n<p>Se me hicieron cortas las ocho horas compartidas con mi amiga del alma, me supieron a poco los abrazos, pero el cari\u00f1o est\u00e1 ah\u00ed desde hace ya tantos a\u00f1os que s\u00e9 que seguir\u00e1 para los restos.<\/p>\n<p>&nbsp;<\/p>\n<p>&nbsp;<\/p>\n<p><a href=\"https:\/\/static-blogs.diariovasco.com\/wp-content\/uploads\/sites\/19\/2024\/11\/Madrid-Congreso-de-noche.jpg\"><img loading=\"lazy\" class=\"alignleft size-medium wp-image-10505\" src=\"https:\/\/static-blogs.diariovasco.com\/wp-content\/uploads\/sites\/19\/2024\/11\/Madrid-Congreso-de-noche-300x225.jpg\" alt=\"\" width=\"300\" height=\"225\" srcset=\"https:\/\/static-blogs.diariovasco.com\/wp-content\/uploads\/sites\/19\/2024\/11\/Madrid-Congreso-de-noche-300x225.jpg 300w, https:\/\/static-blogs.diariovasco.com\/wp-content\/uploads\/sites\/19\/2024\/11\/Madrid-Congreso-de-noche-768x576.jpg 768w, https:\/\/static-blogs.diariovasco.com\/wp-content\/uploads\/sites\/19\/2024\/11\/Madrid-Congreso-de-noche.jpg 960w\" sizes=\"(max-width: 300px) 100vw, 300px\" \/><\/a><\/p>\n<p>&nbsp;<\/p>\n<p>Volv\u00ed a casa caminando y llegu\u00e9 con los pies fr\u00edos \u2013tirando a helados- y el coraz\u00f3n caliente. Est\u00e1 virando el bar\u00f3metro, viene una buena bajada de temperaturas para el mi\u00e9rcoles, quiz\u00e1s algo de lluvia en Madrid. Tendr\u00e9 que cambiar mis planes de deambular y meterme ma\u00f1ana en otro museo\u2026 \u00a1que me va a costar poqu\u00edsimo!<\/p>\n<p>Felices los felices.<\/p>\n<p>LaAlquimista <a href=\"https:\/\/static-blogs.diariovasco.com\/wp-content\/uploads\/sites\/19\/2024\/05\/A-partir-de-los-50.jpg\"><img loading=\"lazy\" class=\"alignleft size-medium wp-image-9827\" src=\"https:\/\/static-blogs.diariovasco.com\/wp-content\/uploads\/sites\/19\/2024\/05\/A-partir-de-los-50-300x225.jpg\" alt=\"\" width=\"300\" height=\"225\" srcset=\"https:\/\/static-blogs.diariovasco.com\/wp-content\/uploads\/sites\/19\/2024\/05\/A-partir-de-los-50-300x225.jpg 300w, https:\/\/static-blogs.diariovasco.com\/wp-content\/uploads\/sites\/19\/2024\/05\/A-partir-de-los-50.jpg 719w\" sizes=\"(max-width: 300px) 100vw, 300px\" \/><\/a><\/p>\n<p>Te invito a visitar mi p\u00e1gina en Facebook.<\/p>\n<p><a href=\"https:\/\/www.facebook.com\/apartirdelos50\/\" rel=\"external nofollow\">https:\/\/www.facebook.com\/apartirdelos50\/<\/a><\/p>\n<p><em>Por si alguien desea contactar:<\/em><\/p>\n<p><a href=\"mailto:apartirdeloscincuenta@gmail.com\">apartirdeloscincuenta@gmail.com<\/a><\/p>\n<p>&nbsp;<\/p>\n<p>&nbsp;<\/p>\n<!-- AddThis Advanced Settings generic via filter on the_content --><!-- AddThis Share Buttons generic via filter on the_content -->","protected":false},"excerpt":{"rendered":"<p>A mis amigas las quiero porque son buenas personas, pero si adem\u00e1s tienen debilidad por el arte en general y la pintura en particular les hago un monumento. Luisa es de las que nunca tiene bastante, as\u00ed que mi cita con ella es el martes en la puerta del Palacio de Cibeles, con las entradas [&hellip;]<!-- AddThis Advanced Settings generic via filter on get_the_excerpt --><!-- AddThis Share Buttons generic via filter on get_the_excerpt --><\/p>\n","protected":false},"author":34,"featured_media":0,"comment_status":"open","ping_status":"closed","sticky":false,"template":"","format":"standard","meta":[],"categories":[2,1539],"tags":[],"_links":{"self":[{"href":"https:\/\/blogs.diariovasco.com\/apartirdelos50\/wp-json\/wp\/v2\/posts\/10492"}],"collection":[{"href":"https:\/\/blogs.diariovasco.com\/apartirdelos50\/wp-json\/wp\/v2\/posts"}],"about":[{"href":"https:\/\/blogs.diariovasco.com\/apartirdelos50\/wp-json\/wp\/v2\/types\/post"}],"author":[{"embeddable":true,"href":"https:\/\/blogs.diariovasco.com\/apartirdelos50\/wp-json\/wp\/v2\/users\/34"}],"replies":[{"embeddable":true,"href":"https:\/\/blogs.diariovasco.com\/apartirdelos50\/wp-json\/wp\/v2\/comments?post=10492"}],"version-history":[{"count":1,"href":"https:\/\/blogs.diariovasco.com\/apartirdelos50\/wp-json\/wp\/v2\/posts\/10492\/revisions"}],"predecessor-version":[{"id":10506,"href":"https:\/\/blogs.diariovasco.com\/apartirdelos50\/wp-json\/wp\/v2\/posts\/10492\/revisions\/10506"}],"wp:attachment":[{"href":"https:\/\/blogs.diariovasco.com\/apartirdelos50\/wp-json\/wp\/v2\/media?parent=10492"}],"wp:term":[{"taxonomy":"category","embeddable":true,"href":"https:\/\/blogs.diariovasco.com\/apartirdelos50\/wp-json\/wp\/v2\/categories?post=10492"},{"taxonomy":"post_tag","embeddable":true,"href":"https:\/\/blogs.diariovasco.com\/apartirdelos50\/wp-json\/wp\/v2\/tags?post=10492"}],"curies":[{"name":"wp","href":"https:\/\/api.w.org\/{rel}","templated":true}]}}