{"id":10549,"date":"2024-11-19T06:32:08","date_gmt":"2024-11-19T05:32:08","guid":{"rendered":"https:\/\/blogs.diariovasco.com\/apartirdelos50\/?p=10549"},"modified":"2024-11-18T09:06:59","modified_gmt":"2024-11-18T08:06:59","slug":"las-ciudades-evanescentes-de-ramon-lobo","status":"publish","type":"post","link":"https:\/\/blogs.diariovasco.com\/apartirdelos50\/2024\/11\/19\/las-ciudades-evanescentes-de-ramon-lobo\/","title":{"rendered":"&#8220;Las ciudades evanescentes&#8221; de Ram\u00f3n Lobo"},"content":{"rendered":"<p><a href=\"https:\/\/static-blogs.diariovasco.com\/wp-content\/uploads\/sites\/19\/2024\/11\/Las-ciudades-evanescentes.jpg\"><img loading=\"lazy\" class=\"aligncenter size-large wp-image-10550\" src=\"https:\/\/static-blogs.diariovasco.com\/wp-content\/uploads\/sites\/19\/2024\/11\/Las-ciudades-evanescentes-1024x761.jpg\" alt=\"\" width=\"1024\" height=\"761\" srcset=\"https:\/\/static-blogs.diariovasco.com\/wp-content\/uploads\/sites\/19\/2024\/11\/Las-ciudades-evanescentes-1024x761.jpg 1024w, https:\/\/static-blogs.diariovasco.com\/wp-content\/uploads\/sites\/19\/2024\/11\/Las-ciudades-evanescentes-300x223.jpg 300w, https:\/\/static-blogs.diariovasco.com\/wp-content\/uploads\/sites\/19\/2024\/11\/Las-ciudades-evanescentes-768x571.jpg 768w, https:\/\/static-blogs.diariovasco.com\/wp-content\/uploads\/sites\/19\/2024\/11\/Las-ciudades-evanescentes-1536x1142.jpg 1536w, https:\/\/static-blogs.diariovasco.com\/wp-content\/uploads\/sites\/19\/2024\/11\/Las-ciudades-evanescentes.jpg 1920w\" sizes=\"(max-width: 1024px) 100vw, 1024px\" \/><\/a><\/p>\n<p>He vuelto a leer con aut\u00e9ntica dedicaci\u00f3n el libro del gran Ram\u00f3n Lobo, periodista y reportero que se jug\u00f3 la vida por contar la muerte ajena y acab\u00f3 dedicando la suya propia \u2013por cruel enfermedad- a buscar y hallar su aut\u00e9ntica dimensi\u00f3n como ser humano.<\/p>\n<p>Este libro lo escribi\u00f3 durante la terrible pandemia llamada Covid-19 que asol\u00f3 al planeta Tierra y a todos sus habitantes durante tres a\u00f1os intensos y cuyos coletazos hoy, a punto de terminar 2024, todav\u00eda muchas personas siguen padeciendo.<\/p>\n<p>Son reflexiones absolutamente l\u00facidas y por ende muchas de ellas con pocos visos de esperanza. La realidad no permite florituras ni presentes ni futuras.<\/p>\n<p>Rele\u00eddo el libro ya con la tranquilidad de que no vamos a morir del terrible virus que esquilm\u00f3 a la humanidad en general, a los pa\u00edses m\u00e1s vulnerables en particular, y las residencias de ancianos de la capital de nuestro pa\u00eds, repaso concienzudamente los apuntes que tom\u00e9 en su d\u00eda y que ahora mismo me parecen no solamente actuales, sino m\u00e1s necesarios que nunca.<\/p>\n<p>*\u201cSociedad l\u00edquida, en la que todo se mueve a una velocidad de v\u00e9rtigo sin apenas tiempo para disfrutar y pensar. Zygmunt Bauman. (Pag. 52)\u201d<\/p>\n<p>*\u201cLas soledades ser\u00e1n la causa de la muerte de decenas de miles de personas golpeadas por tristezas ingobernables que se camuflar\u00e1n en c\u00e1nceres, infartos, ictus y suicidios sin dar pistas del motivo real: la desconexi\u00f3n humana. (Ram\u00f3n Lobo. Pag. 54)<\/p>\n<p>*\u201dLa vejez no comienza a los setenta a\u00f1os o a la edad que dicten las estad\u00edsticas; empieza cuando nos convertimos en dependientes.\u201d(Tesis de Sarah Harper. Pag. 111)<\/p>\n<p>*\u201cEl afecto es una herramienta esencial para lograr el equilibrio psicol\u00f3gico. Su presencia genera confianza; su ausencia debilita las defensas ante el vac\u00edo existencial. Es una necesidad que trasciende a la infancia y que aumenta en la tercera edad.\u201d (Ram\u00f3n Lobo Pag.118)<\/p>\n<p>*\u201cEl violinista Joshua Bell toc\u00f3 en Enero de 2007 en la salida del metro de L\u2019Enfant Plaza, en Whasington D.C. Durante cuarenta y tres minutos interpret\u00f3 seis melod\u00edas con su Stradivarius de 1713 valorado en tres millones y medio de d\u00f3lares. Iba vestido con vaqueros. Se pararon seis personas, veinte le dieron dinero sin detenerse. Recaud\u00f3 treinta y dos d\u00f3lares y diecisiete centavos. Nadie aplaudi\u00f3 al terminar. Tres d\u00edas antes hab\u00eda tocado con el mismo Stradivarius en el Symphony Hall de Boston. El precio medio de las entradas era de cien d\u00f3lares. Viv\u00edamos en una sociedad vaciada en la que el marco determinaba la calidad del lienzo.\u201c(Ram\u00f3n Lobo Pag. 120)<\/p>\n<p>*\u201cJorge Luis Borges ten\u00eda amistades \u00edntimas con las que se ve\u00eda no m\u00e1s que tres o cuatro veces al a\u00f1o. El escritor ten\u00eda un amigo, con el que conversaba de literatura, que jam\u00e1s le inform\u00f3 de que se hab\u00eda casado; pens\u00f3 que se trataba de un asunto personal sin importancia.\u201d (Ram\u00f3n Lobo Pag. 125)<\/p>\n<p><a href=\"https:\/\/static-blogs.diariovasco.com\/wp-content\/uploads\/sites\/19\/2024\/05\/A-partir-de-los-50.jpg\"><img loading=\"lazy\" class=\"alignleft size-medium wp-image-9827\" src=\"https:\/\/static-blogs.diariovasco.com\/wp-content\/uploads\/sites\/19\/2024\/05\/A-partir-de-los-50-300x225.jpg\" alt=\"\" width=\"300\" height=\"225\" srcset=\"https:\/\/static-blogs.diariovasco.com\/wp-content\/uploads\/sites\/19\/2024\/05\/A-partir-de-los-50-300x225.jpg 300w, https:\/\/static-blogs.diariovasco.com\/wp-content\/uploads\/sites\/19\/2024\/05\/A-partir-de-los-50.jpg 719w\" sizes=\"(max-width: 300px) 100vw, 300px\" \/><\/a>Todo esto y mucho m\u00e1s me impele a reflexionar sobre mi propia vida, mis \u201cnormas y criterios\u201d, mis pensamientos equivocados y mis \u201ccertezas inamovibles\u201d, porque cada vez es m\u00e1s dif\u00edcil separar el grano de la paja o lo que es parecido \u201clo verdadero de lo falso\u201d y \u201clo real de lo virtual\u201d. Quiz\u00e1s necesito \u2013necesitamos- ahora mismo tocar para sentir, abrazar para vibrar, callar para comprender y poder seguir dici\u00e9ndonos\u2026<\/p>\n<p>Que felices los felices.<\/p>\n<p>LaAlquimista<\/p>\n<p>*Ram\u00f3n Lobo Leyder falleci\u00f3 el 2 de Agosto de 2023 a los 68 a\u00f1os con la pena de no haber podido ver jugar La Champions. A cambio nos dej\u00f3 una \u201clecci\u00f3n de muerte\u201d inconmensurable en su libro p\u00f3stumo \u201cPensi\u00f3n Lobo\u201d, cuya lectura recomend\u00e9 vivamente y que me est\u00e1 pidiendo una nueva visita. Estos libros son para \u201ctenerlos\u201d, subrayarlos, consultarlos cuando todo tiembla.<\/p>\n<p>Te invito a visitar mi p\u00e1gina en Facebook.<\/p>\n<p><a href=\"https:\/\/www.facebook.com\/apartirdelos50\/\" rel=\"external nofollow\">https:\/\/www.facebook.com\/apartirdelos50\/<\/a><\/p>\n<p><em>Por si alguien desea contactar:<\/em><\/p>\n<p><a href=\"mailto:apartirdeloscincuenta@gmail.com\">apartirdeloscincuenta@gmail.com<\/a><\/p>\n<p>&nbsp;<\/p>\n<p>&nbsp;<\/p>\n<!-- AddThis Advanced Settings generic via filter on the_content --><!-- AddThis Share Buttons generic via filter on the_content -->","protected":false},"excerpt":{"rendered":"<p>He vuelto a leer con aut\u00e9ntica dedicaci\u00f3n el libro del gran Ram\u00f3n Lobo, periodista y reportero que se jug\u00f3 la vida por contar la muerte ajena y acab\u00f3 dedicando la suya propia \u2013por cruel enfermedad- a buscar y hallar su aut\u00e9ntica dimensi\u00f3n como ser humano. Este libro lo escribi\u00f3 durante la terrible pandemia llamada Covid-19 [&hellip;]<!-- AddThis Advanced Settings generic via filter on get_the_excerpt --><!-- AddThis Share Buttons generic via filter on get_the_excerpt --><\/p>\n","protected":false},"author":34,"featured_media":0,"comment_status":"open","ping_status":"closed","sticky":false,"template":"","format":"standard","meta":[],"categories":[2,18],"tags":[],"_links":{"self":[{"href":"https:\/\/blogs.diariovasco.com\/apartirdelos50\/wp-json\/wp\/v2\/posts\/10549"}],"collection":[{"href":"https:\/\/blogs.diariovasco.com\/apartirdelos50\/wp-json\/wp\/v2\/posts"}],"about":[{"href":"https:\/\/blogs.diariovasco.com\/apartirdelos50\/wp-json\/wp\/v2\/types\/post"}],"author":[{"embeddable":true,"href":"https:\/\/blogs.diariovasco.com\/apartirdelos50\/wp-json\/wp\/v2\/users\/34"}],"replies":[{"embeddable":true,"href":"https:\/\/blogs.diariovasco.com\/apartirdelos50\/wp-json\/wp\/v2\/comments?post=10549"}],"version-history":[{"count":1,"href":"https:\/\/blogs.diariovasco.com\/apartirdelos50\/wp-json\/wp\/v2\/posts\/10549\/revisions"}],"predecessor-version":[{"id":10551,"href":"https:\/\/blogs.diariovasco.com\/apartirdelos50\/wp-json\/wp\/v2\/posts\/10549\/revisions\/10551"}],"wp:attachment":[{"href":"https:\/\/blogs.diariovasco.com\/apartirdelos50\/wp-json\/wp\/v2\/media?parent=10549"}],"wp:term":[{"taxonomy":"category","embeddable":true,"href":"https:\/\/blogs.diariovasco.com\/apartirdelos50\/wp-json\/wp\/v2\/categories?post=10549"},{"taxonomy":"post_tag","embeddable":true,"href":"https:\/\/blogs.diariovasco.com\/apartirdelos50\/wp-json\/wp\/v2\/tags?post=10549"}],"curies":[{"name":"wp","href":"https:\/\/api.w.org\/{rel}","templated":true}]}}