{"id":10559,"date":"2024-11-26T06:40:11","date_gmt":"2024-11-26T05:40:11","guid":{"rendered":"https:\/\/blogs.diariovasco.com\/apartirdelos50\/?p=10559"},"modified":"2024-11-21T09:47:14","modified_gmt":"2024-11-21T08:47:14","slug":"10559","status":"publish","type":"post","link":"https:\/\/blogs.diariovasco.com\/apartirdelos50\/2024\/11\/26\/10559\/","title":{"rendered":"\u00bfPor qu\u00e9 dan miedo los dentistas?"},"content":{"rendered":"<p><a href=\"https:\/\/static-blogs.diariovasco.com\/wp-content\/uploads\/sites\/19\/2024\/11\/Miedo-al-dentista.jpg\"><img loading=\"lazy\" class=\"aligncenter size-large wp-image-10562\" src=\"https:\/\/static-blogs.diariovasco.com\/wp-content\/uploads\/sites\/19\/2024\/11\/Miedo-al-dentista-1024x544.jpg\" alt=\"\" width=\"1024\" height=\"544\" srcset=\"https:\/\/static-blogs.diariovasco.com\/wp-content\/uploads\/sites\/19\/2024\/11\/Miedo-al-dentista-1024x544.jpg 1024w, https:\/\/static-blogs.diariovasco.com\/wp-content\/uploads\/sites\/19\/2024\/11\/Miedo-al-dentista-300x159.jpg 300w, https:\/\/static-blogs.diariovasco.com\/wp-content\/uploads\/sites\/19\/2024\/11\/Miedo-al-dentista-768x408.jpg 768w, https:\/\/static-blogs.diariovasco.com\/wp-content\/uploads\/sites\/19\/2024\/11\/Miedo-al-dentista.jpg 1200w\" sizes=\"(max-width: 1024px) 100vw, 1024px\" \/><\/a><\/p>\n<p>Los adultos que andamos bien de memoria no podremos jam\u00e1s olvidar las angustias padecidas cuando, lustros atr\u00e1s, tuvimos que acudir a la consulta de un dentista porque ten\u00edamos una caries o hab\u00eda que extraer un diente. Jam\u00e1s hubo un odont\u00f3logo que pudiera prometer en aquellos tiempos que \u201cno te iba a hacer ning\u00fan da\u00f1o\u201d, y como ya lo sab\u00edas acud\u00edas a la consulta con los nervios de punta y una fragilidad digna de un \u201cpaciente\u201d de la Inquisici\u00f3n.<\/p>\n<p>Pero estamos en 2024 y algunas cosas \u2013afortunadamente- han cambiado gracias a los adelantos m\u00e9dicos, cient\u00edficos y dem\u00e1s. Siempre contando con que el m\u00e9dico en cuesti\u00f3n haga las inversiones econ\u00f3micas necesarias para proveerse de las herramientas m\u00e1s modernas y eficaces.<\/p>\n<p>Ya cont\u00e9 lo que me ocurri\u00f3 en la consulta de la Seguridad Social cuando fui hace un mes a que me extrajeran una muela que estaba desahuciada. Vuelvo a recordar los dos pinchazos de la anestesia \u2013insuficientes-, el dolor de los tirones bestiales que no consiguieron arrancar la pieza muerta, el dolor del hematoma que me qued\u00f3 en la cara\u2026para nada, porque me recetaron antibi\u00f3ticos y me dieron cita para tres semanas despu\u00e9s.<\/p>\n<p>Obviamente, empec\u00e9 a tener pesadillas pensando en la que me esperaba cuando volviera a mi imaginada \u201cc\u00e1mara de los horrores\u201d, que reconozco que es cosa de mi psique, mi imaginaci\u00f3n y mi miedo a los dentistas desde que, en mi tierna infancia, hab\u00eda un carnicero con bata blanca al que me llevaba mi madre que te sacaba las muelas con caries en vez de ponerte empastes porque era m\u00e1s r\u00e1pido y barato. Haciendo un peque\u00f1o esfuerzo puedo rememorar el olor que impregnaba la consulta, con menos esfuerzo escucho el zumbido horrible del taladro o de la \u201crotaflex\u201d que se usaba para limar las partes da\u00f1adas y tambi\u00e9n recuerdo el olor a tabaco que exhalaba el hombre inclinado sobre m\u00ed y el espanto que me produc\u00eda verle yo a \u00e9l sus fauces sobre mi cara. (Las mascarillas quir\u00fargicas no deb\u00edan ser obligatorias en consulta.)<\/p>\n<p>Mi madre compensaba mis l\u00e1grimas compr\u00e1ndome un helado a la salida, que no era el premio sino el remedio fr\u00edo contra el dolor lacerante que se ven\u00eda conmigo.<\/p>\n<p>Me niego a admitir que hoy en d\u00eda un profesional te inflija dolor al extraerte una muela; me parece absurdo, rid\u00edculo e incluso injusto. As\u00ed que decid\u00ed evitar repetir la experiencia en el sistema p\u00fablico y me he pasado al privado, con material ultra moderno, anest\u00e9sico sin dolor, y manos de seda que hacen su trabajo con delicadeza para que sus pacientes hablen bien de ellos y les recomienden a otros pacientes, que a ver qu\u00e9 le importa al del sistema p\u00fablico si va a sueldo fijo. Pagando lo que me pidan siempre que me juren por lo m\u00e1s sagrado que no me van a hacer pegar alaridos.<\/p>\n<p>La odont\u00f3loga elegida tiene manos firmes pero suaves, palabras amables que han calmado mis nervios, me ha ido explicando \u2013sobre la marcha- que todo iba muy bien, que si me hac\u00eda da\u00f1o levantara la mano (no ha habido necesidad), que ya faltaba poqu\u00edsimo, que me iba a quedar una herida limpia y la boca perfecta (o casi) para seguir comiendo lo que quisiera. No quiso venderme un implante, ni me sugiri\u00f3 ponerme plasma, ni darme ozono, ni zarandajas sacaperras seg\u00fan un \u201cprotocolo personal\u201d que siguen algunas cl\u00ednicas dentales. Se limit\u00f3 a hacer su trabajo y tuvo el detalle de no ense\u00f1arme el \u201ccorpus delicti\u201d una vez extra\u00eddo.<\/p>\n<p>Una mujer joven \u2013joven para m\u00ed-, que lleva veinte a\u00f1os arreglando dentaduras y que se tom\u00f3 el tiempo de calmarme antes de la intervenci\u00f3n y regalarme cinco minutos de charla amigable mientras yo volv\u00eda al planeta Tierra.<\/p>\n<p>Una maravilla. Por favor, no vay\u00e1is a dentistas carniceros habiendo \u201cmanos m\u00e1gicas\u201d que cobran un precio justo por su trabajo, lo hacen de matr\u00edcula de honor, y no se empe\u00f1an en venderte fundas, coronas, implantes y dentaduras postizas creando una necesidad est\u00e9tica que no siempre se corresponde con la necesidad real de funcionalidad.<\/p>\n<p>Menudo desahogo me he pegado despu\u00e9s de los malos ratos pasados tontamente\u2026<\/p>\n<p>Felices los felices con dientes sanos.<\/p>\n<p>LaAlquimista<\/p>\n<p>Te invito a visitar mi p\u00e1gina en Facebook.<\/p>\n<p><a href=\"https:\/\/www.facebook.com\/apartirdelos50\/\" rel=\"external nofollow\">https:\/\/www.facebook.com\/apartirdelos50\/<\/a><\/p>\n<p><em>Por si alguien desea contactar:<\/em><\/p>\n<p><a href=\"mailto:apartirdeloscincuenta@gmail.com\">apartirdeloscincuenta@gmail.com<\/a><\/p>\n<p>&nbsp;<\/p>\n<p>&nbsp;<\/p>\n<!-- AddThis Advanced Settings generic via filter on the_content --><!-- AddThis Share Buttons generic via filter on the_content -->","protected":false},"excerpt":{"rendered":"<p>Los adultos que andamos bien de memoria no podremos jam\u00e1s olvidar las angustias padecidas cuando, lustros atr\u00e1s, tuvimos que acudir a la consulta de un dentista porque ten\u00edamos una caries o hab\u00eda que extraer un diente. Jam\u00e1s hubo un odont\u00f3logo que pudiera prometer en aquellos tiempos que \u201cno te iba a hacer ning\u00fan da\u00f1o\u201d, y [&hellip;]<!-- AddThis Advanced Settings generic via filter on get_the_excerpt --><!-- AddThis Share Buttons generic via filter on get_the_excerpt --><\/p>\n","protected":false},"author":34,"featured_media":0,"comment_status":"open","ping_status":"closed","sticky":false,"template":"","format":"standard","meta":[],"categories":[2],"tags":[1540],"_links":{"self":[{"href":"https:\/\/blogs.diariovasco.com\/apartirdelos50\/wp-json\/wp\/v2\/posts\/10559"}],"collection":[{"href":"https:\/\/blogs.diariovasco.com\/apartirdelos50\/wp-json\/wp\/v2\/posts"}],"about":[{"href":"https:\/\/blogs.diariovasco.com\/apartirdelos50\/wp-json\/wp\/v2\/types\/post"}],"author":[{"embeddable":true,"href":"https:\/\/blogs.diariovasco.com\/apartirdelos50\/wp-json\/wp\/v2\/users\/34"}],"replies":[{"embeddable":true,"href":"https:\/\/blogs.diariovasco.com\/apartirdelos50\/wp-json\/wp\/v2\/comments?post=10559"}],"version-history":[{"count":3,"href":"https:\/\/blogs.diariovasco.com\/apartirdelos50\/wp-json\/wp\/v2\/posts\/10559\/revisions"}],"predecessor-version":[{"id":10563,"href":"https:\/\/blogs.diariovasco.com\/apartirdelos50\/wp-json\/wp\/v2\/posts\/10559\/revisions\/10563"}],"wp:attachment":[{"href":"https:\/\/blogs.diariovasco.com\/apartirdelos50\/wp-json\/wp\/v2\/media?parent=10559"}],"wp:term":[{"taxonomy":"category","embeddable":true,"href":"https:\/\/blogs.diariovasco.com\/apartirdelos50\/wp-json\/wp\/v2\/categories?post=10559"},{"taxonomy":"post_tag","embeddable":true,"href":"https:\/\/blogs.diariovasco.com\/apartirdelos50\/wp-json\/wp\/v2\/tags?post=10559"}],"curies":[{"name":"wp","href":"https:\/\/api.w.org\/{rel}","templated":true}]}}