{"id":10575,"date":"2024-12-06T06:51:21","date_gmt":"2024-12-06T05:51:21","guid":{"rendered":"https:\/\/blogs.diariovasco.com\/apartirdelos50\/?p=10575"},"modified":"2024-12-02T07:47:50","modified_gmt":"2024-12-02T06:47:50","slug":"un-perro-no-es-un-hijo","status":"publish","type":"post","link":"https:\/\/blogs.diariovasco.com\/apartirdelos50\/2024\/12\/06\/un-perro-no-es-un-hijo\/","title":{"rendered":"Un perro no es un hijo"},"content":{"rendered":"<p><a href=\"https:\/\/static-blogs.diariovasco.com\/wp-content\/uploads\/sites\/19\/2024\/12\/1486383523-square-1457094842-bebe-mascota.jpg\"><img loading=\"lazy\" class=\"aligncenter size-full wp-image-10577\" src=\"https:\/\/static-blogs.diariovasco.com\/wp-content\/uploads\/sites\/19\/2024\/12\/1486383523-square-1457094842-bebe-mascota.jpg\" alt=\"\" width=\"768\" height=\"768\" srcset=\"https:\/\/static-blogs.diariovasco.com\/wp-content\/uploads\/sites\/19\/2024\/12\/1486383523-square-1457094842-bebe-mascota.jpg 768w, https:\/\/static-blogs.diariovasco.com\/wp-content\/uploads\/sites\/19\/2024\/12\/1486383523-square-1457094842-bebe-mascota-300x300.jpg 300w, https:\/\/static-blogs.diariovasco.com\/wp-content\/uploads\/sites\/19\/2024\/12\/1486383523-square-1457094842-bebe-mascota-150x150.jpg 150w\" sizes=\"(max-width: 768px) 100vw, 768px\" \/><\/a><\/p>\n<p>Seguro que intentar\u00e1n sacarme los colores con este post, pero tengo motivos sobrados para escribirlo y expresar mis dudas y mis pensamientos contradictorios sobre el tema.<\/p>\n<p>Por ir dejando las cosas claras: tengo dos hijas y he tenido perro, as\u00ed que tambi\u00e9n tengo conocimiento del tema, supongo que en teor\u00eda s\u00e9 \u201calgo m\u00e1s\u201d que quienes tienen perro pero no han tenido hijos. Al tener amigos y conocidos que no tienen hijos pero s\u00ed tienen perro observo que a ese \u201ccanis familiaris\u201d lo quieren con locura, le procuran todos los cuidados, mimos y afectos posibles y sienten y padecen por \u201canimal interpuesto\u201d.<\/p>\n<p>-\u201cEl d\u00eda que se muera mi perrita \u2013me dijo una vez una amiga- me morir\u00e9 yo tambi\u00e9n\u201d. Y le contest\u00e9 que hay madres (y padres) a los que se les han muerto hijos y han seguido viviendo, con menos ganas y mucho dolor, pero que no se han muerto.<\/p>\n<p>Dicen los expertos en psicolog\u00eda humano\/perruna que es de lo m\u00e1s habitual que personas o parejas que no tienen hijos busquen en un animal el sustituto del peque\u00f1o ser humano al que no tienen acceso por los motivos que sean.<\/p>\n<p>Puede ser, puede ser\u2026 Conozco a quien tiene un perrillo y lo trata como a un hijo \u2013o incluso como ya quisieran muchos hijos que les tratasen sus propios padres-. Que se dirigen al \u201cpeludo\u201d hablando con \u00e9l como si fuera (realmente) su beb\u00e9 o criaturita. Que le dicen cosas como: -\u201cYa ha venido mam\u00e1 de la calle y te ha tra\u00eddo jam\u00f3n de york del rico\u201d, refiri\u00e9ndose a s\u00ed mismas como en una relaci\u00f3n \u201cmadre\/hijo\u201d. Pues muy bien. O puede que no tan bien.<\/p>\n<p>Todos tenemos carencias afectivas -yo, la primera-, y las llenamos como dios nos da a entender, como podemos o como malamente entendemos que sabemos hacerlo.<\/p>\n<p>He parido dos hermosas hijas y acog\u00ed a un perro enfermo y mal atendido y cuando se muri\u00f3 mi perrillo llor\u00e9 lo que no est\u00e1 escrito, pero\u2026 \u00a1era un perro, joder, era un perro! \u00a1Qu\u00e9 man\u00eda con comparar! \u00bfA qu\u00e9 viene esa declaraci\u00f3n de intenciones \u2013que casi siempre son personas sin hijos las que la expresan- tan dr\u00e1stica y descorazonadora de: <u>\u201cPrefiero antes a un perro que a un ser humano<\/u>\u201d? Porque son m\u00e1s honestos, m\u00e1s fieles, dan cari\u00f1o sin esperar nada a cambio (incierto: esperan la comida cotidiana y tres paseos al d\u00eda y que la casa est\u00e9 confortable y \u2013si les dejas-, meterse en tu cama y comerse tu comida).<\/p>\n<p>\u00bfQue los perros son fleles animales de compa\u00f1\u00eda y que siempre estar\u00e1n a tu lado te ocurra lo que te ocurra? Incierto: que no te d\u00e9 un jamacuco y tengas que ir a Urgencias. Que no te quedes en el paro, que no te deje tu pareja y no tengas con qui\u00e9n hablar o compartir sexo. En fin, todas esas situaciones que conforman la vida de los humanos y que est\u00e1n lej\u00edsimos de las posibilidades vitales de los perros.<\/p>\n<p>Por cierto, que quiero mucho a mis perritos presentes y pasados a pesar del asco que me provoca tener que recoger \u00a0por doquier sus cacas y soportar todo lo\u00a0 que hacen oliendo, chupando y comiendo las mil porquer\u00edas\/tesoros innombrables que encuentran en calles y jardines.<\/p>\n<p><a href=\"https:\/\/static-blogs.diariovasco.com\/wp-content\/uploads\/sites\/19\/2024\/04\/A-partir-de-los-50-2.jpg\"><img loading=\"lazy\" class=\"alignleft size-medium wp-image-9808\" src=\"https:\/\/static-blogs.diariovasco.com\/wp-content\/uploads\/sites\/19\/2024\/04\/A-partir-de-los-50-2-300x300.jpg\" alt=\"\" width=\"300\" height=\"300\" srcset=\"https:\/\/static-blogs.diariovasco.com\/wp-content\/uploads\/sites\/19\/2024\/04\/A-partir-de-los-50-2-300x300.jpg 300w, https:\/\/static-blogs.diariovasco.com\/wp-content\/uploads\/sites\/19\/2024\/04\/A-partir-de-los-50-2-150x150.jpg 150w, https:\/\/static-blogs.diariovasco.com\/wp-content\/uploads\/sites\/19\/2024\/04\/A-partir-de-los-50-2.jpg 524w\" sizes=\"(max-width: 300px) 100vw, 300px\" \/><\/a>Pero de ah\u00ed a convencerse a uno mismo de que un perro es \u201ccomo un hijo\u201d, es algo que jam\u00e1s he podido aceptar y que me sigue chirriando cuando veo que alguien lo hace. Y del antropomorfismo ya hablaremos otro d\u00eda\u2026<\/p>\n<p>Felices los felices.<\/p>\n<p>LaAlquimista<\/p>\n<p>Te invito a visitar mi p\u00e1gina en Facebook.<\/p>\n<p><a href=\"https:\/\/www.facebook.com\/apartirdelos50\/\" rel=\"external nofollow\">https:\/\/www.facebook.com\/apartirdelos50\/<\/a><\/p>\n<p><em>Por si alguien desea contactar:<\/em><\/p>\n<p><a href=\"mailto:apartirdeloscincuenta@gmail.com\">apartirdeloscincuenta@gmail.com<\/a><\/p>\n<p>&nbsp;<\/p>\n<p>&nbsp;<\/p>\n<p>&nbsp;<\/p>\n<!-- AddThis Advanced Settings generic via filter on the_content --><!-- AddThis Share Buttons generic via filter on the_content -->","protected":false},"excerpt":{"rendered":"<p>Seguro que intentar\u00e1n sacarme los colores con este post, pero tengo motivos sobrados para escribirlo y expresar mis dudas y mis pensamientos contradictorios sobre el tema. Por ir dejando las cosas claras: tengo dos hijas y he tenido perro, as\u00ed que tambi\u00e9n tengo conocimiento del tema, supongo que en teor\u00eda s\u00e9 \u201calgo m\u00e1s\u201d que quienes [&hellip;]<!-- AddThis Advanced Settings generic via filter on get_the_excerpt --><!-- AddThis Share Buttons generic via filter on get_the_excerpt --><\/p>\n","protected":false},"author":34,"featured_media":0,"comment_status":"open","ping_status":"closed","sticky":false,"template":"","format":"standard","meta":[],"categories":[2],"tags":[],"_links":{"self":[{"href":"https:\/\/blogs.diariovasco.com\/apartirdelos50\/wp-json\/wp\/v2\/posts\/10575"}],"collection":[{"href":"https:\/\/blogs.diariovasco.com\/apartirdelos50\/wp-json\/wp\/v2\/posts"}],"about":[{"href":"https:\/\/blogs.diariovasco.com\/apartirdelos50\/wp-json\/wp\/v2\/types\/post"}],"author":[{"embeddable":true,"href":"https:\/\/blogs.diariovasco.com\/apartirdelos50\/wp-json\/wp\/v2\/users\/34"}],"replies":[{"embeddable":true,"href":"https:\/\/blogs.diariovasco.com\/apartirdelos50\/wp-json\/wp\/v2\/comments?post=10575"}],"version-history":[{"count":3,"href":"https:\/\/blogs.diariovasco.com\/apartirdelos50\/wp-json\/wp\/v2\/posts\/10575\/revisions"}],"predecessor-version":[{"id":10579,"href":"https:\/\/blogs.diariovasco.com\/apartirdelos50\/wp-json\/wp\/v2\/posts\/10575\/revisions\/10579"}],"wp:attachment":[{"href":"https:\/\/blogs.diariovasco.com\/apartirdelos50\/wp-json\/wp\/v2\/media?parent=10575"}],"wp:term":[{"taxonomy":"category","embeddable":true,"href":"https:\/\/blogs.diariovasco.com\/apartirdelos50\/wp-json\/wp\/v2\/categories?post=10575"},{"taxonomy":"post_tag","embeddable":true,"href":"https:\/\/blogs.diariovasco.com\/apartirdelos50\/wp-json\/wp\/v2\/tags?post=10575"}],"curies":[{"name":"wp","href":"https:\/\/api.w.org\/{rel}","templated":true}]}}