{"id":10661,"date":"2025-01-04T07:54:03","date_gmt":"2025-01-04T06:54:03","guid":{"rendered":"https:\/\/blogs.diariovasco.com\/apartirdelos50\/?p=10661"},"modified":"2025-01-04T08:28:50","modified_gmt":"2025-01-04T07:28:50","slug":"arte-en-valencia-3-bellas-artes","status":"publish","type":"post","link":"https:\/\/blogs.diariovasco.com\/apartirdelos50\/2025\/01\/04\/arte-en-valencia-3-bellas-artes\/","title":{"rendered":"ARTE EN VALENCIA (III) BELLAS ARTES"},"content":{"rendered":"<p><a href=\"https:\/\/static-blogs.diariovasco.com\/wp-content\/uploads\/sites\/19\/2025\/01\/VALENCIA-BELLAS-ARTES-ROSARIO-DE-VELASCO3.jpg\"><img loading=\"lazy\" class=\"aligncenter size-full wp-image-10663\" src=\"https:\/\/static-blogs.diariovasco.com\/wp-content\/uploads\/sites\/19\/2025\/01\/VALENCIA-BELLAS-ARTES-ROSARIO-DE-VELASCO3.jpg\" alt=\"\" width=\"960\" height=\"720\" srcset=\"https:\/\/static-blogs.diariovasco.com\/wp-content\/uploads\/sites\/19\/2025\/01\/VALENCIA-BELLAS-ARTES-ROSARIO-DE-VELASCO3.jpg 960w, https:\/\/static-blogs.diariovasco.com\/wp-content\/uploads\/sites\/19\/2025\/01\/VALENCIA-BELLAS-ARTES-ROSARIO-DE-VELASCO3-300x225.jpg 300w, https:\/\/static-blogs.diariovasco.com\/wp-content\/uploads\/sites\/19\/2025\/01\/VALENCIA-BELLAS-ARTES-ROSARIO-DE-VELASCO3-768x576.jpg 768w\" sizes=\"(max-width: 960px) 100vw, 960px\" \/><\/a><\/p>\n<p>Este museo es uno de mis \u201cimprescindibles\u201d de esta ciudad. No solamente por su fondo art\u00edstico sino por sus exposiciones temporales que tienen un \u201cje ne sais quoi\u201d que me encanta. Adem\u00e1s de ser gratuito, cosa que siempre se agradece.<\/p>\n<p><a href=\"https:\/\/static-blogs.diariovasco.com\/wp-content\/uploads\/sites\/19\/2025\/01\/VALENCIA-BELLAS-ARTES-ROSARIO-DE-VELASCO.jpg\"><img loading=\"lazy\" class=\"aligncenter size-full wp-image-10665\" src=\"https:\/\/static-blogs.diariovasco.com\/wp-content\/uploads\/sites\/19\/2025\/01\/VALENCIA-BELLAS-ARTES-ROSARIO-DE-VELASCO.jpg\" alt=\"\" width=\"720\" height=\"960\" srcset=\"https:\/\/static-blogs.diariovasco.com\/wp-content\/uploads\/sites\/19\/2025\/01\/VALENCIA-BELLAS-ARTES-ROSARIO-DE-VELASCO.jpg 720w, https:\/\/static-blogs.diariovasco.com\/wp-content\/uploads\/sites\/19\/2025\/01\/VALENCIA-BELLAS-ARTES-ROSARIO-DE-VELASCO-225x300.jpg 225w\" sizes=\"(max-width: 720px) 100vw, 720px\" \/><\/a><\/p>\n<p>Esta vez he podido disfrutar de la obra de una pintora casi desconocida para m\u00ed: Rosario de Velasco, que ya fue \u201cagasajada\u201d por el museo Thyssen el pasado mes de Abril. Esta pintora, nacida en Madrid en 1904 y fallecida en Barcelona en 1991, conoci\u00f3 un \u00e9xito fulgurante durante su juventud, en los a\u00f1os previos a la guerra civil y despu\u00e9s durante la dictadura franquista porque parece ser que ella y su arte fueron falangistas.<\/p>\n<p><a href=\"https:\/\/static-blogs.diariovasco.com\/wp-content\/uploads\/sites\/19\/2025\/01\/VALENCIA-BELLAS-ARTES-ROSARIO-DE-VELASCO-2.jpg\"><img loading=\"lazy\" class=\"aligncenter size-full wp-image-10666\" src=\"https:\/\/static-blogs.diariovasco.com\/wp-content\/uploads\/sites\/19\/2025\/01\/VALENCIA-BELLAS-ARTES-ROSARIO-DE-VELASCO-2.jpg\" alt=\"\" width=\"720\" height=\"960\" srcset=\"https:\/\/static-blogs.diariovasco.com\/wp-content\/uploads\/sites\/19\/2025\/01\/VALENCIA-BELLAS-ARTES-ROSARIO-DE-VELASCO-2.jpg 720w, https:\/\/static-blogs.diariovasco.com\/wp-content\/uploads\/sites\/19\/2025\/01\/VALENCIA-BELLAS-ARTES-ROSARIO-DE-VELASCO-2-225x300.jpg 225w\" sizes=\"(max-width: 720px) 100vw, 720px\" \/><\/a><\/p>\n<p>Despu\u00e9s oCurre un enorme par\u00e9ntesis en los que sus obras \u201cdesaparecen\u201d en colecciones privadas y no es hasta 2024 que sus descendientes emprenden una \u201ccruzada\u201d para rescatarla del olvido.<\/p>\n<p><a href=\"https:\/\/static-blogs.diariovasco.com\/wp-content\/uploads\/sites\/19\/2025\/01\/VALENCIA-BELLAS-ARTES-ROSARIO-DE-VELASCO-1.jpg\"><img loading=\"lazy\" class=\"alignleft size-medium wp-image-10667\" src=\"https:\/\/static-blogs.diariovasco.com\/wp-content\/uploads\/sites\/19\/2025\/01\/VALENCIA-BELLAS-ARTES-ROSARIO-DE-VELASCO-1-225x300.jpg\" alt=\"\" width=\"225\" height=\"300\" srcset=\"https:\/\/static-blogs.diariovasco.com\/wp-content\/uploads\/sites\/19\/2025\/01\/VALENCIA-BELLAS-ARTES-ROSARIO-DE-VELASCO-1-225x300.jpg 225w, https:\/\/static-blogs.diariovasco.com\/wp-content\/uploads\/sites\/19\/2025\/01\/VALENCIA-BELLAS-ARTES-ROSARIO-DE-VELASCO-1.jpg 720w\" sizes=\"(max-width: 225px) 100vw, 225px\" \/><\/a>En cualquier caso, su pintura figurativa est\u00e1 llena de delicadeza tanto en sus trazos y pinceladas como en los temas elegidos. Tambi\u00e9n fue importante ilustradora que tuvo que ganarse los garbanzos con trabajos para la prensa de la \u00e9poca o ilustrar libros de cuentos, entre ellos los de Mar\u00eda Teresa Le\u00f3n. <a href=\"https:\/\/static-blogs.diariovasco.com\/wp-content\/uploads\/sites\/19\/2025\/01\/VALENCIA-BELLAS-ARTES-CECILIA.jpg\"><img loading=\"lazy\" class=\"alignright size-medium wp-image-10668\" src=\"https:\/\/static-blogs.diariovasco.com\/wp-content\/uploads\/sites\/19\/2025\/01\/VALENCIA-BELLAS-ARTES-CECILIA-226x300.jpg\" alt=\"\" width=\"226\" height=\"300\" srcset=\"https:\/\/static-blogs.diariovasco.com\/wp-content\/uploads\/sites\/19\/2025\/01\/VALENCIA-BELLAS-ARTES-CECILIA-226x300.jpg 226w, https:\/\/static-blogs.diariovasco.com\/wp-content\/uploads\/sites\/19\/2025\/01\/VALENCIA-BELLAS-ARTES-CECILIA-771x1024.jpg 771w, https:\/\/static-blogs.diariovasco.com\/wp-content\/uploads\/sites\/19\/2025\/01\/VALENCIA-BELLAS-ARTES-CECILIA-768x1021.jpg 768w, https:\/\/static-blogs.diariovasco.com\/wp-content\/uploads\/sites\/19\/2025\/01\/VALENCIA-BELLAS-ARTES-CECILIA-1156x1536.jpg 1156w, https:\/\/static-blogs.diariovasco.com\/wp-content\/uploads\/sites\/19\/2025\/01\/VALENCIA-BELLAS-ARTES-CECILIA.jpg 1204w\" sizes=\"(max-width: 226px) 100vw, 226px\" \/><\/a><\/p>\n<p>He disfrutado, lo confieso.<\/p>\n<p>Tambi\u00e9n el Bellas Artes (o Pio V) presentaba otra exposici\u00f3n titulada \u201cInvenci\u00f3n y proyecto. Bocetos en el Museo de Bellas Artes de Valencia. \u201cA lo largo de la historia, los bocetos han sido valorados por mecenas, coleccionistas y amigos de los artistas, al considerarlos como un recuerdo significativo o el inicio de una colecci\u00f3n de arte. Este prestigio ha permitido la conservaci\u00f3n de un gran n\u00famero de ellos.\u201d<\/p>\n<p><a href=\"https:\/\/static-blogs.diariovasco.com\/wp-content\/uploads\/sites\/19\/2025\/01\/vALENCIA-Rosario-de-Velasco.jpg\"><img loading=\"lazy\" class=\"alignleft size-medium wp-image-10669\" src=\"https:\/\/static-blogs.diariovasco.com\/wp-content\/uploads\/sites\/19\/2025\/01\/vALENCIA-Rosario-de-Velasco-225x300.jpg\" alt=\"\" width=\"225\" height=\"300\" srcset=\"https:\/\/static-blogs.diariovasco.com\/wp-content\/uploads\/sites\/19\/2025\/01\/vALENCIA-Rosario-de-Velasco-225x300.jpg 225w, https:\/\/static-blogs.diariovasco.com\/wp-content\/uploads\/sites\/19\/2025\/01\/vALENCIA-Rosario-de-Velasco.jpg 720w\" sizes=\"(max-width: 225px) 100vw, 225px\" \/><\/a>Ha sido curioso y pedag\u00f3gico contemplar uno al lado del otro, el boceto y el original posterior, as\u00ed como retratos inacabados que resultan sumamente actuales por abandonar la composici\u00f3n compleja que se utilizaba en otra \u00e9poca: persona retratada m\u00e1s el fondo o escenario adecuado. <a href=\"https:\/\/static-blogs.diariovasco.com\/wp-content\/uploads\/sites\/19\/2025\/01\/VALENCIA-JARDINES-VIVEROS.jpg\"><img loading=\"lazy\" class=\"alignright size-medium wp-image-10670\" src=\"https:\/\/static-blogs.diariovasco.com\/wp-content\/uploads\/sites\/19\/2025\/01\/VALENCIA-JARDINES-VIVEROS-225x300.jpg\" alt=\"\" width=\"225\" height=\"300\" srcset=\"https:\/\/static-blogs.diariovasco.com\/wp-content\/uploads\/sites\/19\/2025\/01\/VALENCIA-JARDINES-VIVEROS-225x300.jpg 225w, https:\/\/static-blogs.diariovasco.com\/wp-content\/uploads\/sites\/19\/2025\/01\/VALENCIA-JARDINES-VIVEROS.jpg 720w\" sizes=\"(max-width: 225px) 100vw, 225px\" \/><\/a><\/p>\n<p>Una hora larga de seducci\u00f3n. Y un paseo tonificante por los Jardines del Real \u2013o Jardines de Viveros- y la buen\u00edsima suerte de encontrar una mesa libre en uno de sus quioscos y degustar una cerveza al sol de invierno \u2013que sabe diferente que en verano- y ya puestas, mi nueva amiga valenciana R. a la que conoc\u00ed haciendo senderismo en el Valle de Bazt\u00e1n y la que suscribe, nos regalamos una rica ensalada y un \u201cchivito\u201d calentito.<\/p>\n<p><a href=\"https:\/\/static-blogs.diariovasco.com\/wp-content\/uploads\/sites\/19\/2025\/01\/VALENCIA-PARQUE-DE-VIVEROS.jpg\"><img loading=\"lazy\" class=\"alignleft size-medium wp-image-10671\" src=\"https:\/\/static-blogs.diariovasco.com\/wp-content\/uploads\/sites\/19\/2025\/01\/VALENCIA-PARQUE-DE-VIVEROS-262x300.jpg\" alt=\"\" width=\"262\" height=\"300\" srcset=\"https:\/\/static-blogs.diariovasco.com\/wp-content\/uploads\/sites\/19\/2025\/01\/VALENCIA-PARQUE-DE-VIVEROS-262x300.jpg 262w, https:\/\/static-blogs.diariovasco.com\/wp-content\/uploads\/sites\/19\/2025\/01\/VALENCIA-PARQUE-DE-VIVEROS-768x881.jpg 768w, https:\/\/static-blogs.diariovasco.com\/wp-content\/uploads\/sites\/19\/2025\/01\/VALENCIA-PARQUE-DE-VIVEROS.jpg 837w\" sizes=\"(max-width: 262px) 100vw, 262px\" \/><\/a>Despu\u00e9s de pasear la digesti\u00f3n, otra peque\u00f1a parada en el Museo de Ciencias Naturales- gratuito el domingo a partir de las 3 de la tarde-, un edificio que fue un antiguo restaurante de arquitectura racionalista y que alberga la mayor colecci\u00f3n de Paleontolog\u00eda sudamericana presente en Europa. Una peque\u00f1a delicatesen con huesos de dinosaurio y otros \u201canimalillos\u201d coet\u00e1neos.<\/p>\n<p><a href=\"https:\/\/static-blogs.diariovasco.com\/wp-content\/uploads\/sites\/19\/2025\/01\/VALENCIA-CECILIA-COPA.jpg\"><img loading=\"lazy\" class=\"alignright size-medium wp-image-10672\" src=\"https:\/\/static-blogs.diariovasco.com\/wp-content\/uploads\/sites\/19\/2025\/01\/VALENCIA-CECILIA-COPA-225x300.jpg\" alt=\"\" width=\"225\" height=\"300\" srcset=\"https:\/\/static-blogs.diariovasco.com\/wp-content\/uploads\/sites\/19\/2025\/01\/VALENCIA-CECILIA-COPA-225x300.jpg 225w, https:\/\/static-blogs.diariovasco.com\/wp-content\/uploads\/sites\/19\/2025\/01\/VALENCIA-CECILIA-COPA.jpg 720w\" sizes=\"(max-width: 225px) 100vw, 225px\" \/><\/a>El mejor cierre al d\u00eda amistoso y cultural lo bordamos en un confortable caf\u00e9 con sendas bebidas \u201creconstituyentes\u201d.<\/p>\n<p>Felices los felices.<\/p>\n<p>LaAlquimista<\/p>\n<p>Te invito a visitar mi p\u00e1gina en Facebook.<\/p>\n<p><a href=\"https:\/\/www.facebook.com\/apartirdelos50\/\" rel=\"external nofollow\">https:\/\/www.facebook.com\/apartirdelos50\/<\/a><\/p>\n<p><em>Por si alguien desea contactar:<\/em><\/p>\n<p><a href=\"mailto:apartirdeloscincuenta@gmail.com\">apartirdeloscincuenta@gmail.com<\/a><\/p>\n<p>&nbsp;<\/p>\n<p>&nbsp;<\/p>\n<!-- AddThis Advanced Settings generic via filter on the_content --><!-- AddThis Share Buttons generic via filter on the_content -->","protected":false},"excerpt":{"rendered":"<p>Este museo es uno de mis \u201cimprescindibles\u201d de esta ciudad. No solamente por su fondo art\u00edstico sino por sus exposiciones temporales que tienen un \u201cje ne sais quoi\u201d que me encanta. Adem\u00e1s de ser gratuito, cosa que siempre se agradece. Esta vez he podido disfrutar de la obra de una pintora casi desconocida para m\u00ed: [&hellip;]<!-- AddThis Advanced Settings generic via filter on get_the_excerpt --><!-- AddThis Share Buttons generic via filter on get_the_excerpt --><\/p>\n","protected":false},"author":34,"featured_media":0,"comment_status":"open","ping_status":"closed","sticky":false,"template":"","format":"standard","meta":[],"categories":[1],"tags":[1545,1548,1547],"_links":{"self":[{"href":"https:\/\/blogs.diariovasco.com\/apartirdelos50\/wp-json\/wp\/v2\/posts\/10661"}],"collection":[{"href":"https:\/\/blogs.diariovasco.com\/apartirdelos50\/wp-json\/wp\/v2\/posts"}],"about":[{"href":"https:\/\/blogs.diariovasco.com\/apartirdelos50\/wp-json\/wp\/v2\/types\/post"}],"author":[{"embeddable":true,"href":"https:\/\/blogs.diariovasco.com\/apartirdelos50\/wp-json\/wp\/v2\/users\/34"}],"replies":[{"embeddable":true,"href":"https:\/\/blogs.diariovasco.com\/apartirdelos50\/wp-json\/wp\/v2\/comments?post=10661"}],"version-history":[{"count":4,"href":"https:\/\/blogs.diariovasco.com\/apartirdelos50\/wp-json\/wp\/v2\/posts\/10661\/revisions"}],"predecessor-version":[{"id":10674,"href":"https:\/\/blogs.diariovasco.com\/apartirdelos50\/wp-json\/wp\/v2\/posts\/10661\/revisions\/10674"}],"wp:attachment":[{"href":"https:\/\/blogs.diariovasco.com\/apartirdelos50\/wp-json\/wp\/v2\/media?parent=10661"}],"wp:term":[{"taxonomy":"category","embeddable":true,"href":"https:\/\/blogs.diariovasco.com\/apartirdelos50\/wp-json\/wp\/v2\/categories?post=10661"},{"taxonomy":"post_tag","embeddable":true,"href":"https:\/\/blogs.diariovasco.com\/apartirdelos50\/wp-json\/wp\/v2\/tags?post=10661"}],"curies":[{"name":"wp","href":"https:\/\/api.w.org\/{rel}","templated":true}]}}