{"id":10738,"date":"2025-01-15T12:07:17","date_gmt":"2025-01-15T11:07:17","guid":{"rendered":"https:\/\/blogs.diariovasco.com\/apartirdelos50\/?p=10738"},"modified":"2025-01-15T12:07:17","modified_gmt":"2025-01-15T11:07:17","slug":"de-turismo-por-donostia-ii","status":"publish","type":"post","link":"https:\/\/blogs.diariovasco.com\/apartirdelos50\/2025\/01\/15\/de-turismo-por-donostia-ii\/","title":{"rendered":"De turismo por Donostia (II)"},"content":{"rendered":"<p><a href=\"https:\/\/static-blogs.diariovasco.com\/wp-content\/uploads\/sites\/19\/2025\/01\/Peine-del-viento-1.jpg\"><img loading=\"lazy\" class=\"aligncenter size-full wp-image-10739\" src=\"https:\/\/static-blogs.diariovasco.com\/wp-content\/uploads\/sites\/19\/2025\/01\/Peine-del-viento-1.jpg\" alt=\"\" width=\"720\" height=\"960\" srcset=\"https:\/\/static-blogs.diariovasco.com\/wp-content\/uploads\/sites\/19\/2025\/01\/Peine-del-viento-1.jpg 720w, https:\/\/static-blogs.diariovasco.com\/wp-content\/uploads\/sites\/19\/2025\/01\/Peine-del-viento-1-225x300.jpg 225w\" sizes=\"(max-width: 720px) 100vw, 720px\" \/><\/a><\/p>\n<p>El funicular para subir a Igueldo est\u00e1 fuera de servicio, el parque de atracciones cerrado; no obstante la sociedad Monte Igueldo cobra 2,50\u20ac tan solo por entrar en un recinto vac\u00edo cuyo \u00fanico atractivo lo pone la naturaleza: la panor\u00e1mica bell\u00edsima de la ciudad desde las alturas. Pues, ni agua. Es decir, que ya solo falta que nos cobren por respirar el aire de la bah\u00eda.<\/p>\n<p><a href=\"https:\/\/static-blogs.diariovasco.com\/wp-content\/uploads\/sites\/19\/2025\/01\/Ondarreta-rocas.jpg\"><img loading=\"lazy\" class=\"alignleft size-medium wp-image-10740\" src=\"https:\/\/static-blogs.diariovasco.com\/wp-content\/uploads\/sites\/19\/2025\/01\/Ondarreta-rocas-273x300.jpg\" alt=\"\" width=\"273\" height=\"300\" srcset=\"https:\/\/static-blogs.diariovasco.com\/wp-content\/uploads\/sites\/19\/2025\/01\/Ondarreta-rocas-273x300.jpg 273w, https:\/\/static-blogs.diariovasco.com\/wp-content\/uploads\/sites\/19\/2025\/01\/Ondarreta-rocas-768x843.jpg 768w, https:\/\/static-blogs.diariovasco.com\/wp-content\/uploads\/sites\/19\/2025\/01\/Ondarreta-rocas.jpg 875w\" sizes=\"(max-width: 273px) 100vw, 273px\" \/><\/a>As\u00ed que nos vamos tranquilamente a pasear hasta el &#8220;Peine del Viento XV&#8221; de Chillida (y del Ayuntamiento) que \u2013de momento- es gratuito. Son tres esculturas de acero, cada una de diez toneladas, ancladas en rocas para ser batidas por la fuerza del mar. Seg\u00fan Chillida su intenci\u00f3n era \u201cconectar al hombre con la naturaleza\u201d y es buena la intenci\u00f3n, pero cada cual \u201cse conecta\u201d a su manera. En realidad es una interpretaci\u00f3n art\u00edstica de los Bufones de Fr\u00edas (Llanes, Asturias). Los bufones son fen\u00f3menos naturales originados por el efecto de la erosi\u00f3n del mar y la lluvia en la roca caliza, dando lugar a grietas y chimeneas que conectan el mar con la tierra. El golpe del oleaje contra los acantilados provoca la expulsi\u00f3n del aire comprimido en las galer\u00edas, sin embargo, en d\u00edas de fuerte marejada aire y agua escapan al exterior a gran presi\u00f3n con chorros de agua que alcanzan gran altura. Pues eso. Que seguimos inventando la p\u00f3lvora. El paseo calmado entre nubes y un t\u00edmido sol vale la pena si no te haces un esguince caminando por una especie de \u201ccalzada romana\u201d imposible de practicar para quien tenga alg\u00fan problema de movilidad \u2013ni lo sue\u00f1en las sillas de ruedas-.<\/p>\n<p><a href=\"https:\/\/static-blogs.diariovasco.com\/wp-content\/uploads\/sites\/19\/2025\/01\/Tortilla-NAM.jpg\"><img loading=\"lazy\" class=\"alignright size-medium wp-image-10741\" src=\"https:\/\/static-blogs.diariovasco.com\/wp-content\/uploads\/sites\/19\/2025\/01\/Tortilla-NAM-225x300.jpg\" alt=\"\" width=\"225\" height=\"300\" srcset=\"https:\/\/static-blogs.diariovasco.com\/wp-content\/uploads\/sites\/19\/2025\/01\/Tortilla-NAM-225x300.jpg 225w, https:\/\/static-blogs.diariovasco.com\/wp-content\/uploads\/sites\/19\/2025\/01\/Tortilla-NAM.jpg 720w\" sizes=\"(max-width: 225px) 100vw, 225px\" \/><\/a>Los jardines de Ondarreta, la playa, las casonas\/palacio que no han sucumbido al desafuero arquitect\u00f3nico convirti\u00e9ndose en apartamentos de acero y cristal, tambi\u00e9n valen el tiempo del paseo demorado por las calles silenciosas.<\/p>\n<p>El paseo sigue su ruta natural hacia el Palacio de Miramar, una mal llamada \u201cCasa de Campo\u201d de estilo ingl\u00e9s que se feri\u00f3 la reina Mar\u00eda Cristina, madre del rey Alfonso XII, en un enclave \u00fanico frente al mar, comprando unos terrenos a precio simb\u00f3lico, desmontando la iglesia que all\u00ed hab\u00eda y cortando el paso y camino p\u00fablico para que los lugare\u00f1os no pasaran con sus carretas por su lugar de descanso y placer. Es decir, se carg\u00f3 la \u201cservidumbre de paso\u201d construyendo un t\u00fanel bajo los jardines para que por all\u00ed se desviara la molesta chusma que viv\u00eda en los alrededores. Se trajo a su arquitecto ingl\u00e9s y los prohombres de la ciudad de la \u00e9poca le \u201cecharon una mano\u201d para consolidar y promover como buen\u00edsima inversi\u00f3n cremat\u00edstica que \u201cla corte\u201d se viniera a \u201ctomar las aguas\u201d a San Sebasti\u00e1n. Hoy en d\u00eda este palacio \u2013mal conservado, deteriorado a ojos vistas e infrautilizado en cursos de verano y festejos para pijos- es municipal despu\u00e9s de que la Casa Real revirti\u00f3 su propiedad en la ciudad y sin que nadie nos haya informado de cu\u00e1nto sac\u00f3 de la venta el heredero oficial, \u201cel Em\u00e9rito\u201d. <a href=\"https:\/\/static-blogs.diariovasco.com\/wp-content\/uploads\/sites\/19\/2025\/01\/Perro-de-piedra.jpg\"><img loading=\"lazy\" class=\"alignleft size-medium wp-image-10742\" src=\"https:\/\/static-blogs.diariovasco.com\/wp-content\/uploads\/sites\/19\/2025\/01\/Perro-de-piedra-225x300.jpg\" alt=\"\" width=\"225\" height=\"300\" srcset=\"https:\/\/static-blogs.diariovasco.com\/wp-content\/uploads\/sites\/19\/2025\/01\/Perro-de-piedra-225x300.jpg 225w, https:\/\/static-blogs.diariovasco.com\/wp-content\/uploads\/sites\/19\/2025\/01\/Perro-de-piedra.jpg 720w\" sizes=\"(max-width: 225px) 100vw, 225px\" \/><\/a><\/p>\n<p>Mi ciudad es hermosa, pero no es oro todo lo que reluce y con demasiada frecuencia se blanquea la historia para que quede limpia y con esplendor de cara al visitante\u2026o a las nuevas generaciones que crecen creyendo que todo les es debido y est\u00e1 a su servicio gracias al gesto de levantar el dedo y pedirlo.<\/p>\n<p><a href=\"https:\/\/static-blogs.diariovasco.com\/wp-content\/uploads\/sites\/19\/2025\/01\/Desde-Miramar.jpg\"><img loading=\"lazy\" class=\"alignright size-medium wp-image-10743\" src=\"https:\/\/static-blogs.diariovasco.com\/wp-content\/uploads\/sites\/19\/2025\/01\/Desde-Miramar-300x225.jpg\" alt=\"\" width=\"300\" height=\"225\" srcset=\"https:\/\/static-blogs.diariovasco.com\/wp-content\/uploads\/sites\/19\/2025\/01\/Desde-Miramar-300x225.jpg 300w, https:\/\/static-blogs.diariovasco.com\/wp-content\/uploads\/sites\/19\/2025\/01\/Desde-Miramar-768x576.jpg 768w, https:\/\/static-blogs.diariovasco.com\/wp-content\/uploads\/sites\/19\/2025\/01\/Desde-Miramar.jpg 960w\" sizes=\"(max-width: 300px) 100vw, 300px\" \/><\/a>Mi amiga valenciana observa y escucha y abre mucho los ojos ante la belleza que nos circunda. Caminamos por la ciudad mirando edificios, -sobre todo c\u00fapulas y templetes de casas se\u00f1oriales-; me pregunta cu\u00e1nto puede costar un piso con vistas a la bah\u00eda y yo le digo que \u201cmuy poco, poqu\u00edsimo\u201d, sobre todo para quienes los compran como inversi\u00f3n porque no saben qu\u00e9 hacer con tanto dinero como acumulan. A cambio, se escandaliza de que el billete ordinario de autob\u00fas cueste 1,85\u20ac, de que un taxi baje la bandera con m\u00e1s de 6\u20ac y de que no se les pueda detener con el simple gesto \u2013mil veces conocido- de levantar la mano cuando llevan la lucecita verde prendida.<\/p>\n<p><a href=\"https:\/\/static-blogs.diariovasco.com\/wp-content\/uploads\/sites\/19\/2025\/01\/Desde-Miraconcha-1.jpg\"><img loading=\"lazy\" class=\"alignleft size-medium wp-image-10745\" src=\"https:\/\/static-blogs.diariovasco.com\/wp-content\/uploads\/sites\/19\/2025\/01\/Desde-Miraconcha-1-225x300.jpg\" alt=\"\" width=\"225\" height=\"300\" srcset=\"https:\/\/static-blogs.diariovasco.com\/wp-content\/uploads\/sites\/19\/2025\/01\/Desde-Miraconcha-1-225x300.jpg 225w, https:\/\/static-blogs.diariovasco.com\/wp-content\/uploads\/sites\/19\/2025\/01\/Desde-Miraconcha-1.jpg 720w\" sizes=\"(max-width: 225px) 100vw, 225px\" \/><\/a>Se asombra \u2013aunque no protesta- por la cantidad de obras p\u00fablicas en marcha en el mismo centro de la ciudad, del ruido y del polvo, de la circulaci\u00f3n obsesiva y agobiante para una ciudad tan peque\u00f1a como la nuestra. Y no pregunta demasiado porque ya me conoce y sabe que, si me dan cuerda, empiezo y no paro.<\/p>\n<p>Ayer hab\u00eda partido en Anoeta, junto a mi casa, y alucin\u00f3 vi\u00e9ndome cambiar el coche de sitio, a resguardo, y c\u00f3mo el barrio se ve\u00eda invadido de gente, ruido, circulaci\u00f3n incesante de motos, aparcamiento descontrolado y abusivo de veh\u00edculos all\u00e1 donde les viene en gana. Me dijo de salir a bajar la basura y le contest\u00e9 con un respingo, que ni hablar de hacerlo cuando ya ha oscurecido, que igual se la come una rata de las que viven tan felices en las alcantarillas junto a los contenedores.<\/p>\n<p>Que hacer turismo en Donosti es muy bonito para los que vienen a pasar unos d\u00edas, dejarse los dineros en el comercio y la hosteler\u00eda y marchar luego a su casa con el m\u00f3vil lleno de v\u00eddeos y fotos. Alfombra roja les ponemos a todos y ni siquiera les cobramos una m\u00edsera tasa por utilizar nuestros bienes comunes. En fin. Sigamos siendo felices \u201capatrullando\u201d la ciudad.<\/p>\n<p>Felices las felices y las que no nos quedamos en casa ni aunque nos aten. <a href=\"https:\/\/static-blogs.diariovasco.com\/wp-content\/uploads\/sites\/19\/2024\/12\/A-partir-de-los-50.jpg\"><img loading=\"lazy\" class=\"alignright size-medium wp-image-10582\" src=\"https:\/\/static-blogs.diariovasco.com\/wp-content\/uploads\/sites\/19\/2024\/12\/A-partir-de-los-50-300x225.jpg\" alt=\"\" width=\"300\" height=\"225\" srcset=\"https:\/\/static-blogs.diariovasco.com\/wp-content\/uploads\/sites\/19\/2024\/12\/A-partir-de-los-50-300x225.jpg 300w, https:\/\/static-blogs.diariovasco.com\/wp-content\/uploads\/sites\/19\/2024\/12\/A-partir-de-los-50.jpg 719w\" sizes=\"(max-width: 300px) 100vw, 300px\" \/><\/a><\/p>\n<p>LaAlquimista<\/p>\n<p>Te invito a visitar mi p\u00e1gina en Facebook.<\/p>\n<p><a href=\"https:\/\/www.facebook.com\/apartirdelos50\/\" rel=\"external nofollow\">https:\/\/www.facebook.com\/apartirdelos50\/<\/a><\/p>\n<p><em>Por si alguien desea contactar:<\/em><\/p>\n<p><a href=\"mailto:apartirdeloscincuenta@gmail.com\">apartirdeloscincuenta@gmail.com<\/a><\/p>\n<p>&nbsp;<\/p>\n<!-- AddThis Advanced Settings generic via filter on the_content --><!-- AddThis Share Buttons generic via filter on the_content -->","protected":false},"excerpt":{"rendered":"<p>El funicular para subir a Igueldo est\u00e1 fuera de servicio, el parque de atracciones cerrado; no obstante la sociedad Monte Igueldo cobra 2,50\u20ac tan solo por entrar en un recinto vac\u00edo cuyo \u00fanico atractivo lo pone la naturaleza: la panor\u00e1mica bell\u00edsima de la ciudad desde las alturas. Pues, ni agua. Es decir, que ya solo [&hellip;]<!-- AddThis Advanced Settings generic via filter on get_the_excerpt --><!-- AddThis Share Buttons generic via filter on get_the_excerpt --><\/p>\n","protected":false},"author":34,"featured_media":0,"comment_status":"open","ping_status":"closed","sticky":false,"template":"","format":"standard","meta":[],"categories":[3,25],"tags":[],"_links":{"self":[{"href":"https:\/\/blogs.diariovasco.com\/apartirdelos50\/wp-json\/wp\/v2\/posts\/10738"}],"collection":[{"href":"https:\/\/blogs.diariovasco.com\/apartirdelos50\/wp-json\/wp\/v2\/posts"}],"about":[{"href":"https:\/\/blogs.diariovasco.com\/apartirdelos50\/wp-json\/wp\/v2\/types\/post"}],"author":[{"embeddable":true,"href":"https:\/\/blogs.diariovasco.com\/apartirdelos50\/wp-json\/wp\/v2\/users\/34"}],"replies":[{"embeddable":true,"href":"https:\/\/blogs.diariovasco.com\/apartirdelos50\/wp-json\/wp\/v2\/comments?post=10738"}],"version-history":[{"count":1,"href":"https:\/\/blogs.diariovasco.com\/apartirdelos50\/wp-json\/wp\/v2\/posts\/10738\/revisions"}],"predecessor-version":[{"id":10746,"href":"https:\/\/blogs.diariovasco.com\/apartirdelos50\/wp-json\/wp\/v2\/posts\/10738\/revisions\/10746"}],"wp:attachment":[{"href":"https:\/\/blogs.diariovasco.com\/apartirdelos50\/wp-json\/wp\/v2\/media?parent=10738"}],"wp:term":[{"taxonomy":"category","embeddable":true,"href":"https:\/\/blogs.diariovasco.com\/apartirdelos50\/wp-json\/wp\/v2\/categories?post=10738"},{"taxonomy":"post_tag","embeddable":true,"href":"https:\/\/blogs.diariovasco.com\/apartirdelos50\/wp-json\/wp\/v2\/tags?post=10738"}],"curies":[{"name":"wp","href":"https:\/\/api.w.org\/{rel}","templated":true}]}}