{"id":10747,"date":"2025-01-16T07:23:56","date_gmt":"2025-01-16T06:23:56","guid":{"rendered":"https:\/\/blogs.diariovasco.com\/apartirdelos50\/?p=10747"},"modified":"2025-01-15T18:55:29","modified_gmt":"2025-01-15T17:55:29","slug":"de-turismo-por-donostia-iii","status":"publish","type":"post","link":"https:\/\/blogs.diariovasco.com\/apartirdelos50\/2025\/01\/16\/de-turismo-por-donostia-iii\/","title":{"rendered":"De turismo por Donostia (III)"},"content":{"rendered":"<p><a href=\"https:\/\/static-blogs.diariovasco.com\/wp-content\/uploads\/sites\/19\/2025\/01\/473348267_10161156357507877_6017473012986750862_n.jpg\"><img loading=\"lazy\" class=\"aligncenter size-full wp-image-10749\" src=\"https:\/\/static-blogs.diariovasco.com\/wp-content\/uploads\/sites\/19\/2025\/01\/473348267_10161156357507877_6017473012986750862_n.jpg\" alt=\"\" width=\"720\" height=\"960\" srcset=\"https:\/\/static-blogs.diariovasco.com\/wp-content\/uploads\/sites\/19\/2025\/01\/473348267_10161156357507877_6017473012986750862_n.jpg 720w, https:\/\/static-blogs.diariovasco.com\/wp-content\/uploads\/sites\/19\/2025\/01\/473348267_10161156357507877_6017473012986750862_n-225x300.jpg 225w\" sizes=\"(max-width: 720px) 100vw, 720px\" \/><\/a><\/p>\n<p>Los martes, museo. \u00bfPor qu\u00e9? Pues porque es el d\u00eda en que el Museo San Telmo abre sus puertas de manera gratuita a todo visitante y m\u00e1s vale no resistirse y aprovechar la coyuntura que 10\u20ac son 10\u20ac. Como bien le expliqu\u00e9 a mi amiga valenciana \u2013y bien que lo padece ella- en esta ciudad se puede ir caminando de norte a sur y de este a oeste mientras aguanten las piernas, as\u00ed que nos acercamos a Lo Viejo atravesando el r\u00edo y subiendo al Parque de Cristina Enea por aquello de respirar el fr\u00edo invernal entre \u00e1rboles que esperan estoicos el fin del invierno y la llegada de sus nuevos brotes primaverales.<\/p>\n<p><a href=\"https:\/\/static-blogs.diariovasco.com\/wp-content\/uploads\/sites\/19\/2025\/01\/473621757_10161156357517877_331678671828367305_n.jpg\"><img loading=\"lazy\" class=\"alignleft size-medium wp-image-10751\" src=\"https:\/\/static-blogs.diariovasco.com\/wp-content\/uploads\/sites\/19\/2025\/01\/473621757_10161156357517877_331678671828367305_n-225x300.jpg\" alt=\"\" width=\"225\" height=\"300\" srcset=\"https:\/\/static-blogs.diariovasco.com\/wp-content\/uploads\/sites\/19\/2025\/01\/473621757_10161156357517877_331678671828367305_n-225x300.jpg 225w, https:\/\/static-blogs.diariovasco.com\/wp-content\/uploads\/sites\/19\/2025\/01\/473621757_10161156357517877_331678671828367305_n.jpg 720w\" sizes=\"(max-width: 225px) 100vw, 225px\" \/><\/a> Los pavos reales picotean a sus anchas por aqu\u00ed y por all\u00e1 y los patos se ense\u00f1orean del estanque donde, un solitario cisne, acapara la mirada y hace pensar en la soledad que debe sentir sin nadie de su estirpe con quien relacionarse. A pesar de est\u00e1 prohibido y todos sabemos que no hay arrojar comida a los patos, una mujer en la cuarentena, provista de una gran bolsa con muchos trozos de pan, \u2013duro, suponemos- no para de arrojar al agua mendrugos hasta formar una pasta blanquecina que el \u00fanico cisne engulle como si no hubiera un ma\u00f1ana. Como nosotras estamos ya en una edad en la que sabemos cu\u00e1ndo hay que mantener la boca cerrada nos limitamos a mirarla y recriminar su actitud con miradas m\u00e1s o menos \u201casesinas\u201d, pero poco m\u00e1s, no vaya a ser que salgamos trasquiladas.<\/p>\n<p><a href=\"https:\/\/static-blogs.diariovasco.com\/wp-content\/uploads\/sites\/19\/2025\/01\/472767077_10161156357512877_8985075592574333891_n.jpg\"><img loading=\"lazy\" class=\"alignright size-medium wp-image-10752\" src=\"https:\/\/static-blogs.diariovasco.com\/wp-content\/uploads\/sites\/19\/2025\/01\/472767077_10161156357512877_8985075592574333891_n-225x300.jpg\" alt=\"\" width=\"225\" height=\"300\" srcset=\"https:\/\/static-blogs.diariovasco.com\/wp-content\/uploads\/sites\/19\/2025\/01\/472767077_10161156357512877_8985075592574333891_n-225x300.jpg 225w, https:\/\/static-blogs.diariovasco.com\/wp-content\/uploads\/sites\/19\/2025\/01\/472767077_10161156357512877_8985075592574333891_n.jpg 720w\" sizes=\"(max-width: 225px) 100vw, 225px\" \/><\/a>Le relato a mi amiga la historia del parque, de los Duques de Mandas, y el legado que dejaron a la ciudad con mucha letra peque\u00f1a para el mantenimiento y conservaci\u00f3n del parque. De momento y a pesar de avisos y prohibiciones, varios usuarios de bicicletas lo atraviesan impunemente, con un par\u2026\u00a1prohibiciones a m\u00ed, deber\u00e1 pensar, igual que la del pan a los patos!. <a href=\"https:\/\/es.wikipedia.org\/wiki\/Cristina_Enea\" rel=\"external nofollow\">Cristina Enea &#8211; Wikipedia, la enciclopedia libre<\/a><\/p>\n<p><a href=\"https:\/\/static-blogs.diariovasco.com\/wp-content\/uploads\/sites\/19\/2025\/01\/472858242_10161156357502877_273897619066727599_n.jpg\"><img loading=\"lazy\" class=\"alignleft size-medium wp-image-10753\" src=\"https:\/\/static-blogs.diariovasco.com\/wp-content\/uploads\/sites\/19\/2025\/01\/472858242_10161156357502877_273897619066727599_n-300x252.jpg\" alt=\"\" width=\"300\" height=\"252\" srcset=\"https:\/\/static-blogs.diariovasco.com\/wp-content\/uploads\/sites\/19\/2025\/01\/472858242_10161156357502877_273897619066727599_n-300x252.jpg 300w, https:\/\/static-blogs.diariovasco.com\/wp-content\/uploads\/sites\/19\/2025\/01\/472858242_10161156357502877_273897619066727599_n-768x645.jpg 768w, https:\/\/static-blogs.diariovasco.com\/wp-content\/uploads\/sites\/19\/2025\/01\/472858242_10161156357502877_273897619066727599_n.jpg 960w\" sizes=\"(max-width: 300px) 100vw, 300px\" \/><\/a>Una vez fuera del parque seguimos hacia el norte para alcanzar de nuevo el r\u00edo y cruzar por el \u00faltimo de sus puentes, el m\u00e1s \u201cdonostiarra\u201d para mi gusto, con sus farolas que parecen torres o sus torres terminadas en farolas.<\/p>\n<p><a href=\"https:\/\/static-blogs.diariovasco.com\/wp-content\/uploads\/sites\/19\/2025\/01\/473003283_10161156357722877_3738148491143183202_n.jpg\"><img loading=\"lazy\" class=\"alignright size-medium wp-image-10755\" src=\"https:\/\/static-blogs.diariovasco.com\/wp-content\/uploads\/sites\/19\/2025\/01\/473003283_10161156357722877_3738148491143183202_n-225x300.jpg\" alt=\"\" width=\"225\" height=\"300\" srcset=\"https:\/\/static-blogs.diariovasco.com\/wp-content\/uploads\/sites\/19\/2025\/01\/473003283_10161156357722877_3738148491143183202_n-225x300.jpg 225w, https:\/\/static-blogs.diariovasco.com\/wp-content\/uploads\/sites\/19\/2025\/01\/473003283_10161156357722877_3738148491143183202_n.jpg 720w\" sizes=\"(max-width: 225px) 100vw, 225px\" \/><\/a>La historia del Museo San Telmo es bien conocida \u2013es un decir- por todos los donostiarras. Un convento del siglo XVI reconvertido y adaptado en museo. Es muy bonito el continente y tambi\u00e9n lo es el contenido y sobre todo las exposiciones temporales que alberga. En estos momentos una muestra fotogr\u00e1fica del San Sebasti\u00e1n Antiguo que es una preciosidad. (Ojo que termina el d\u00eda 26) <a href=\"https:\/\/es.wikipedia.org\/wiki\/Museo_San_Telmo\" rel=\"external nofollow\">Museo San Telmo &#8211; Wikipedia, la enciclopedia libre<\/a><\/p>\n<p><a href=\"https:\/\/static-blogs.diariovasco.com\/wp-content\/uploads\/sites\/19\/2025\/01\/472760937_10161156357702877_4274195083915045427_n.jpg\"><img loading=\"lazy\" class=\"alignleft size-medium wp-image-10756\" src=\"https:\/\/static-blogs.diariovasco.com\/wp-content\/uploads\/sites\/19\/2025\/01\/472760937_10161156357702877_4274195083915045427_n-269x300.jpg\" alt=\"\" width=\"269\" height=\"300\" srcset=\"https:\/\/static-blogs.diariovasco.com\/wp-content\/uploads\/sites\/19\/2025\/01\/472760937_10161156357702877_4274195083915045427_n-269x300.jpg 269w, https:\/\/static-blogs.diariovasco.com\/wp-content\/uploads\/sites\/19\/2025\/01\/472760937_10161156357702877_4274195083915045427_n-768x855.jpg 768w, https:\/\/static-blogs.diariovasco.com\/wp-content\/uploads\/sites\/19\/2025\/01\/472760937_10161156357702877_4274195083915045427_n.jpg 862w\" sizes=\"(max-width: 269px) 100vw, 269px\" \/><\/a>Nos hemos demorado mucho con la visita y para cuando salimos ya nos crujen los est\u00f3magos y como el plan gastron\u00f3mico de hoy es \u201cir de pintxos\u201d, nos dedicamos a ello en cuerpo y alma, con la salvedad de que le sugiero a mi amiga que \u201cmire\u201d las barras de algunos bares y se d\u00e9 cuenta de c\u00f3mo unos pintxos \u201cvienen de f\u00e1brica\u201d y otros son \u201cartesanales\u201d, es decir, hechos en la peque\u00f1a cocina del bar con mimo, cari\u00f1o y mucho trabajo. As\u00ed que le llevo a mis bares de siempre donde s\u00e9 que no va a haber sorpresas desagradables y de paso puedo saludar a mis amigos de detr\u00e1s de la barra.<\/p>\n<p><a href=\"https:\/\/static-blogs.diariovasco.com\/wp-content\/uploads\/sites\/19\/2025\/01\/472913846_10161156358092877_1223539980396074635_n.jpg\"><img loading=\"lazy\" class=\"alignright size-medium wp-image-10757\" src=\"https:\/\/static-blogs.diariovasco.com\/wp-content\/uploads\/sites\/19\/2025\/01\/472913846_10161156358092877_1223539980396074635_n-225x300.jpg\" alt=\"\" width=\"225\" height=\"300\" srcset=\"https:\/\/static-blogs.diariovasco.com\/wp-content\/uploads\/sites\/19\/2025\/01\/472913846_10161156358092877_1223539980396074635_n-225x300.jpg 225w, https:\/\/static-blogs.diariovasco.com\/wp-content\/uploads\/sites\/19\/2025\/01\/472913846_10161156358092877_1223539980396074635_n.jpg 720w\" sizes=\"(max-width: 225px) 100vw, 225px\" \/><\/a>Empezamos por la ensaladilla rusa riqu\u00edsima en la calle 31 de Agosto y nos la comemos rodeadas de clientes tomando vino blanco y tarta de queso, que hay que ser despistado para hacer esa mezcla, pero en fin. De all\u00ed nos vamos a por los fritos de la calle Mayor, esas gambas y esos calamares que los descendientes del gran boxeador siguen ofreciendo sin introducir variantes en su cocina. Ahora que ya hemos tomado los entrantes seguimos a \u201cla Ferm\u00edn\u201d para degustar un foie a la plancha que se va del mundo y un tronco de bacalao con cebollita y pimientos que nos dejan bien felices y satisfechas. Es un buen \u201cdeporte\u201d pasearse por algunos bares \u2013y a buen entendedor\u2026-. Son m\u00e1s de las tres de la tarde y todav\u00eda coincidimos con algunos \u201ctxikiteros\u201d de los de toda la vida, acodados en la barra, con su tinto en copa \u2013que en eso s\u00ed que se han actualizado- y charlando en voz alta y en euskera de lo suyo que ser\u00e1 m\u00e1s o menos arreglar el mundo antes de volver a casa a ver qu\u00e9 les ha puesto la parienta en la mesa \u2013am\u00e9n de la bronca por llegar tarde y con el morro caliente-. Costumbres, cultura, idiosincrasia de cada pueblo que dir\u00e1n los que tienen diplomas en la pared\u2026<\/p>\n<p><a href=\"https:\/\/static-blogs.diariovasco.com\/wp-content\/uploads\/sites\/19\/2025\/01\/473727973_10161156357882877_6854246782080197885_n.jpg\"><img loading=\"lazy\" class=\"alignleft size-medium wp-image-10758\" src=\"https:\/\/static-blogs.diariovasco.com\/wp-content\/uploads\/sites\/19\/2025\/01\/473727973_10161156357882877_6854246782080197885_n-225x300.jpg\" alt=\"\" width=\"225\" height=\"300\" srcset=\"https:\/\/static-blogs.diariovasco.com\/wp-content\/uploads\/sites\/19\/2025\/01\/473727973_10161156357882877_6854246782080197885_n-225x300.jpg 225w, https:\/\/static-blogs.diariovasco.com\/wp-content\/uploads\/sites\/19\/2025\/01\/473727973_10161156357882877_6854246782080197885_n.jpg 720w\" sizes=\"(max-width: 225px) 100vw, 225px\" \/><\/a>De postre, porque hay que rematar bien la jugada, nos vamos a esa pasteler\u00eda maravillosa que todo lo hace de matr\u00edcula de honor, para tomar un cortado y un trozo de pantxineta en su sala superior, con vistas al r\u00edo y al Kursaal y con alg\u00fan pajarito rondando en pos de las migajas. <a href=\"https:\/\/static-blogs.diariovasco.com\/wp-content\/uploads\/sites\/19\/2025\/01\/473331818_10161156358217877_4195974561918272361_n.jpg\"><img loading=\"lazy\" class=\"alignright size-medium wp-image-10759\" src=\"https:\/\/static-blogs.diariovasco.com\/wp-content\/uploads\/sites\/19\/2025\/01\/473331818_10161156358217877_4195974561918272361_n-225x300.jpg\" alt=\"\" width=\"225\" height=\"300\" srcset=\"https:\/\/static-blogs.diariovasco.com\/wp-content\/uploads\/sites\/19\/2025\/01\/473331818_10161156358217877_4195974561918272361_n-225x300.jpg 225w, https:\/\/static-blogs.diariovasco.com\/wp-content\/uploads\/sites\/19\/2025\/01\/473331818_10161156358217877_4195974561918272361_n.jpg 720w\" sizes=\"(max-width: 225px) 100vw, 225px\" \/><\/a><\/p>\n<p>El sol nos espera y nos acompa\u00f1a dulcemente en nuestro paseo hacia la playa de Zurriola donde paseamos por la arena en silencio observando a los much\u00edsimos surfistas que parecen disfrutar \u2013o sufrir, cualquiera sabe- en las aguas g\u00e9lidas y un poco revueltas de esta parte del Cant\u00e1brico. <a href=\"https:\/\/static-blogs.diariovasco.com\/wp-content\/uploads\/sites\/19\/2025\/01\/472862618_10161156358072877_874287025450275782_n.jpg\"><img loading=\"lazy\" class=\"alignright size-medium wp-image-10760\" src=\"https:\/\/static-blogs.diariovasco.com\/wp-content\/uploads\/sites\/19\/2025\/01\/472862618_10161156358072877_874287025450275782_n-225x300.jpg\" alt=\"\" width=\"225\" height=\"300\" srcset=\"https:\/\/static-blogs.diariovasco.com\/wp-content\/uploads\/sites\/19\/2025\/01\/472862618_10161156358072877_874287025450275782_n-225x300.jpg 225w, https:\/\/static-blogs.diariovasco.com\/wp-content\/uploads\/sites\/19\/2025\/01\/472862618_10161156358072877_874287025450275782_n.jpg 720w\" sizes=\"(max-width: 225px) 100vw, 225px\" \/><\/a>Y como las lagartijas nos arrastramos hasta \u201cel muro\u201d para esperar a que se acabe la tarde de sol y nos quedamos en silencio, satisfechas y tranquilas \u2013quiz\u00e1s algo felices incluso- viendo pasar las olas, los gatos, la gente y la vida.<\/p>\n<p><a href=\"https:\/\/static-blogs.diariovasco.com\/wp-content\/uploads\/sites\/19\/2025\/01\/473325703_10161156358212877_6365496527628143667_n.jpg\"><img loading=\"lazy\" class=\"alignleft size-medium wp-image-10761\" src=\"https:\/\/static-blogs.diariovasco.com\/wp-content\/uploads\/sites\/19\/2025\/01\/473325703_10161156358212877_6365496527628143667_n-300x225.jpg\" alt=\"\" width=\"300\" height=\"225\" srcset=\"https:\/\/static-blogs.diariovasco.com\/wp-content\/uploads\/sites\/19\/2025\/01\/473325703_10161156358212877_6365496527628143667_n-300x225.jpg 300w, https:\/\/static-blogs.diariovasco.com\/wp-content\/uploads\/sites\/19\/2025\/01\/473325703_10161156358212877_6365496527628143667_n-768x576.jpg 768w, https:\/\/static-blogs.diariovasco.com\/wp-content\/uploads\/sites\/19\/2025\/01\/473325703_10161156358212877_6365496527628143667_n.jpg 960w\" sizes=\"(max-width: 300px) 100vw, 300px\" \/><\/a>Ya lo dec\u00eda Octavio Paz: \u201cLa felicidad es una sillita al sol\u201d.<\/p>\n<p>Felices, pues, las felices.<\/p>\n<p>LaAlquimista<\/p>\n<p>Te invito a visitar mi p\u00e1gina en Facebook.<\/p>\n<p><a href=\"https:\/\/www.facebook.com\/apartirdelos50\/\" rel=\"external nofollow\">https:\/\/www.facebook.com\/apartirdelos50\/<\/a><\/p>\n<p><em>Por si alguien desea contactar:<\/em><\/p>\n<p><a href=\"mailto:apartirdeloscincuenta@gmail.com\">apartirdeloscincuenta@gmail.com<\/a><\/p>\n<p>&nbsp;<\/p>\n<p>&nbsp;<\/p>\n<!-- AddThis Advanced Settings generic via filter on the_content --><!-- AddThis Share Buttons generic via filter on the_content -->","protected":false},"excerpt":{"rendered":"<p>Los martes, museo. \u00bfPor qu\u00e9? Pues porque es el d\u00eda en que el Museo San Telmo abre sus puertas de manera gratuita a todo visitante y m\u00e1s vale no resistirse y aprovechar la coyuntura que 10\u20ac son 10\u20ac. Como bien le expliqu\u00e9 a mi amiga valenciana \u2013y bien que lo padece ella- en esta ciudad [&hellip;]<!-- AddThis Advanced Settings generic via filter on get_the_excerpt --><!-- AddThis Share Buttons generic via filter on get_the_excerpt --><\/p>\n","protected":false},"author":34,"featured_media":0,"comment_status":"open","ping_status":"closed","sticky":false,"template":"","format":"standard","meta":[],"categories":[3],"tags":[],"_links":{"self":[{"href":"https:\/\/blogs.diariovasco.com\/apartirdelos50\/wp-json\/wp\/v2\/posts\/10747"}],"collection":[{"href":"https:\/\/blogs.diariovasco.com\/apartirdelos50\/wp-json\/wp\/v2\/posts"}],"about":[{"href":"https:\/\/blogs.diariovasco.com\/apartirdelos50\/wp-json\/wp\/v2\/types\/post"}],"author":[{"embeddable":true,"href":"https:\/\/blogs.diariovasco.com\/apartirdelos50\/wp-json\/wp\/v2\/users\/34"}],"replies":[{"embeddable":true,"href":"https:\/\/blogs.diariovasco.com\/apartirdelos50\/wp-json\/wp\/v2\/comments?post=10747"}],"version-history":[{"count":3,"href":"https:\/\/blogs.diariovasco.com\/apartirdelos50\/wp-json\/wp\/v2\/posts\/10747\/revisions"}],"predecessor-version":[{"id":10762,"href":"https:\/\/blogs.diariovasco.com\/apartirdelos50\/wp-json\/wp\/v2\/posts\/10747\/revisions\/10762"}],"wp:attachment":[{"href":"https:\/\/blogs.diariovasco.com\/apartirdelos50\/wp-json\/wp\/v2\/media?parent=10747"}],"wp:term":[{"taxonomy":"category","embeddable":true,"href":"https:\/\/blogs.diariovasco.com\/apartirdelos50\/wp-json\/wp\/v2\/categories?post=10747"},{"taxonomy":"post_tag","embeddable":true,"href":"https:\/\/blogs.diariovasco.com\/apartirdelos50\/wp-json\/wp\/v2\/tags?post=10747"}],"curies":[{"name":"wp","href":"https:\/\/api.w.org\/{rel}","templated":true}]}}