{"id":10794,"date":"2025-01-24T08:22:30","date_gmt":"2025-01-24T07:22:30","guid":{"rendered":"https:\/\/blogs.diariovasco.com\/apartirdelos50\/?p=10794"},"modified":"2025-01-24T08:22:30","modified_gmt":"2025-01-24T07:22:30","slug":"importa-solo-lo-que-yo-hago","status":"publish","type":"post","link":"https:\/\/blogs.diariovasco.com\/apartirdelos50\/2025\/01\/24\/importa-solo-lo-que-yo-hago\/","title":{"rendered":"Importa solo lo que yo hago"},"content":{"rendered":"<p><a href=\"https:\/\/static-blogs.diariovasco.com\/wp-content\/uploads\/sites\/19\/2025\/01\/1117489365w2.jpg\"><img loading=\"lazy\" class=\"aligncenter size-full wp-image-10795\" src=\"https:\/\/static-blogs.diariovasco.com\/wp-content\/uploads\/sites\/19\/2025\/01\/1117489365w2.jpg\" alt=\"\" width=\"640\" height=\"427\" srcset=\"https:\/\/static-blogs.diariovasco.com\/wp-content\/uploads\/sites\/19\/2025\/01\/1117489365w2.jpg 640w, https:\/\/static-blogs.diariovasco.com\/wp-content\/uploads\/sites\/19\/2025\/01\/1117489365w2-300x200.jpg 300w\" sizes=\"(max-width: 640px) 100vw, 640px\" \/><\/a><\/p>\n<p><strong>En esta sociedad tan volcada en lo externo, en lo que est\u00e1 a la vista, donde se considera en primera instancia lo que va a <\/strong><strong>verse en el escenario y no lo que se ha trabajado detr\u00e1s del tel\u00f3n, suele ser de lo m\u00e1s normal fijarse en \u201c<\/strong><em>c\u00f3mo hacen las cosas los dem\u00e1s<\/em><strong>\u201d antes de considerar \u201cc\u00f3mo las tenemos que hacer nosotros mismos\u201d. Es decir, que ante una situaci\u00f3n at\u00edpica prolifera la costumbre adquirida de observar la posici\u00f3n ajena antes de mover ficha. Obviamente, actuar as\u00ed produce no pocos chirridos ya que nuestra forma de percibir los hechos difiere demasiadas veces de la del pr\u00f3jimo.<\/strong><\/p>\n<p><strong>Si formas parte del grupo de personas que cultiva y defiende un criterio propio y sigue su camino aunque \u00e9ste sea divergente del de los dem\u00e1s, lo tienes claro. Me refiero a situaciones comunes, de esas que nos pueden ocurrir a cualquiera, sin necesidad de salir en el telediario. <\/strong><\/p>\n<p><strong>Pongamos un ejemplo. Imaginemos a un familiar anciano que vive solo y debe ser hospitalizado. Imaginemos que, desperdigados por aqu\u00ed y por all\u00e1, sus familiares directos, van apareciendo en escena en la medida en que ellos mismos deciden: unos, por lejan\u00eda, tirar\u00e1n de tel\u00e9fono varias veces al d\u00eda para que se vea que est\u00e1n preocupados por la salud del protagonista enfermo; otros, por obligaciones laborales o familiares, escurrir\u00e1n el bulto con la boca peque\u00f1a. Y tambi\u00e9n habr\u00e1 quien estar\u00e1 al pie del ca\u00f1\u00f3n sin dar tres cuartos al pregonero y haciendo lo que considera que tiene que hacer\u2026<\/strong><\/p>\n<p><strong>Y aunque parezca surrealista, tambi\u00e9n est\u00e1n aquellos a los que no se les avisa, los que se enteran de lo que est\u00e1 ocurriendo de rebote, porque tienen un amigo m\u00e9dico en el hospital que les dice: \u201c<\/strong><em>Ayer visit\u00e9 a tu padre en<\/em><strong>\u00a0<\/strong><em>cardiolog\u00eda, le veo bien<\/em><strong>\u201d y el susodicho se queda sin color en la cara porque toda la sangre se le va a la vena de la sorpresa. Puede que, incluso, acuda a visitar a su padre, le atienda y le reconforte porque est\u00e1 adoptando la actitud que \u00e9l elige en conciencia sin importarle lo que hagan los dem\u00e1s. No se trata de ser mejor o peor, de dar lecciones a nadie con falsas humildades o absurda generosidad sino de aprovechar cualquier oportunidad de las que se presentan a diario para hacer lo que tenemos que hacer sin importarnos lo que hagan los dem\u00e1s.<\/strong><\/p>\n<p><strong><a href=\"https:\/\/static-blogs.diariovasco.com\/wp-content\/uploads\/sites\/19\/2025\/01\/A-partir-de-los-50-2.jpg\"><img loading=\"lazy\" class=\"alignright size-medium wp-image-10796\" src=\"https:\/\/static-blogs.diariovasco.com\/wp-content\/uploads\/sites\/19\/2025\/01\/A-partir-de-los-50-2-300x300.jpg\" alt=\"\" width=\"300\" height=\"300\" srcset=\"https:\/\/static-blogs.diariovasco.com\/wp-content\/uploads\/sites\/19\/2025\/01\/A-partir-de-los-50-2-300x300.jpg 300w, https:\/\/static-blogs.diariovasco.com\/wp-content\/uploads\/sites\/19\/2025\/01\/A-partir-de-los-50-2-150x150.jpg 150w, https:\/\/static-blogs.diariovasco.com\/wp-content\/uploads\/sites\/19\/2025\/01\/A-partir-de-los-50-2.jpg 524w\" sizes=\"(max-width: 300px) 100vw, 300px\" \/><\/a>Por pura satisfacci\u00f3n personal, porque no hay cosa mejor que saberse due\u00f1o de los propios actos, porque hay una libertad incuestionable que permite elegir desde el amor y permite tambi\u00e9n no echar cuentas de la desconsideraci\u00f3n de los otros.<\/strong><\/p>\n<p><strong>Andamos en una edad en la que ya nos ronda la ancianidad de los padres, la enfermedad se ense\u00f1orea en los menos fuertes sin distingo alguno y no dejo de saber de quienes tienen alg\u00fan familiar enfermo, necesitado, hospitalizado y a quien deben atender. Tambi\u00e9n escucho quejas: que si mi cu\u00f1ada no ayuda nada, que si mi hermana escurre el bulto, que si todo me toca a m\u00ed y ya no puedo m\u00e1s\u2026<\/strong><\/p>\n<p><strong>Quiz\u00e1s esas personas que se quejan podr\u00edan limitarse a hacer lo que su conciencia y su amor les dicte y no echar cuentas de lo que hagan o dejen de hacer los dem\u00e1s, que de ah\u00ed resucitan cuentas viejas, rencores como zombis y hasta los celos y las envidias que parece que no se van ni con agua caliente. La condici\u00f3n humana, una vez m\u00e1s.<\/strong><\/p>\n<p><strong>Felices los felices.<\/strong><\/p>\n<p><strong>LaAlquimista<\/strong><\/p>\n<p>Te invito a visitar mi p\u00e1gina en Facebook.<\/p>\n<p><a href=\"https:\/\/www.facebook.com\/apartirdelos50\/\" rel=\"external nofollow\">https:\/\/www.facebook.com\/apartirdelos50\/<\/a><\/p>\n<p><em>Por si alguien desea contactar:<\/em><\/p>\n<p><a href=\"mailto:apartirdeloscincuenta@gmail.com\">apartirdeloscincuenta@gmail.com<\/a><\/p>\n<p>&nbsp;<\/p>\n<p>&nbsp;<\/p>\n<p>&nbsp;<\/p>\n<p>&nbsp;<\/p>\n<!-- AddThis Advanced Settings generic via filter on the_content --><!-- AddThis Share Buttons generic via filter on the_content -->","protected":false},"excerpt":{"rendered":"<p>En esta sociedad tan volcada en lo externo, en lo que est\u00e1 a la vista, donde se considera en primera instancia lo que va a verse en el escenario y no lo que se ha trabajado detr\u00e1s del tel\u00f3n, suele ser de lo m\u00e1s normal fijarse en \u201cc\u00f3mo hacen las cosas los dem\u00e1s\u201d antes de [&hellip;]<!-- AddThis Advanced Settings generic via filter on get_the_excerpt --><!-- AddThis Share Buttons generic via filter on get_the_excerpt --><\/p>\n","protected":false},"author":34,"featured_media":0,"comment_status":"open","ping_status":"closed","sticky":false,"template":"","format":"standard","meta":[],"categories":[2],"tags":[],"_links":{"self":[{"href":"https:\/\/blogs.diariovasco.com\/apartirdelos50\/wp-json\/wp\/v2\/posts\/10794"}],"collection":[{"href":"https:\/\/blogs.diariovasco.com\/apartirdelos50\/wp-json\/wp\/v2\/posts"}],"about":[{"href":"https:\/\/blogs.diariovasco.com\/apartirdelos50\/wp-json\/wp\/v2\/types\/post"}],"author":[{"embeddable":true,"href":"https:\/\/blogs.diariovasco.com\/apartirdelos50\/wp-json\/wp\/v2\/users\/34"}],"replies":[{"embeddable":true,"href":"https:\/\/blogs.diariovasco.com\/apartirdelos50\/wp-json\/wp\/v2\/comments?post=10794"}],"version-history":[{"count":1,"href":"https:\/\/blogs.diariovasco.com\/apartirdelos50\/wp-json\/wp\/v2\/posts\/10794\/revisions"}],"predecessor-version":[{"id":10797,"href":"https:\/\/blogs.diariovasco.com\/apartirdelos50\/wp-json\/wp\/v2\/posts\/10794\/revisions\/10797"}],"wp:attachment":[{"href":"https:\/\/blogs.diariovasco.com\/apartirdelos50\/wp-json\/wp\/v2\/media?parent=10794"}],"wp:term":[{"taxonomy":"category","embeddable":true,"href":"https:\/\/blogs.diariovasco.com\/apartirdelos50\/wp-json\/wp\/v2\/categories?post=10794"},{"taxonomy":"post_tag","embeddable":true,"href":"https:\/\/blogs.diariovasco.com\/apartirdelos50\/wp-json\/wp\/v2\/tags?post=10794"}],"curies":[{"name":"wp","href":"https:\/\/api.w.org\/{rel}","templated":true}]}}