{"id":10805,"date":"2025-01-31T06:37:19","date_gmt":"2025-01-31T05:37:19","guid":{"rendered":"https:\/\/blogs.diariovasco.com\/apartirdelos50\/?p=10805"},"modified":"2025-01-26T18:43:27","modified_gmt":"2025-01-26T17:43:27","slug":"lecturas-muy-invernales","status":"publish","type":"post","link":"https:\/\/blogs.diariovasco.com\/apartirdelos50\/2025\/01\/31\/lecturas-muy-invernales\/","title":{"rendered":"Lecturas muy invernales"},"content":{"rendered":"<p><a href=\"https:\/\/static-blogs.diariovasco.com\/wp-content\/uploads\/sites\/19\/2025\/01\/woman-reading-near-window-with-mountain-view-at-countryside-homestay-in-morning-sunrise-surrounded-by-winter-coats-and-blankets-free-photo-scaled.jpg\"><img loading=\"lazy\" class=\"aligncenter size-large wp-image-10807\" src=\"https:\/\/static-blogs.diariovasco.com\/wp-content\/uploads\/sites\/19\/2025\/01\/woman-reading-near-window-with-mountain-view-at-countryside-homestay-in-morning-sunrise-surrounded-by-winter-coats-and-blankets-free-photo-1024x447.jpg\" alt=\"\" width=\"1024\" height=\"447\" srcset=\"https:\/\/static-blogs.diariovasco.com\/wp-content\/uploads\/sites\/19\/2025\/01\/woman-reading-near-window-with-mountain-view-at-countryside-homestay-in-morning-sunrise-surrounded-by-winter-coats-and-blankets-free-photo-1024x447.jpg 1024w, https:\/\/static-blogs.diariovasco.com\/wp-content\/uploads\/sites\/19\/2025\/01\/woman-reading-near-window-with-mountain-view-at-countryside-homestay-in-morning-sunrise-surrounded-by-winter-coats-and-blankets-free-photo-300x131.jpg 300w, https:\/\/static-blogs.diariovasco.com\/wp-content\/uploads\/sites\/19\/2025\/01\/woman-reading-near-window-with-mountain-view-at-countryside-homestay-in-morning-sunrise-surrounded-by-winter-coats-and-blankets-free-photo-768x336.jpg 768w, https:\/\/static-blogs.diariovasco.com\/wp-content\/uploads\/sites\/19\/2025\/01\/woman-reading-near-window-with-mountain-view-at-countryside-homestay-in-morning-sunrise-surrounded-by-winter-coats-and-blankets-free-photo-1536x671.jpg 1536w, https:\/\/static-blogs.diariovasco.com\/wp-content\/uploads\/sites\/19\/2025\/01\/woman-reading-near-window-with-mountain-view-at-countryside-homestay-in-morning-sunrise-surrounded-by-winter-coats-and-blankets-free-photo-2048x895.jpg 2048w\" sizes=\"(max-width: 1024px) 100vw, 1024px\" \/><\/a><\/p>\n<p><em>El invierno comienza el 21 de Diciembre pero he puesto entre par\u00e9ntesis las lecturas al calorcito -del radiador- del hogar porque cuando viajo apenas leo, estoy demasiado excitada como para concentrarme en la lectura y adem\u00e1s que si ando todo el d\u00eda de un lado para otro a la hora de leer, que es por la tarde-noche, tengo las neuronas hechas gelatina.<\/em><\/p>\n<p><em>As\u00ed que aqu\u00ed comparto lo que he le\u00eddo antes de comenzar un nuevo viaje para acercarme a \u201cotro tipo de calor\u201d; poco es y un poco frustrante, pero ya he aprendido a no exigirme demasiado en ning\u00fan orden de la vida.<\/em><\/p>\n<p><em><strong><u>Lecturas livianas: para pasar un buen rato y quiz\u00e1s hasta para reflexionar otro rato.<\/u><\/strong><\/em><\/p>\n<p><u>\u201cLl\u00e9vame a casa\u201d<\/u> de Jes\u00fas Carrasco -2021- Badajoz 1972- 312 p\u00e1ginas<\/p>\n<p>A vueltas con las turbulentas relaciones familiares de un hombre y una mujer, hermanos, que se enfrentan al diagn\u00f3stico de Alzheimer de su madre que acaba de enviudar. Ninguno de los dos quiere dejar su vida para cuidarla; se lanzan el uno al otro esta terrible bala de ca\u00f1\u00f3n mientras la madre, ajena al mundo, sigue sentada junto a la ventana mirando al infinito. Al final, la hija reclama su derecho a priorizar su profesi\u00f3n despu\u00e9s de haber cuidado a la madre durante a\u00f1os y es el hijo, cuarent\u00f3n sin oficio ni beneficio, el que toma el relevo y se queda en el pueblo cuidando a la madre. Y ah\u00ed, en ese cuidado que cada vez es menos interesado y m\u00e1s lleno de amor encuentra el sentido de su propia vida y es la voz antigua de la madre enferma la que le va llevando poco a poco por senderos olvidados. Una novela dura y preciosa a la vez. Tengo que seguir leyendo a este autor.\u00a0\u00a0\u00a0\u00a0\u00a0\u00a0\u00a0\u00a0\u00a0\u00a0 7\/10<\/p>\n<p><u>\u201cANG\u00c9LIQUE\u201d<\/u> de Guillaume Musso -2023- Antibes 1974, 246 p\u00e1ginas<\/p>\n<p>No conoc\u00eda a este escritor del que dicen que es todo un fen\u00f3meno editorial en Francia. Con ganas de leer un buen \u201cpolar\u201d met\u00ed este libro en la maleta y lo he ido leyendo a saltitos de los de antes de dormir y, la verdad, debe tener mucha gracia pero yo no me he enterado de casi nada por la cantidad de giros inesperados que da el argumento, los muchos personajes estrafalarios que asoman por las esquinas y un protagonista al que apu\u00f1alan continuamente y no se muere ni de co\u00f1a. Lectura con poco fundamento ha sido la m\u00eda, tambi\u00e9n tengo que reconocerlo. Igual cuando vuelva a mis predios bibliotecarios le doy otra vuelta por si le pillo el tranquillo. \u00a0\u00a06\/10<\/p>\n<p>\u201c<u>El fuego purificador\u201d<\/u> de Donna Leon -2024- Nueva Jersey 1942 -411 p\u00e1ginas-.<br \/>\nUn placer volver a saludar a Guido Brunetti y sus pasos ya cansados por la Venezia que nunca volvi\u00f3 a recuperar el encanto extraviado entre las masas de turistas y el \u00e9xito que la fagocit\u00f3. A pesar de que el protagonista principal lleva d\u00e9cadas pase\u00e1ndose por los misterios de la Signora Leon, no envejece. Sigue teniendo una esposa erudita, dos hijos adolescentes y unos suegros aristocr\u00e1ticos. Lo que cambia es el tel\u00f3n de fondo del decorado, los nuevos y malos tiempos que la sociedad italiana \u2013y la europea y la mundial- tienen que afrontar. Esta vez la historia se centra en la colaboraci\u00f3n italiana en la invasi\u00f3n de Irak y un atentado terrible que sufrieron sus fuerzas \u2013los carabinieri- en Nasiriya en 2003 y c\u00f3mo el gobierno italiano desvi\u00f3 la atenci\u00f3n de aquella desgracia eludiendo su propia responsabilidad. Tema pol\u00edtico y tema basado en la corrupci\u00f3n de la venta fraudulenta de armas a los mismos terroristas que despu\u00e9s te van a masacrar. El comisario Brunetti sigue desencantado del mundo en el que le toca vivir. Buenas horas de lectura.\u00a0 \u00a0 \u00a0 \u00a0 \u00a06\/10<\/p>\n<p><u>\u201cLa isla\u201d<\/u> de Ragnar J\u00f3nasson -2024- Islandia 1976 \u2013 382 p\u00e1ginas De vez en cuando viene bien algo distendido como una novela negra de esas en las que la gente asesina por un qu\u00edtame all\u00e1 esas pajas y una polic\u00eda despistada tiene solucionar usando las pocas neuronas que le quedan activas despu\u00e9s de superar sus propios traumas y asesinar a sus demonios particulares. La acci\u00f3n transcurre en Islandia y por eso me llam\u00f3 la atenci\u00f3n ya que describe lugares que conoc\u00ed en su d\u00eda. Y el car\u00e1cter especial\u00edsimo de quienes viven aislados \u2013o casi- arrastrando el legado de alcoholismo end\u00e9mico y las nubes depresivas que les han ca\u00eddo encima. Las auroras boreales son para las postales de los turistas; ellos, ni las miran. Pero bueno, me atrap\u00f3 al principio y luego lo acab\u00e9 con prisas, incapaz de adivinar qui\u00e9n era el asesino por culpa de los meandros literarios por los que nos lleva el autor.\u00a0\u00a0\u00a0\u00a0\u00a0\u00a0\u00a0\u00a0\u00a0\u00a0\u00a0\u00a0\u00a0\u00a0\u00a0\u00a0\u00a0\u00a0\u00a0\u00a0\u00a0\u00a0\u00a0\u00a0\u00a0\u00a0\u00a0\u00a0\u00a0\u00a0\u00a0\u00a0\u00a0\u00a0\u00a0\u00a0\u00a0\u00a0\u00a0\u00a0\u00a0\u00a0\u00a0\u00a0\u00a0\u00a0 \u00a0\u00a0\u00a0\u00a0\u00a0\u00a0\u00a0\u00a0 \u00a0\u00a0\u00a0\u00a0\u00a0\u00a0\u00a0\u00a0\u00a0\u00a0\u00a0\u00a0\u00a0\u00a0\u00a0\u00a0\u00a0\u00a0\u00a0\u00a0\u00a0\u00a0\u00a0\u00a0\u00a0\u00a0\u00a0\u00a0\u00a0\u00a0\u00a0\u00a0\u00a0\u00a0\u00a0\u00a0\u00a0\u00a0\u00a0\u00a0\u00a0\u00a0\u00a0\u00a0\u00a0\u00a0\u00a0\u00a0\u00a0\u00a0\u00a0\u00a0\u00a0\u00a0\u00a0\u00a0\u00a0\u00a0\u00a0\u00a0\u00a0\u00a0\u00a0 \u00a0\u00a0\u00a0\u00a0\u00a0\u00a0\u00a0\u00a0 \u00a0\u00a0\u00a0\u00a0\u00a0\u00a0\u00a0\u00a0 6\/10<\/p>\n<p>&nbsp;<\/p>\n<p><u>\u201cLa puerta\u201d <\/u>de Manel Loureiro -2020-\u00a0 Pontevedra 1975 &#8211; 340 p\u00e1ginas<\/p>\n<p>No hab\u00eda o\u00eddo hablar de este escritor hasta ayer mismo como quien dice. Y dicen que es inventor de historias trepidantes, como si fuera el guionista de cualquier \u201cmisi\u00f3n imposible\u201d y que cuando ya ha tocado todos los palos (imaginaci\u00f3n, personajes estrafalarios, sucesos inveros\u00edmiles) se lanza de cabeza a la piscina de la \u201cmagia\u201d y as\u00ed soluciona las tramas librescas. Es bien cierto. De repente parece que el autor se ha ido a escribir la novela a otra dimensi\u00f3n y ha desconectado de la l\u00f3gica, el sentido com\u00fan y la \u2013supuesta- inteligencia del lector. Y se mete en un l\u00edo m\u00e1s inextricable que el mo\u00f1o de Bernarda Alba. Lo acabo a saltos \u2013triples saltos mortales- por ver si se saca de la manga el famoso \u201cdeus ex machina\u201d\u2026 pero no. Y mira que lo hab\u00eda recomendado un conocido escritor\u2026Para que te f\u00edes\u2026 Una y no m\u00e1s santo Tom\u00e1s. Paso de seguir su pista en nuevas publicaciones excepto que alguien me diga que vale la pena.\u00a0 \u00a0 \u00a0 \u00a0 \u00a0 \u00a0 \u00a0 \u00a0 \u00a0 \u00a0 \u00a0 \u00a0 \u00a0 \u00a0 \u00a0 \u00a0 \u00a0 \u00a0 \u00a0 \u00a0 \u00a0 \u00a0 \u00a0 \u00a0 \u00a0 \u00a0 \u00a0 \u00a0 \u00a0 \u00a0 \u00a0 \u00a0 \u00a0 \u00a0 \u00a0 \u00a0 \u00a0 \u00a0 \u00a05\/10<\/p>\n<p><u>\u201cLa tierra que pisamos<\/u>\u201d de Jes\u00fas Carrasco -2016- Badajoz 1972 -268 p\u00e1ginas<\/p>\n<p>Una novela dura e insensible hacia el entorno que describe, con personajes adustos y ariscos. Me ha costado much\u00edsimo leerla sobre todo porque destila pesimismo o ese \u201csentimiento tr\u00e1gico de la vida\u201d tan caracter\u00edstico de los tiempos imaginarios que relata: Espa\u00f1a despu\u00e9s de una guerra, en una distop\u00eda en la que pasa a ser tierra conquistada por un imperio alem\u00e1n que bulle en la imaginaci\u00f3n del autor, una tierra invadida por mala gente, mucha mala gente\u2026\u00a0 \u201cIntemperie\u201d, la primera novela de este autor convertida en pel\u00edcula cuyo visionado me produjo gran desaz\u00f3n, se queda en \u201clista de espera\u201d; no me apetece ahora mismo este tipo de literatura descarnada porque sigo teniendo el \u00e1nimo influenciable.\u00a0\u00a0\u00a0\u00a0\u00a0\u00a0\u00a0\u00a0\u00a0\u00a0\u00a0\u00a0\u00a0\u00a0\u00a0\u00a0\u00a0\u00a0\u00a0\u00a0\u00a0\u00a0\u00a0\u00a0\u00a0\u00a0\u00a0\u00a0\u00a0\u00a0 \u00a0\u00a0\u00a0\u00a0\u00a0\u00a0\u00a0\u00a0\u00a0\u00a0\u00a0\u00a0\u00a0\u00a0\u00a0\u00a0 \u00a0\u00a0\u00a0\u00a0\u00a0\u00a0\u00a0\u00a0\u00a0\u00a0\u00a0\u00a0\u00a0\u00a0\u00a0\u00a0 5\/10<\/p>\n<p><u>\u201cRopa de casa<\/u>\u201d de Ignacio Mart\u00ednez de Pis\u00f3n. 2024. Zaragoza 1960. 297 p\u00e1ginas.<\/p>\n<p>Una obra menor, estas \u201cmemorias\u201d del autor que son una vida bastante tranquila y con pocas excentricidades. La infancia y juventud en un Logro\u00f1o y una Zaragoza \u201cde la \u00e9poca\u201d, y la Barcelona de la \u201cgauche divine\u201d\u2026\u00c9l mismo lo pone de manifiesto cuando escribe en la p\u00e1gina 189: \u201cMe pregunto ahora a qui\u00e9n, aparte de m\u00ed y de mis allegados, pueden interesar estas p\u00e1ginas, que cuentan una vida en la que no han pasado demasiadas cosas. Digamos que, en comparaci\u00f3n con otras, la m\u00eda ha sido una vida peque\u00f1a.\u201d Y no le falta raz\u00f3n porque para que la lectura del libro cobre inter\u00e9s tiene que recurrir a contar la vida \u2013aunque muy resumida- de otros escritores con los que tuvo alg\u00fan contacto. Diversas an\u00e9cdotas de Javier Mar\u00edas \u2013con el que nunca tuvo amistad pero s\u00ed correspondencia-, lo taca\u00f1o que era Tomeo y lo generoso que fue con \u00e9l Bernardo Atxaga, y as\u00ed hasta completar las casi trescientas p\u00e1ginas que no es que se hagan tediosas, pero desde luego no animan el \u00e1nimo lector. Creo que ha escrito cosas mucho mejores, pero ya se sabe, la publicidad que le dan a un nuevo libro que puede inducir a enga\u00f1o a las \u201clectoras sensibles\u201d como la que suscribe\u2026\u00a0\u00a0\u00a0\u00a0\u00a0\u00a0\u00a0\u00a0\u00a0\u00a0\u00a0\u00a0\u00a0\u00a0 \u00a0\u00a0\u00a0\u00a0\u00a0\u00a0\u00a0\u00a0\u00a0\u00a0\u00a0\u00a0\u00a0\u00a0\u00a0\u00a0\u00a0\u00a0\u00a0\u00a0\u00a0\u00a0\u00a0\u00a0\u00a0\u00a0\u00a0\u00a0\u00a0\u00a0\u00a0\u00a0\u00a0\u00a0\u00a0\u00a0\u00a0\u00a0\u00a0\u00a0\u00a0\u00a0\u00a0\u00a0\u00a0\u00a0\u00a0\u00a0\u00a0\u00a0\u00a0\u00a0\u00a0\u00a0\u00a0\u00a0\u00a0\u00a0\u00a0\u00a0\u00a0\u00a0\u00a0 \u00a0\u00a0\u00a0 5\/10<\/p>\n<p><strong><u><em>Lecturas enjundiosas: (que ayudan a incrementar el acervo cultural, a la vez que estimulan el <\/em><\/u><\/strong><em><strong><u>intelecto)<\/u><\/strong><\/em><\/p>\n<p><u>\u201cTerapia<\/u>\u201d (Relectura) 1995- David Lodge Londres 1935-2025) 406 p\u00e1ginas<\/p>\n<p>Qu\u00e9 curioso que puedo releer un libro cada diez a\u00f1os y es como si fuera la primera vez. \u00bfFalta de retentiva por culpa de la edad? \u00bfMemoria enflaquecida por acumulaci\u00f3n de datos en el ordenador central? Ni lo uno ni lo otro.\u00a0Olvidamos lo que no pasa la selecci\u00f3n natural, ser\u00eda imposible acordarse de todos los libros, todas las pel\u00edculas, todos los lugares y todas las personas a las que hemos conocido a lo largo de una provecta vida (la m\u00eda). As\u00ed que me encanta releer las rese\u00f1as que hice hace diez a\u00f1os de un libro y saber que me esperan horas y horas de lectura agradecida. David Lodge acaba de fallecer en Birmingham (Reino Unido), precisamente el d\u00eda 1 de Enero, a los 89 a\u00f1os. Una buena vida dedicada a lo que m\u00e1s le gustaba: escribir. Su \u00faltimo ensayo se titul\u00f3: \u201cLife is writing\u201d, \u201cLa vida es escribir\u201d y lo escribi\u00f3 en 2014, una digna despedida. Esta novela \u201cTerapia\u201d me reconcilia con la vida, con las cosas extra\u00f1as que hacemos, con las miserias que ocultamos tontamente y, sobre todo, me da fuerzas para ser generosa con la inevitable falibilidad humana \u2013empezando por la m\u00eda, por supuesto-. Un honor, Mr. Lodge y gracias.\u00a0 \u00a0 \u00a0 \u00a0 \u00a0 \u00a0 \u00a0 \u00a0 \u00a0 \u00a0 \u00a0 \u00a0 \u00a0 \u00a0 \u00a0 \u00a08\/10<\/p>\n<p>\u201cRetratARTE\u201d de Carlos del Amor. -2022- Murcia 1974. 250 p\u00e1ginas. Una peque\u00f1a obra de arte para descubrir y disfrutar delo que hay detr\u00e1s de un retrato. El personaje, la persona, el artista y el modelo. Una gozada.\u00a0\u00a0 7\/10<\/p>\n<p><u>\u201cUn silencio lleno de murmullos<\/u>\u201d Gioconda Belli 2024 Managua-1948- 342 p\u00e1ginas<\/p>\n<p>La \u00faltima novela de la nicarag\u00fcense exiliada en Espa\u00f1a que vivi\u00f3 tiempos dur\u00edsimos durante la dictadura de Somoza y no menos terribles con la plutocracia de Ortega y Sra., antiguos revolucionarios que se pasaron rapidito al sistema olig\u00e1rquico que pretend\u00edan desmontar. No s\u00e9 si tiene parte autobiogr\u00e1fica esta novela que mezcla dolor y amores, lucha por la libertad y contradicciones bien humanas. La primera parte de la novela nos cuenta una vez m\u00e1s la lucha revolucionaria en Nicaragua contra el dictador. La segunda parte ahonda en lo humano, en la historia doloros\u00edsima de una hija que no puede llegar a sentir el amor de su madre \u201centregada a la causa\u201d y que \u201cama m\u00e1s sus ideas de libertad que a los seres que tiene en casa, que a su propia familia\u201d. Esa dicotom\u00eda sobrevuela como una nube negra todo el relato, que se precipita en las \u00faltimas cien p\u00e1ginas convirtiendo la novela en una especie de \u201cculebr\u00f3n\u201d a los que nos tienen acostumbradas las escritoras que \u201cganan\u201d el premio Planeta. Como esta novela la he comprado y pagado y es m\u00eda\u2026puedo decir lo que me d\u00e9 la gana\u2026\u00bfo no?\u00a0\u00a0\u00a0\u00a0\u00a0\u00a0\u00a0\u00a0\u00a0\u00a0\u00a0\u00a0\u00a0\u00a0\u00a0\u00a0\u00a0\u00a0\u00a0\u00a0\u00a0\u00a0\u00a0\u00a0\u00a0\u00a0\u00a0\u00a0\u00a0\u00a0\u00a0\u00a0\u00a0\u00a0\u00a0\u00a0\u00a0\u00a0\u00a0\u00a0\u00a0 7\/10<\/p>\n<p>\u201c<u>Hombres puros\u201d<\/u> de Mohamed Mbougar Sarr 2024\u00a0 -Dakar 1990- 190 p\u00e1ginas<\/p>\n<p>Ser homosexual en Senegal. Menuda mala suerte. Ser homosexual en la cultura musulmana, menuda tragedia.\u00a0El odio a lo diferente, la cerraz\u00f3n mental, la homofobia respaldada por la religi\u00f3n, las costumbres, el arraigo de la mentalidad que se averg\u00fcenza de lo que le dicen que tiene que avergonzarse sin pensar ni reflexionar y, por supuesto, sin amar al pr\u00f3jimo ni respetarlo. Una novela\/denuncia muy bien escrita que lleva al protagonista a ahondar en su propio deseo y replantearse una virilidad impuesta por la sociedad. A pesar de lo turbio y doloroso del tema, la he le\u00eddo con mucho inter\u00e9s y no me ha resultado en ning\u00fan momento molesta. La homofobia, el deporte de moda en tantos lugares de \u00c0frica y de todo el mundo.\u00a0 \u00a0 \u00a0 \u00a0 \u00a0 \u00a0 \u00a0 \u00a0 \u00a0 \u00a0 \u00a0 \u00a0 \u00a0 \u00a0 \u00a0 \u00a0 \u00a0 \u00a0 \u00a0 \u00a0 \u00a0 \u00a0 \u00a0 \u00a0 \u00a07\/10<\/p>\n<p><u>\u201cHelena o el mar del verano<\/u>\u201d de Juli\u00e1n Ayesta. 1952- Gij\u00f3n 1919 \u2013 1996 \u2013 87 p\u00e1ginas peque\u00f1itas.<\/p>\n<p>Es tan solo un relato \u2013lo publica Narrativa del Acantilado en formato m\u00ednimo para que salgan m\u00e1s p\u00e1ginas-, muy corto, condensad\u00edsimo, de las emociones del fin de la infancia, los sentidos del descubrimiento del otro \u2013en este caso de Helena-, un canto a la adolescencia en libertad \u2013imposible por la \u00e9poca en que fue escrito y publicado-. \u201cUne petite chef d\u2019oeuvre\u201d, le\u00edda en dos horas, como una pel\u00edcula\u2026 (11,40\u20ac imagino que vender\u00e1n pocos ejemplares a ese precio mientras haya bibliotecas p\u00fablicas). La pregunta a la que aludo es la siguiente: \u00bfC\u00f3mo pretenden las editoriales que se vendan muchos libros si sale a dobl\u00f3n la p\u00e1gina de lectura?\u00a0\u00a0\u00a0\u00a0\u00a0\u00a0\u00a0\u00a0\u00a0\u00a0\u00a0\u00a0\u00a0 7\/10<\/p>\n<p><strong><em><u>Lecturas con peso espec\u00edfico: para abandonarse a ellas en cuerpo y alma y aprender.<\/u><\/em><\/strong><\/p>\n<p><u>\u201cLos cuatro acuerdos\u201d<\/u> de la filosof\u00eda tolteca. Miguel Ruiz \u2013Guadalajara, M\u00e9xico, 1952- escribi\u00f3 un libro en 1997 titulado \u201cLos cuatro acuerdos\u201d cuyo mensaje y contenido se extendi\u00f3 como la p\u00f3lvora entre quienes \u201cbusc\u00e1bamos algo\u201d m\u00e1s all\u00e1 de lo que encontr\u00e1bamos m\u00e1s ac\u00e1. Que aunque utilice esas expresiones no tiene el asunto nada que ver con lo que no sea puro pragmatismo de vivir. Me hablaron del libro hace casi veinte a\u00f1os, lo compr\u00e9 y aqu\u00ed lo tengo todav\u00eda, subrayado, trabajado, repensado, y no pasa un solo d\u00eda sin que pueda aplicar su peculiar filosof\u00eda sobre la vida. Son \u201cCuatro acuerdos\u201d, ni de lejos parecidos a esos \u201cDiez Mandamientos\u201d que nos obligaron a aprender y a cumplir, mandamientos tramposos y con tantas fisuras por donde hacer escapar a la propia conciencia. Son Cuatro Acuerdos voluntarios, personales, asentados plenamente en el libre albedr\u00edo del ser humano. A fuerza de intentar ponerlos en pr\u00e1ctica me los s\u00e9 de memoria y me complace seguir sorprendi\u00e9ndome de que haya tantas en el d\u00eda a d\u00eda en las que puedo aplicar estas \u201cnormas b\u00e1sicas de comportamiento\u201d.<\/p>\n<p>*Primer Acuerdo: \u201cS\u00e9 impecable con tus palabras\u201d. *Segundo Acuerdo: \u201cNo te tomes nada personalmente\u201d.\u00a0*Tercer Acuerdo: \u201cNo hagas suposiciones\u201d. *Cuarto Acuerdo: \u201cHaz siempre lo m\u00e1ximo que puedas\u201d.\u00a0\u00a0Sencillo, elemental y entendible. Pero\u2026 \u00bfIba yo a ser capaz de incorporarlos a mi vida?\u00a0\u00a0\u00a0\u00a0\u00a0\u00a0\u00a0\u00a0\u00a0\u00a0\u00a0\u00a0\u00a0\u00a0\u00a0\u00a0\u00a0 8\/10<\/p>\n<p><strong><em><u><a href=\"https:\/\/static-blogs.diariovasco.com\/wp-content\/uploads\/sites\/19\/2025\/01\/A-partir-de-los-50.jpg\"><img loading=\"lazy\" class=\"alignleft size-medium wp-image-10784\" src=\"https:\/\/static-blogs.diariovasco.com\/wp-content\/uploads\/sites\/19\/2025\/01\/A-partir-de-los-50-300x225.jpg\" alt=\"\" width=\"300\" height=\"225\" srcset=\"https:\/\/static-blogs.diariovasco.com\/wp-content\/uploads\/sites\/19\/2025\/01\/A-partir-de-los-50-300x225.jpg 300w, https:\/\/static-blogs.diariovasco.com\/wp-content\/uploads\/sites\/19\/2025\/01\/A-partir-de-los-50.jpg 719w\" sizes=\"(max-width: 300px) 100vw, 300px\" \/><\/a>Lecturas atragantadas: que pretend\u00edan ser interesantes y que no he podido llevar a buen puerto<\/u><\/em><\/strong><\/p>\n<p>\u201c<u>Los peces no existen<\/u>\u201d de Lul\u00fa Miller o \u201cuna f\u00e1bula contempor\u00e1nea de c\u00f3mo vivir sin etiquetas.\u201d Reino Unido 1984.- 253 p\u00e1ginas. \u00a0No he sabido por d\u00f3nde agarrar este ensayo \u2013o as\u00ed-sobre un icti\u00f3logo, que es un se\u00f1or que estudia todo lo que tiene que ver con peces, pescados y habitantes del mar que tengan escamas. Aburrimiento supino hasta la p\u00e1gina 50 y ya. &#8212;&#8212;&#8212;&#8212;&#8212;<\/p>\n<p><em>La puntuaci\u00f3n es fruto de una opini\u00f3n personal que no tiene m\u00e1s valor que el que uno le quiera dar\u2026<\/em><\/p>\n<p>Felices los felices. Y los que leemos\u2026mucho m\u00e1s.<\/p>\n<p>LaAlquimista<\/p>\n<p>Te invito a visitar mi p\u00e1gina en Facebook.<\/p>\n<p><a href=\"https:\/\/www.facebook.com\/apartirdelos50\/\" rel=\"external nofollow\">https:\/\/www.facebook.com\/apartirdelos50\/<\/a><\/p>\n<p><em>Por si alguien desea contactar:<\/em><\/p>\n<p><a href=\"mailto:apartirdeloscincuenta@gmail.com\">apartirdeloscincuenta@gmail.com<\/a><\/p>\n<p>&nbsp;<\/p>\n<p>&nbsp;<\/p>\n<!-- AddThis Advanced Settings generic via filter on the_content --><!-- AddThis Share Buttons generic via filter on the_content -->","protected":false},"excerpt":{"rendered":"<p>El invierno comienza el 21 de Diciembre pero he puesto entre par\u00e9ntesis las lecturas al calorcito -del radiador- del hogar porque cuando viajo apenas leo, estoy demasiado excitada como para concentrarme en la lectura y adem\u00e1s que si ando todo el d\u00eda de un lado para otro a la hora de leer, que es por [&hellip;]<!-- AddThis Advanced Settings generic via filter on get_the_excerpt --><!-- AddThis Share Buttons generic via filter on get_the_excerpt --><\/p>\n","protected":false},"author":34,"featured_media":0,"comment_status":"open","ping_status":"closed","sticky":false,"template":"","format":"standard","meta":[],"categories":[1],"tags":[],"_links":{"self":[{"href":"https:\/\/blogs.diariovasco.com\/apartirdelos50\/wp-json\/wp\/v2\/posts\/10805"}],"collection":[{"href":"https:\/\/blogs.diariovasco.com\/apartirdelos50\/wp-json\/wp\/v2\/posts"}],"about":[{"href":"https:\/\/blogs.diariovasco.com\/apartirdelos50\/wp-json\/wp\/v2\/types\/post"}],"author":[{"embeddable":true,"href":"https:\/\/blogs.diariovasco.com\/apartirdelos50\/wp-json\/wp\/v2\/users\/34"}],"replies":[{"embeddable":true,"href":"https:\/\/blogs.diariovasco.com\/apartirdelos50\/wp-json\/wp\/v2\/comments?post=10805"}],"version-history":[{"count":3,"href":"https:\/\/blogs.diariovasco.com\/apartirdelos50\/wp-json\/wp\/v2\/posts\/10805\/revisions"}],"predecessor-version":[{"id":10809,"href":"https:\/\/blogs.diariovasco.com\/apartirdelos50\/wp-json\/wp\/v2\/posts\/10805\/revisions\/10809"}],"wp:attachment":[{"href":"https:\/\/blogs.diariovasco.com\/apartirdelos50\/wp-json\/wp\/v2\/media?parent=10805"}],"wp:term":[{"taxonomy":"category","embeddable":true,"href":"https:\/\/blogs.diariovasco.com\/apartirdelos50\/wp-json\/wp\/v2\/categories?post=10805"},{"taxonomy":"post_tag","embeddable":true,"href":"https:\/\/blogs.diariovasco.com\/apartirdelos50\/wp-json\/wp\/v2\/tags?post=10805"}],"curies":[{"name":"wp","href":"https:\/\/api.w.org\/{rel}","templated":true}]}}