{"id":10811,"date":"2025-02-04T07:36:40","date_gmt":"2025-02-04T06:36:40","guid":{"rendered":"https:\/\/blogs.diariovasco.com\/apartirdelos50\/?p=10811"},"modified":"2025-02-02T09:44:58","modified_gmt":"2025-02-02T08:44:58","slug":"gente-que-improvisa-todo-el-rato","status":"publish","type":"post","link":"https:\/\/blogs.diariovasco.com\/apartirdelos50\/2025\/02\/04\/gente-que-improvisa-todo-el-rato\/","title":{"rendered":"Gente que improvisa todo el rato"},"content":{"rendered":"<p>&nbsp;<\/p>\n<p><a href=\"https:\/\/static-blogs.diariovasco.com\/wp-content\/uploads\/sites\/19\/2025\/02\/descargar-26-1.jpg\"><img loading=\"lazy\" class=\"aligncenter size-full wp-image-10815\" src=\"https:\/\/static-blogs.diariovasco.com\/wp-content\/uploads\/sites\/19\/2025\/02\/descargar-26-1.jpg\" alt=\"\" width=\"630\" height=\"392\" srcset=\"https:\/\/static-blogs.diariovasco.com\/wp-content\/uploads\/sites\/19\/2025\/02\/descargar-26-1.jpg 630w, https:\/\/static-blogs.diariovasco.com\/wp-content\/uploads\/sites\/19\/2025\/02\/descargar-26-1-300x187.jpg 300w\" sizes=\"(max-width: 630px) 100vw, 630px\" \/><\/a><\/p>\n<p>Siempre he pensado que los extremos no son buenos y que no me gustan nada de nada. Entre la rigidez extrema de la mente cuadriculada -o la agenda abarrotada- y andar viviendo a salto de mata como liebre por sembrado de zanahorias hay un t\u00e9rmino medio, siempre hay un lugar tranquilo desde el que se pueden gestionar las relaciones, las situaciones de la vida, esas cosas que nos gusta hacer e incluso las que no nos gustan. Hay quien tiene en la puerta del frigo una lista de lo que va a comer cada d\u00eda de la semana y otros hay que llegan a casa y se tienen que apa\u00f1ar con lo que pillan porque no se quieren romper la cabeza.<\/p>\n<p>Y saco este tema ya que tengo un amigo de cuando \u00e9ramos estudiantes, que vive a una hora y pico de Donostia y gusta de visitar esta ciudad con bastante frecuencia. Cuando viene, me llama y a veces podemos quedar. Y ah\u00ed est\u00e1 el quid de la cuesti\u00f3n: que me llama desde el bus cuando ya est\u00e1 casi llegando. \u2013\u201cOye, que voy a darme una vuelta por tu pueblo, \u00bftienes tiempo para vernos y tomar algo juntos?\u201d<\/p>\n<p>Por ese sistema llevamos mucho tiempo sin \u201ctropezarnos\u201d porque la casualidad a veces se convierte en causalidad y ah\u00ed habr\u00eda que reflexionar cinco minutos. Empero, \u00e9l parece no darle importancia y yo pienso otras cosas diferentes. Pienso en la intenci\u00f3n, en el inter\u00e9s, en la ilusi\u00f3n e incluso en el sentido com\u00fan, que ya nos tiene avisados de que nuestros hitos vitales llegan sin anunciarse. Cuantas veces he intentado llegar a un acuerdo para propiciar el encuentro \u2013es decir: quedar \u00a0\u201cantes\u201d y formalizar una cita-, me he topado con el muro de su \u201cflexibilidad inflexible\u201d.<\/p>\n<p><a href=\"https:\/\/static-blogs.diariovasco.com\/wp-content\/uploads\/sites\/19\/2025\/01\/A-partir-de-los-50.jpg\"><img loading=\"lazy\" class=\"alignleft size-medium wp-image-10784\" src=\"https:\/\/static-blogs.diariovasco.com\/wp-content\/uploads\/sites\/19\/2025\/01\/A-partir-de-los-50-300x225.jpg\" alt=\"\" width=\"300\" height=\"225\" srcset=\"https:\/\/static-blogs.diariovasco.com\/wp-content\/uploads\/sites\/19\/2025\/01\/A-partir-de-los-50-300x225.jpg 300w, https:\/\/static-blogs.diariovasco.com\/wp-content\/uploads\/sites\/19\/2025\/01\/A-partir-de-los-50.jpg 719w\" sizes=\"(max-width: 300px) 100vw, 300px\" \/><\/a>Que bastante atado est\u00e1 en su vida cotidiana con las obligaciones familiares, que cuando tiene un d\u00eda libre no le queda m\u00e1s salida que hacer el \u201caqu\u00ed te pillo, aqu\u00ed te mato\u201d, que improvisa sobre la marcha y as\u00ed se siente feliz. Pues ser\u00e1. Ya digo que llevamos sin coincidir casi dos a\u00f1os por \u201cmi culpa\u201d, que \u00e9l hace risas de que o estoy en la otra punta del mundo o tengo un ataque de lumbalgo o resulta que he quedado para comer con otro candidato a ser \u201cel hombre de mi vida\u201d.<\/p>\n<p>En fin. \u00a1Qu\u00e9 le vamos a hacer!<\/p>\n<p>Felices los felices.<\/p>\n<p>LaAlquimista<\/p>\n<p>Te invito a visitar mi p\u00e1gina en Facebook.<\/p>\n<p><a href=\"https:\/\/www.facebook.com\/apartirdelos50\/\" rel=\"external nofollow\">https:\/\/www.facebook.com\/apartirdelos50\/<\/a><\/p>\n<p><em>Por si alguien desea contactar:<\/em><\/p>\n<p><a href=\"mailto:apartirdeloscincuenta@gmail.com\">apartirdeloscincuenta@gmail.com<\/a><\/p>\n<p>&nbsp;<\/p>\n<p>&nbsp;<\/p>\n<!-- AddThis Advanced Settings generic via filter on the_content --><!-- AddThis Share Buttons generic via filter on the_content -->","protected":false},"excerpt":{"rendered":"<p>&nbsp; Siempre he pensado que los extremos no son buenos y que no me gustan nada de nada. Entre la rigidez extrema de la mente cuadriculada -o la agenda abarrotada- y andar viviendo a salto de mata como liebre por sembrado de zanahorias hay un t\u00e9rmino medio, siempre hay un lugar tranquilo desde el que [&hellip;]<!-- AddThis Advanced Settings generic via filter on get_the_excerpt --><!-- AddThis Share Buttons generic via filter on get_the_excerpt --><\/p>\n","protected":false},"author":34,"featured_media":0,"comment_status":"open","ping_status":"closed","sticky":false,"template":"","format":"standard","meta":[],"categories":[10,1],"tags":[],"_links":{"self":[{"href":"https:\/\/blogs.diariovasco.com\/apartirdelos50\/wp-json\/wp\/v2\/posts\/10811"}],"collection":[{"href":"https:\/\/blogs.diariovasco.com\/apartirdelos50\/wp-json\/wp\/v2\/posts"}],"about":[{"href":"https:\/\/blogs.diariovasco.com\/apartirdelos50\/wp-json\/wp\/v2\/types\/post"}],"author":[{"embeddable":true,"href":"https:\/\/blogs.diariovasco.com\/apartirdelos50\/wp-json\/wp\/v2\/users\/34"}],"replies":[{"embeddable":true,"href":"https:\/\/blogs.diariovasco.com\/apartirdelos50\/wp-json\/wp\/v2\/comments?post=10811"}],"version-history":[{"count":3,"href":"https:\/\/blogs.diariovasco.com\/apartirdelos50\/wp-json\/wp\/v2\/posts\/10811\/revisions"}],"predecessor-version":[{"id":10816,"href":"https:\/\/blogs.diariovasco.com\/apartirdelos50\/wp-json\/wp\/v2\/posts\/10811\/revisions\/10816"}],"wp:attachment":[{"href":"https:\/\/blogs.diariovasco.com\/apartirdelos50\/wp-json\/wp\/v2\/media?parent=10811"}],"wp:term":[{"taxonomy":"category","embeddable":true,"href":"https:\/\/blogs.diariovasco.com\/apartirdelos50\/wp-json\/wp\/v2\/categories?post=10811"},{"taxonomy":"post_tag","embeddable":true,"href":"https:\/\/blogs.diariovasco.com\/apartirdelos50\/wp-json\/wp\/v2\/tags?post=10811"}],"curies":[{"name":"wp","href":"https:\/\/api.w.org\/{rel}","templated":true}]}}