{"id":10824,"date":"2025-02-10T06:39:02","date_gmt":"2025-02-10T05:39:02","guid":{"rendered":"https:\/\/blogs.diariovasco.com\/apartirdelos50\/?p=10824"},"modified":"2025-02-09T14:44:35","modified_gmt":"2025-02-09T13:44:35","slug":"los-viajes-y-el-premio-final","status":"publish","type":"post","link":"https:\/\/blogs.diariovasco.com\/apartirdelos50\/2025\/02\/10\/los-viajes-y-el-premio-final\/","title":{"rendered":"Los viajes y el premio final"},"content":{"rendered":"<p><a href=\"https:\/\/static-blogs.diariovasco.com\/wp-content\/uploads\/sites\/19\/2025\/02\/Conejito-avion-Mexico.jpg\"><img loading=\"lazy\" class=\"aligncenter size-large wp-image-10826\" src=\"https:\/\/static-blogs.diariovasco.com\/wp-content\/uploads\/sites\/19\/2025\/02\/Conejito-avion-Mexico-768x1024.jpg\" alt=\"\" width=\"768\" height=\"1024\" srcset=\"https:\/\/static-blogs.diariovasco.com\/wp-content\/uploads\/sites\/19\/2025\/02\/Conejito-avion-Mexico-768x1024.jpg 768w, https:\/\/static-blogs.diariovasco.com\/wp-content\/uploads\/sites\/19\/2025\/02\/Conejito-avion-Mexico-225x300.jpg 225w, https:\/\/static-blogs.diariovasco.com\/wp-content\/uploads\/sites\/19\/2025\/02\/Conejito-avion-Mexico-1152x1536.jpg 1152w, https:\/\/static-blogs.diariovasco.com\/wp-content\/uploads\/sites\/19\/2025\/02\/Conejito-avion-Mexico.jpg 1440w\" sizes=\"(max-width: 768px) 100vw, 768px\" \/><\/a><\/p>\n<p>Odio las despedidas, desde siempre, porque son ese estado de \u00e1nimo en el que siento que dejo atr\u00e1s una peque\u00f1a p\u00e9rdida, la pena del coraz\u00f3n que se separa de lo amado, el paso adelante hacia otra vida \u2013aunque sea la misma de siempre-. Ser\u00e1 porque no me gusta decir adi\u00f3s, porque acumulo p\u00e9rdidas a mi provecta edad, porque si me voy yo tengo la esperanza de volver, pero si se van los otros me quedo con la angustia de si volver\u00e1n.<\/p>\n<p><a href=\"https:\/\/static-blogs.diariovasco.com\/wp-content\/uploads\/sites\/19\/2025\/02\/Merida-chilaquiles.jpg\"><img loading=\"lazy\" class=\"alignright size-medium wp-image-10829\" src=\"https:\/\/static-blogs.diariovasco.com\/wp-content\/uploads\/sites\/19\/2025\/02\/Merida-chilaquiles-225x300.jpg\" alt=\"\" width=\"225\" height=\"300\" srcset=\"https:\/\/static-blogs.diariovasco.com\/wp-content\/uploads\/sites\/19\/2025\/02\/Merida-chilaquiles-225x300.jpg 225w, https:\/\/static-blogs.diariovasco.com\/wp-content\/uploads\/sites\/19\/2025\/02\/Merida-chilaquiles.jpg 317w\" sizes=\"(max-width: 225px) 100vw, 225px\" \/><\/a>Total: que ni quiero que me deseen buen viaje ni me den consejos para moverme por el proceloso mundo aeron\u00e1utico, que todos saben m\u00e1s que yo y me hacen quedar en silencio.<\/p>\n<p>Les dejo las llaves de mi txoko a mis vecinos con el ruego de que \u00a0rieguen las plantas y me conserven la buena energ\u00eda de mi casa y poco m\u00e1s. Que no tendr\u00e9 wifi, ni datos, ni contestar\u00e9 llamadas ni las har\u00e9. Que ya dir\u00e9 algo. Que si me pasa algo malo, qu\u00e9 m\u00e1s da a estas alturas de la vida\u2026<\/p>\n<p>Para compensar AMO los reencuentros, que me vengan a esperar al aeropuerto dando brincos de alegr\u00eda, que me digan que mis abrazos han sido a\u00f1orados, que la alfombra es roja-vip-aterciopelada. Es como si me deconstruyera en mi estrecho asiento de avi\u00f3n \u2013y eso que viajo en vuelo regular- y tuviera que recomponer todas mis piececitas cuando paso la aduana y los perros huelen mi equipaje \u2013jamonazo al vac\u00edo con permisos europeos- y mi \u201cmaletronko\u201d sale de los primeros en la cinta a pesar del inevitable transbordo y ya huelo otro aire, c\u00e1lido, afrutado en su siempre bienvenida tropical. <a href=\"https:\/\/static-blogs.diariovasco.com\/wp-content\/uploads\/sites\/19\/2025\/02\/Merida-tiempo.png\"><img loading=\"lazy\" class=\"alignleft size-medium wp-image-10828\" src=\"https:\/\/static-blogs.diariovasco.com\/wp-content\/uploads\/sites\/19\/2025\/02\/Merida-tiempo-138x300.png\" alt=\"\" width=\"138\" height=\"300\" srcset=\"https:\/\/static-blogs.diariovasco.com\/wp-content\/uploads\/sites\/19\/2025\/02\/Merida-tiempo-138x300.png 138w, https:\/\/static-blogs.diariovasco.com\/wp-content\/uploads\/sites\/19\/2025\/02\/Merida-tiempo.png 317w\" sizes=\"(max-width: 138px) 100vw, 138px\" \/><\/a><\/p>\n<p>Y el jetlag me da lo mismo, quiero incorporarme a esa nueva vida lo antes posible \u2013o sin soluci\u00f3n de continuidad que dicen los pedantes-, y me dejo llevar a un patio ajardinado a desayunar la fruta mexicana, los huevos mexicanos, todo servido con la parsimonia mexicana que ya casi la ten\u00eda olvidada despu\u00e9s de tres a\u00f1os de no pisar esta tierra que no es de mis ancestros sino de mis descendientes.<\/p>\n<p>Me he ahorrado los mensajes de \u201cbon voyage\u201d y ahora quisiera soslayar cari\u00f1osamente los de: \u201cA disfrutar\u201d porque vengo a vivir, que no es lo mismo pero es igual.<\/p>\n<p>Felices los felices.<\/p>\n<p>LaAlquimista<\/p>\n<p>Te invito a visitar mi p\u00e1gina en Facebook.<\/p>\n<p><a href=\"https:\/\/www.facebook.com\/apartirdelos50\/\" rel=\"external nofollow\">https:\/\/www.facebook.com\/apartirdelos50\/<\/a><\/p>\n<p><em>Por si alguien desea contactar:<\/em><\/p>\n<p><a href=\"mailto:apartirdeloscincuenta@gmail.com\">apartirdeloscincuenta@gmail.com<\/a><\/p>\n<p>&nbsp;<\/p>\n<!-- AddThis Advanced Settings generic via filter on the_content --><!-- AddThis Share Buttons generic via filter on the_content -->","protected":false},"excerpt":{"rendered":"<p>Odio las despedidas, desde siempre, porque son ese estado de \u00e1nimo en el que siento que dejo atr\u00e1s una peque\u00f1a p\u00e9rdida, la pena del coraz\u00f3n que se separa de lo amado, el paso adelante hacia otra vida \u2013aunque sea la misma de siempre-. Ser\u00e1 porque no me gusta decir adi\u00f3s, porque acumulo p\u00e9rdidas a mi [&hellip;]<!-- AddThis Advanced Settings generic via filter on get_the_excerpt --><!-- AddThis Share Buttons generic via filter on get_the_excerpt --><\/p>\n","protected":false},"author":34,"featured_media":0,"comment_status":"open","ping_status":"closed","sticky":false,"template":"","format":"standard","meta":[],"categories":[1],"tags":[400,1554,69],"_links":{"self":[{"href":"https:\/\/blogs.diariovasco.com\/apartirdelos50\/wp-json\/wp\/v2\/posts\/10824"}],"collection":[{"href":"https:\/\/blogs.diariovasco.com\/apartirdelos50\/wp-json\/wp\/v2\/posts"}],"about":[{"href":"https:\/\/blogs.diariovasco.com\/apartirdelos50\/wp-json\/wp\/v2\/types\/post"}],"author":[{"embeddable":true,"href":"https:\/\/blogs.diariovasco.com\/apartirdelos50\/wp-json\/wp\/v2\/users\/34"}],"replies":[{"embeddable":true,"href":"https:\/\/blogs.diariovasco.com\/apartirdelos50\/wp-json\/wp\/v2\/comments?post=10824"}],"version-history":[{"count":3,"href":"https:\/\/blogs.diariovasco.com\/apartirdelos50\/wp-json\/wp\/v2\/posts\/10824\/revisions"}],"predecessor-version":[{"id":10830,"href":"https:\/\/blogs.diariovasco.com\/apartirdelos50\/wp-json\/wp\/v2\/posts\/10824\/revisions\/10830"}],"wp:attachment":[{"href":"https:\/\/blogs.diariovasco.com\/apartirdelos50\/wp-json\/wp\/v2\/media?parent=10824"}],"wp:term":[{"taxonomy":"category","embeddable":true,"href":"https:\/\/blogs.diariovasco.com\/apartirdelos50\/wp-json\/wp\/v2\/categories?post=10824"},{"taxonomy":"post_tag","embeddable":true,"href":"https:\/\/blogs.diariovasco.com\/apartirdelos50\/wp-json\/wp\/v2\/tags?post=10824"}],"curies":[{"name":"wp","href":"https:\/\/api.w.org\/{rel}","templated":true}]}}