{"id":10831,"date":"2025-02-12T00:02:24","date_gmt":"2025-02-11T23:02:24","guid":{"rendered":"https:\/\/blogs.diariovasco.com\/apartirdelos50\/?p=10831"},"modified":"2025-02-12T00:03:07","modified_gmt":"2025-02-11T23:03:07","slug":"el-viaje-y-el-destino","status":"publish","type":"post","link":"https:\/\/blogs.diariovasco.com\/apartirdelos50\/2025\/02\/12\/el-viaje-y-el-destino\/","title":{"rendered":"El camino y el destino"},"content":{"rendered":"<p><a href=\"https:\/\/static-blogs.diariovasco.com\/wp-content\/uploads\/sites\/19\/2025\/02\/comida-en-aviones-03.jpg\"><img loading=\"lazy\" class=\"aligncenter size-full wp-image-10833\" src=\"https:\/\/static-blogs.diariovasco.com\/wp-content\/uploads\/sites\/19\/2025\/02\/comida-en-aviones-03.jpg\" alt=\"\" width=\"1000\" height=\"719\" srcset=\"https:\/\/static-blogs.diariovasco.com\/wp-content\/uploads\/sites\/19\/2025\/02\/comida-en-aviones-03.jpg 1000w, https:\/\/static-blogs.diariovasco.com\/wp-content\/uploads\/sites\/19\/2025\/02\/comida-en-aviones-03-300x216.jpg 300w, https:\/\/static-blogs.diariovasco.com\/wp-content\/uploads\/sites\/19\/2025\/02\/comida-en-aviones-03-768x552.jpg 768w\" sizes=\"(max-width: 1000px) 100vw, 1000px\" \/><\/a><\/p>\n<p>Ya s\u00e9 que est\u00e1 acendrada en la mente social que lo que importa no es el destino final sino el viaje, que la verdadera riqueza de la vida es la experiencia de sentir intensamente cada paso que damos sin importar demasiado la cumbre que se pretende alcanzar. Todo eso me lo s\u00e9 de memoria pero me asaltan las dudas y me roban las certezas cuando hablamos de\u2026 la comida que dan las aerol\u00edneas en los viajes largu\u00edsimos y que todos ingerimos con cara mitad de resignaci\u00f3n, mitad de asco, en vez de sacar de la bolsa que nos dejan meter debajo del asiento delantero un buen bocata de tortilla de patatas o de jam\u00f3n ib\u00e9rico.<\/p>\n<p><a href=\"https:\/\/static-blogs.diariovasco.com\/wp-content\/uploads\/sites\/19\/2025\/02\/descargar-28.jpg\"><img loading=\"lazy\" class=\"alignleft size-medium wp-image-10834\" src=\"https:\/\/static-blogs.diariovasco.com\/wp-content\/uploads\/sites\/19\/2025\/02\/descargar-28-300x160.jpg\" alt=\"\" width=\"300\" height=\"160\" srcset=\"https:\/\/static-blogs.diariovasco.com\/wp-content\/uploads\/sites\/19\/2025\/02\/descargar-28-300x160.jpg 300w, https:\/\/static-blogs.diariovasco.com\/wp-content\/uploads\/sites\/19\/2025\/02\/descargar-28.jpg 308w\" sizes=\"(max-width: 300px) 100vw, 300px\" \/><\/a>Porque no queremos dar la nota o que la azafata nos mire como si fu\u00e9ramos unos cazurros sin glamour alguno, elegimos como reo que espera el indulto entre \u201cpollo o pasta\u201d y levantamos con resignaci\u00f3n la cubierta de ardiente papel de aluminio que alberga un trozo de pechuga ultra congelada pasada por la turbina del avi\u00f3n o unos macarrones correosos con fecha de caducidad de unas cuatro semanas y media. Le hacemos la ola al quesito y a la porci\u00f3n de mantequilla que maridan con el bollito de miga seca, a la vez que intentamos trinchar con el tenedor de pl\u00e1stico el trozo de pepino, la aceituna y los dos tomatitos con textura de pl\u00e1stico que conforman la hipominiensalada del d\u00eda. De postre, yogur. O en el peor de los casos un trozo de algo que recuerda vagamente al un bizcochito industrial color cacao. Para beber, medio vaso de pl\u00e1stico de l\u00edquido vertido desde una botella de litro y medio. Y no pidas m\u00e1s que te ponen mala cara.<\/p>\n<p><a href=\"https:\/\/static-blogs.diariovasco.com\/wp-content\/uploads\/sites\/19\/2025\/02\/28493042707_810e7ca109_b.jpg\"><img loading=\"lazy\" class=\"alignright size-medium wp-image-10836\" src=\"https:\/\/static-blogs.diariovasco.com\/wp-content\/uploads\/sites\/19\/2025\/02\/28493042707_810e7ca109_b-300x225.jpg\" alt=\"\" width=\"300\" height=\"225\" srcset=\"https:\/\/static-blogs.diariovasco.com\/wp-content\/uploads\/sites\/19\/2025\/02\/28493042707_810e7ca109_b-300x225.jpg 300w, https:\/\/static-blogs.diariovasco.com\/wp-content\/uploads\/sites\/19\/2025\/02\/28493042707_810e7ca109_b-768x576.jpg 768w, https:\/\/static-blogs.diariovasco.com\/wp-content\/uploads\/sites\/19\/2025\/02\/28493042707_810e7ca109_b.jpg 1024w\" sizes=\"(max-width: 300px) 100vw, 300px\" \/><\/a>Esta agon\u00eda que acabo de describir tiene su \u201ctempo\u201d s\u00e1dico seg\u00fan los protocolos horarios que todas las compa\u00f1\u00edas a\u00e9reas siguen a rajatabla para los viajes de m\u00e1s de ocho horas de duraci\u00f3n. Es decir: que si el avi\u00f3n despega a las doce de la noche, y el pasaje est\u00e1 ya arrullado por el bramido de los reactores en una semi oscuridad de \u00fatero materno, a las dos menos cuarto de la madrugada se encienden las luces de la discoteca gastron\u00f3mica y las camareras somnolientas empujan un carrito met\u00e1lico humeante para darte el rancho nocturno como si estuvieran salv\u00e1ndole la vida en el desierto al viajero con el norte perdido y la boca llena de arena.<\/p>\n<p>Podr\u00eda soportarse tama\u00f1o dislate si no fuera porque al cabo de tres horas exactas, vuelven a repetir el tercer grado pseudo alimenticio poni\u00e9ndote delante unos huevos revueltos hechos con polvo amarillo comestible, una pasta industrial rebozada en az\u00facar pringoso y otra media tacita de t\u00e9 o caf\u00e9.<\/p>\n<p><a href=\"https:\/\/static-blogs.diariovasco.com\/wp-content\/uploads\/sites\/19\/2025\/01\/A-partir-de-los-50-2.jpg\"><img loading=\"lazy\" class=\"alignleft size-medium wp-image-10796\" src=\"https:\/\/static-blogs.diariovasco.com\/wp-content\/uploads\/sites\/19\/2025\/01\/A-partir-de-los-50-2-300x300.jpg\" alt=\"\" width=\"300\" height=\"300\" srcset=\"https:\/\/static-blogs.diariovasco.com\/wp-content\/uploads\/sites\/19\/2025\/01\/A-partir-de-los-50-2-300x300.jpg 300w, https:\/\/static-blogs.diariovasco.com\/wp-content\/uploads\/sites\/19\/2025\/01\/A-partir-de-los-50-2-150x150.jpg 150w, https:\/\/static-blogs.diariovasco.com\/wp-content\/uploads\/sites\/19\/2025\/01\/A-partir-de-los-50-2.jpg 524w\" sizes=\"(max-width: 300px) 100vw, 300px\" \/><\/a>Obviamente, ya ni duermes ni descansas porque el est\u00f3mago est\u00e1 trabajando a marchas forzadas para digerir tama\u00f1o sinsentido y cuando empiezas a dar cabezadas de nuevo hay que prepararse para el aterrizaje que entre pitos y flautas demora una hora m\u00e1s hasta que todos nos ponemos de pie a la vez en el estrecho pasillo del avi\u00f3n como si nos fuera la vida en ello; igual es que sentimos que haciendo cola de pie el reloj pasa m\u00e1s r\u00e1pido.<\/p>\n<p>Lo dicho: el viaje puede ser una experiencia nefasta \u2013excepto si tienes millas a\u00e9reas para volar en clase superior o alguien paga el triplicado precio del billete de clase turista.<\/p>\n<p>Hay viajes que son un asco, que no aportan nada bueno m\u00e1s que cansancio, cabreo y\/o malestar porque tambi\u00e9n puede ocurrir la fatalidad que tu asiento est\u00e9 junto a los lavabos y tengas que aguantar \u2013es horrible, doy fe- el ruido del \u201cflush\u201d de la cisterna que parece la explosi\u00f3n de una granada de mano o que tu compa\u00f1ero o compa\u00f1era de asiento \u201cdesborde\u201d su humanidad hacia tu persona y te aprisione \u2013todav\u00eda m\u00e1s- en el sucinto espacio que has pagado a precio de dobl\u00f3n para irte a la otra parte del mundo en busca de la felicidad o de cualquier otra expectativa.<\/p>\n<p>Lo dicho: d\u00e9jale a Ulises\/Odiseo que siga contando su viaje hacia \u00cdtaca\u2026<\/p>\n<p>Felices los felices.<\/p>\n<p>LaAlquimista<\/p>\n<p>Te invito a visitar mi p\u00e1gina en Facebook.<\/p>\n<p><a href=\"https:\/\/www.facebook.com\/apartirdelos50\/\" rel=\"external nofollow\">https:\/\/www.facebook.com\/apartirdelos50\/<\/a><\/p>\n<p><em>Por si alguien desea contactar:<\/em><\/p>\n<p><a href=\"mailto:apartirdeloscincuenta@gmail.com\">apartirdeloscincuenta@gmail.com<\/a><\/p>\n<p>&nbsp;<\/p>\n<p>&nbsp;<\/p>\n<!-- AddThis Advanced Settings generic via filter on the_content --><!-- AddThis Share Buttons generic via filter on the_content -->","protected":false},"excerpt":{"rendered":"<p>Ya s\u00e9 que est\u00e1 acendrada en la mente social que lo que importa no es el destino final sino el viaje, que la verdadera riqueza de la vida es la experiencia de sentir intensamente cada paso que damos sin importar demasiado la cumbre que se pretende alcanzar. Todo eso me lo s\u00e9 de memoria pero [&hellip;]<!-- AddThis Advanced Settings generic via filter on get_the_excerpt --><!-- AddThis Share Buttons generic via filter on get_the_excerpt --><\/p>\n","protected":false},"author":34,"featured_media":0,"comment_status":"open","ping_status":"closed","sticky":false,"template":"","format":"standard","meta":[],"categories":[2],"tags":[],"_links":{"self":[{"href":"https:\/\/blogs.diariovasco.com\/apartirdelos50\/wp-json\/wp\/v2\/posts\/10831"}],"collection":[{"href":"https:\/\/blogs.diariovasco.com\/apartirdelos50\/wp-json\/wp\/v2\/posts"}],"about":[{"href":"https:\/\/blogs.diariovasco.com\/apartirdelos50\/wp-json\/wp\/v2\/types\/post"}],"author":[{"embeddable":true,"href":"https:\/\/blogs.diariovasco.com\/apartirdelos50\/wp-json\/wp\/v2\/users\/34"}],"replies":[{"embeddable":true,"href":"https:\/\/blogs.diariovasco.com\/apartirdelos50\/wp-json\/wp\/v2\/comments?post=10831"}],"version-history":[{"count":4,"href":"https:\/\/blogs.diariovasco.com\/apartirdelos50\/wp-json\/wp\/v2\/posts\/10831\/revisions"}],"predecessor-version":[{"id":10838,"href":"https:\/\/blogs.diariovasco.com\/apartirdelos50\/wp-json\/wp\/v2\/posts\/10831\/revisions\/10838"}],"wp:attachment":[{"href":"https:\/\/blogs.diariovasco.com\/apartirdelos50\/wp-json\/wp\/v2\/media?parent=10831"}],"wp:term":[{"taxonomy":"category","embeddable":true,"href":"https:\/\/blogs.diariovasco.com\/apartirdelos50\/wp-json\/wp\/v2\/categories?post=10831"},{"taxonomy":"post_tag","embeddable":true,"href":"https:\/\/blogs.diariovasco.com\/apartirdelos50\/wp-json\/wp\/v2\/tags?post=10831"}],"curies":[{"name":"wp","href":"https:\/\/api.w.org\/{rel}","templated":true}]}}