{"id":10839,"date":"2025-02-13T06:04:27","date_gmt":"2025-02-13T05:04:27","guid":{"rendered":"https:\/\/blogs.diariovasco.com\/apartirdelos50\/?p=10839"},"modified":"2025-02-12T16:49:02","modified_gmt":"2025-02-12T15:49:02","slug":"paseo-al-calor-del-atardecer","status":"publish","type":"post","link":"https:\/\/blogs.diariovasco.com\/apartirdelos50\/2025\/02\/13\/paseo-al-calor-del-atardecer\/","title":{"rendered":"Paseo al calor del anochecer"},"content":{"rendered":"<p><a href=\"https:\/\/static-blogs.diariovasco.com\/wp-content\/uploads\/sites\/19\/2025\/02\/Merida-Montejo-2025.jpg\"><img loading=\"lazy\" class=\"aligncenter size-full wp-image-10841\" src=\"https:\/\/static-blogs.diariovasco.com\/wp-content\/uploads\/sites\/19\/2025\/02\/Merida-Montejo-2025.jpg\" alt=\"\" width=\"720\" height=\"960\" srcset=\"https:\/\/static-blogs.diariovasco.com\/wp-content\/uploads\/sites\/19\/2025\/02\/Merida-Montejo-2025.jpg 720w, https:\/\/static-blogs.diariovasco.com\/wp-content\/uploads\/sites\/19\/2025\/02\/Merida-Montejo-2025-225x300.jpg 225w\" sizes=\"(max-width: 720px) 100vw, 720px\" \/><\/a><\/p>\n<p>M\u00e9rida \u2013capital de Yucat\u00e1n- es el equivalente a la \u00c9cija espa\u00f1ola; es decir, la sart\u00e9n donde se cuecen las quesadillas y las personas. Estamos a once de febrero, pleno invierno en el hemisferio norte, pero la proximidad del Tr\u00f3pico de C\u00e1ncer regala a esta pen\u00ednsula una temperatura relativamente amable en invierno e infernal el resto del a\u00f1o. <a href=\"https:\/\/static-blogs.diariovasco.com\/wp-content\/uploads\/sites\/19\/2025\/02\/Merida-Montejo-2-2025.jpg\"><img loading=\"lazy\" class=\"alignleft size-medium wp-image-10846\" src=\"https:\/\/static-blogs.diariovasco.com\/wp-content\/uploads\/sites\/19\/2025\/02\/Merida-Montejo-2-2025-300x225.jpg\" alt=\"\" width=\"300\" height=\"225\" srcset=\"https:\/\/static-blogs.diariovasco.com\/wp-content\/uploads\/sites\/19\/2025\/02\/Merida-Montejo-2-2025-300x225.jpg 300w, https:\/\/static-blogs.diariovasco.com\/wp-content\/uploads\/sites\/19\/2025\/02\/Merida-Montejo-2-2025-768x576.jpg 768w, https:\/\/static-blogs.diariovasco.com\/wp-content\/uploads\/sites\/19\/2025\/02\/Merida-Montejo-2-2025.jpg 960w\" sizes=\"(max-width: 300px) 100vw, 300px\" \/><\/a><\/p>\n<p>&nbsp;<\/p>\n<p>Hay que vivir aqu\u00ed para entenderlo, el calor, la humedad, los mares circundantes, convierten esta tierra en un \u201cmicroclima\u201d muy particular.\u00a0 Como soy de lluvia y fresco me cuesta much\u00edsimo entrar en el avi\u00f3n con el plum\u00edfero puesto y pasar el control de polic\u00eda al bajar en camiseta de tirantes.<\/p>\n<p>&nbsp;<\/p>\n<p>&nbsp;<\/p>\n<p><a href=\"https:\/\/static-blogs.diariovasco.com\/wp-content\/uploads\/sites\/19\/2025\/02\/Merida-tianuis-2025.jpg\"><img loading=\"lazy\" class=\"alignleft size-medium wp-image-10843\" src=\"https:\/\/static-blogs.diariovasco.com\/wp-content\/uploads\/sites\/19\/2025\/02\/Merida-tianuis-2025-225x300.jpg\" alt=\"\" width=\"225\" height=\"300\" srcset=\"https:\/\/static-blogs.diariovasco.com\/wp-content\/uploads\/sites\/19\/2025\/02\/Merida-tianuis-2025-225x300.jpg 225w, https:\/\/static-blogs.diariovasco.com\/wp-content\/uploads\/sites\/19\/2025\/02\/Merida-tianuis-2025.jpg 720w\" sizes=\"(max-width: 225px) 100vw, 225px\" \/><\/a>Todo esto para explicar que las caminatas cotidianas o son a las seis de la ma\u00f1ana \u2013de noche- o a las seis de la tarde- de noche otra vez.<\/p>\n<p>Esas doce horas van a ser lo que t\u00fa quieras: un espacio congelado bajo el aire acondicionado o una \u201csudadera\u201d at\u00f3mica a pleno sol con mucha crema antisolar, sombrero protector y paraguas\/sombrilla para que no se te derritan las meninges. Literal.<\/p>\n<p><a href=\"https:\/\/static-blogs.diariovasco.com\/wp-content\/uploads\/sites\/19\/2025\/02\/Merida-marquesitas-2025.jpg\"><img loading=\"lazy\" class=\"alignleft size-medium wp-image-10848\" src=\"https:\/\/static-blogs.diariovasco.com\/wp-content\/uploads\/sites\/19\/2025\/02\/Merida-marquesitas-2025-194x300.jpg\" alt=\"\" width=\"194\" height=\"300\" srcset=\"https:\/\/static-blogs.diariovasco.com\/wp-content\/uploads\/sites\/19\/2025\/02\/Merida-marquesitas-2025-194x300.jpg 194w, https:\/\/static-blogs.diariovasco.com\/wp-content\/uploads\/sites\/19\/2025\/02\/Merida-marquesitas-2025.jpg 622w\" sizes=\"(max-width: 194px) 100vw, 194px\" \/><\/a><\/p>\n<p><a href=\"https:\/\/static-blogs.diariovasco.com\/wp-content\/uploads\/sites\/19\/2025\/02\/Merida-calesa-2025.jpg\"><img loading=\"lazy\" class=\"alignright size-medium wp-image-10844\" src=\"https:\/\/static-blogs.diariovasco.com\/wp-content\/uploads\/sites\/19\/2025\/02\/Merida-calesa-2025-300x225.jpg\" alt=\"\" width=\"300\" height=\"225\" srcset=\"https:\/\/static-blogs.diariovasco.com\/wp-content\/uploads\/sites\/19\/2025\/02\/Merida-calesa-2025-300x225.jpg 300w, https:\/\/static-blogs.diariovasco.com\/wp-content\/uploads\/sites\/19\/2025\/02\/Merida-calesa-2025-768x576.jpg 768w, https:\/\/static-blogs.diariovasco.com\/wp-content\/uploads\/sites\/19\/2025\/02\/Merida-calesa-2025.jpg 960w\" sizes=\"(max-width: 300px) 100vw, 300px\" \/><\/a>Las gentes salen a trabajar porque no les queda otro remedio y supongo que se r\u00eden de los \u201cgringos o gallegos\u201d que se achicharran en el piso de arriba del bus tur\u00edstico, pero como yo he venido a lo que he venido me quedo a la fresca de los \u00e1rboles del patio\/jard\u00edn hasta el mediod\u00eda, hora mortal en la que ya solo puedes sobrevivir a la fresca de ventiladores o artilugios el\u00e9ctricos.<\/p>\n<p><a href=\"https:\/\/static-blogs.diariovasco.com\/wp-content\/uploads\/sites\/19\/2025\/02\/Merida-asientos-2025.jpg\"><img loading=\"lazy\" class=\"alignleft size-medium wp-image-10845\" src=\"https:\/\/static-blogs.diariovasco.com\/wp-content\/uploads\/sites\/19\/2025\/02\/Merida-asientos-2025-225x300.jpg\" alt=\"\" width=\"225\" height=\"300\" srcset=\"https:\/\/static-blogs.diariovasco.com\/wp-content\/uploads\/sites\/19\/2025\/02\/Merida-asientos-2025-225x300.jpg 225w, https:\/\/static-blogs.diariovasco.com\/wp-content\/uploads\/sites\/19\/2025\/02\/Merida-asientos-2025.jpg 720w\" sizes=\"(max-width: 225px) 100vw, 225px\" \/><\/a> Al atardecer, superados los 35\u00ba y con m\u00e1s pena que gloria, me lanzo a pasear como Dios me da a entender: sorteando coches que van como locos, jug\u00e1ndome la jubilaci\u00f3n en los pasos de cebra \u2013que est\u00e1n de adorno- y mirando d\u00f3nde pongo las zapatillas de caminar no me vaya a hacer un esguince por ir a pie como un bicho raro por las calles por las que lo normal es ir en coche. Aqu\u00ed no se sale a pasear ni a \u201cdar una vuelta\u201d, pero la cabra tira al monte y mis diez mil pasos diarios son sagrados.<\/p>\n<p><a href=\"https:\/\/static-blogs.diariovasco.com\/wp-content\/uploads\/sites\/19\/2025\/02\/Cecilia-Merida-2025.jpg\"><img loading=\"lazy\" class=\"alignleft size-medium wp-image-10849\" src=\"https:\/\/static-blogs.diariovasco.com\/wp-content\/uploads\/sites\/19\/2025\/02\/Cecilia-Merida-2025-211x300.jpg\" alt=\"\" width=\"211\" height=\"300\" srcset=\"https:\/\/static-blogs.diariovasco.com\/wp-content\/uploads\/sites\/19\/2025\/02\/Cecilia-Merida-2025-211x300.jpg 211w, https:\/\/static-blogs.diariovasco.com\/wp-content\/uploads\/sites\/19\/2025\/02\/Cecilia-Merida-2025.jpg 674w\" sizes=\"(max-width: 211px) 100vw, 211px\" \/><\/a>Que pase lo que tenga que pasar. El premio es salir a cenar a cualquiera de los muchos lugares preciosos ubicados entre palmeras, vegetaci\u00f3n exuberante y mosquitos gordos y bien cebados. Menos mal que hay cerveza fresca y mezcal vigorizante\u2026<\/p>\n<p>Felices los felices.<\/p>\n<p>Te invito a visitar mi p\u00e1gina en Facebook.<\/p>\n<p><a href=\"https:\/\/www.facebook.com\/apartirdelos50\/\" rel=\"external nofollow\">https:\/\/www.facebook.com\/apartirdelos50\/<\/a><\/p>\n<p><em>Por si alguien desea contactar:<\/em><\/p>\n<p><a href=\"mailto:apartirdeloscincuenta@gmail.com\">apartirdeloscincuenta@gmail.com<\/a><\/p>\n<p>&nbsp;<\/p>\n<!-- AddThis Advanced Settings generic via filter on the_content --><!-- AddThis Share Buttons generic via filter on the_content -->","protected":false},"excerpt":{"rendered":"<p>M\u00e9rida \u2013capital de Yucat\u00e1n- es el equivalente a la \u00c9cija espa\u00f1ola; es decir, la sart\u00e9n donde se cuecen las quesadillas y las personas. Estamos a once de febrero, pleno invierno en el hemisferio norte, pero la proximidad del Tr\u00f3pico de C\u00e1ncer regala a esta pen\u00ednsula una temperatura relativamente amable en invierno e infernal el resto [&hellip;]<!-- AddThis Advanced Settings generic via filter on get_the_excerpt --><!-- AddThis Share Buttons generic via filter on get_the_excerpt --><\/p>\n","protected":false},"author":34,"featured_media":0,"comment_status":"open","ping_status":"closed","sticky":false,"template":"","format":"standard","meta":[],"categories":[2],"tags":[69],"_links":{"self":[{"href":"https:\/\/blogs.diariovasco.com\/apartirdelos50\/wp-json\/wp\/v2\/posts\/10839"}],"collection":[{"href":"https:\/\/blogs.diariovasco.com\/apartirdelos50\/wp-json\/wp\/v2\/posts"}],"about":[{"href":"https:\/\/blogs.diariovasco.com\/apartirdelos50\/wp-json\/wp\/v2\/types\/post"}],"author":[{"embeddable":true,"href":"https:\/\/blogs.diariovasco.com\/apartirdelos50\/wp-json\/wp\/v2\/users\/34"}],"replies":[{"embeddable":true,"href":"https:\/\/blogs.diariovasco.com\/apartirdelos50\/wp-json\/wp\/v2\/comments?post=10839"}],"version-history":[{"count":4,"href":"https:\/\/blogs.diariovasco.com\/apartirdelos50\/wp-json\/wp\/v2\/posts\/10839\/revisions"}],"predecessor-version":[{"id":10851,"href":"https:\/\/blogs.diariovasco.com\/apartirdelos50\/wp-json\/wp\/v2\/posts\/10839\/revisions\/10851"}],"wp:attachment":[{"href":"https:\/\/blogs.diariovasco.com\/apartirdelos50\/wp-json\/wp\/v2\/media?parent=10839"}],"wp:term":[{"taxonomy":"category","embeddable":true,"href":"https:\/\/blogs.diariovasco.com\/apartirdelos50\/wp-json\/wp\/v2\/categories?post=10839"},{"taxonomy":"post_tag","embeddable":true,"href":"https:\/\/blogs.diariovasco.com\/apartirdelos50\/wp-json\/wp\/v2\/tags?post=10839"}],"curies":[{"name":"wp","href":"https:\/\/api.w.org\/{rel}","templated":true}]}}