{"id":10865,"date":"2025-02-19T02:36:33","date_gmt":"2025-02-19T01:36:33","guid":{"rendered":"https:\/\/blogs.diariovasco.com\/apartirdelos50\/?p=10865"},"modified":"2025-02-18T14:46:04","modified_gmt":"2025-02-18T13:46:04","slug":"merida-capital-de-yucatan","status":"publish","type":"post","link":"https:\/\/blogs.diariovasco.com\/apartirdelos50\/2025\/02\/19\/merida-capital-de-yucatan\/","title":{"rendered":"M\u00e9rida, capital de Yucat\u00e1n"},"content":{"rendered":"<p><a href=\"https:\/\/static-blogs.diariovasco.com\/wp-content\/uploads\/sites\/19\/2025\/02\/Merida-conejito.jpg\"><img loading=\"lazy\" class=\"aligncenter size-full wp-image-10866\" src=\"https:\/\/static-blogs.diariovasco.com\/wp-content\/uploads\/sites\/19\/2025\/02\/Merida-conejito.jpg\" alt=\"\" width=\"461\" height=\"615\" srcset=\"https:\/\/static-blogs.diariovasco.com\/wp-content\/uploads\/sites\/19\/2025\/02\/Merida-conejito.jpg 461w, https:\/\/static-blogs.diariovasco.com\/wp-content\/uploads\/sites\/19\/2025\/02\/Merida-conejito-225x300.jpg 225w\" sizes=\"(max-width: 461px) 100vw, 461px\" \/><\/a><\/p>\n<p>Ciudad tur\u00edstica, amada por norteamericanos y canadienses.\u00a0Una perla que se asfixia de calor, pero que vive tranquila, bastante lejos de la narcoviolencia que sigue asolando parte del pa\u00eds.<\/p>\n<p><a href=\"https:\/\/static-blogs.diariovasco.com\/wp-content\/uploads\/sites\/19\/2025\/02\/479720713_10161216756727877_8047854050523140764_n.jpg\"><img loading=\"lazy\" class=\"alignleft size-full wp-image-10867\" src=\"https:\/\/static-blogs.diariovasco.com\/wp-content\/uploads\/sites\/19\/2025\/02\/479720713_10161216756727877_8047854050523140764_n.jpg\" alt=\"\" width=\"903\" height=\"951\" srcset=\"https:\/\/static-blogs.diariovasco.com\/wp-content\/uploads\/sites\/19\/2025\/02\/479720713_10161216756727877_8047854050523140764_n.jpg 903w, https:\/\/static-blogs.diariovasco.com\/wp-content\/uploads\/sites\/19\/2025\/02\/479720713_10161216756727877_8047854050523140764_n-285x300.jpg 285w, https:\/\/static-blogs.diariovasco.com\/wp-content\/uploads\/sites\/19\/2025\/02\/479720713_10161216756727877_8047854050523140764_n-768x809.jpg 768w\" sizes=\"(max-width: 903px) 100vw, 903px\" \/><\/a><a href=\"https:\/\/static-blogs.diariovasco.com\/wp-content\/uploads\/sites\/19\/2025\/02\/Merida-Ayuntamiento-2025.jpg\"><img loading=\"lazy\" class=\"aligncenter size-full wp-image-10868\" src=\"https:\/\/static-blogs.diariovasco.com\/wp-content\/uploads\/sites\/19\/2025\/02\/Merida-Ayuntamiento-2025.jpg\" alt=\"\" width=\"720\" height=\"960\" srcset=\"https:\/\/static-blogs.diariovasco.com\/wp-content\/uploads\/sites\/19\/2025\/02\/Merida-Ayuntamiento-2025.jpg 720w, https:\/\/static-blogs.diariovasco.com\/wp-content\/uploads\/sites\/19\/2025\/02\/Merida-Ayuntamiento-2025-225x300.jpg 225w\" sizes=\"(max-width: 720px) 100vw, 720px\" \/><\/a>Sus iglesias y palacios son aparentes por fuera y algo cutres por dentro, la ley de la conservaci\u00f3n no siempre es seguida fielmente.\u00a0 Cada foto es una historia\u2026 que puedo contar o queda a la libre imaginaci\u00f3n del lector. <a href=\"https:\/\/static-blogs.diariovasco.com\/wp-content\/uploads\/sites\/19\/2025\/02\/476457050_10161216756502877_2951885128078131649_n.jpg\"><img loading=\"lazy\" class=\"alignright size-medium wp-image-10872\" src=\"https:\/\/static-blogs.diariovasco.com\/wp-content\/uploads\/sites\/19\/2025\/02\/476457050_10161216756502877_2951885128078131649_n-300x225.jpg\" alt=\"\" width=\"300\" height=\"225\" srcset=\"https:\/\/static-blogs.diariovasco.com\/wp-content\/uploads\/sites\/19\/2025\/02\/476457050_10161216756502877_2951885128078131649_n-300x225.jpg 300w, https:\/\/static-blogs.diariovasco.com\/wp-content\/uploads\/sites\/19\/2025\/02\/476457050_10161216756502877_2951885128078131649_n-768x576.jpg 768w, https:\/\/static-blogs.diariovasco.com\/wp-content\/uploads\/sites\/19\/2025\/02\/476457050_10161216756502877_2951885128078131649_n.jpg 960w\" sizes=\"(max-width: 300px) 100vw, 300px\" \/><\/a><\/p>\n<p><a href=\"https:\/\/static-blogs.diariovasco.com\/wp-content\/uploads\/sites\/19\/2025\/02\/480150618_10161216756212877_6672222832130621808_n.jpg\"><img loading=\"lazy\" class=\"aligncenter size-full wp-image-10869\" src=\"https:\/\/static-blogs.diariovasco.com\/wp-content\/uploads\/sites\/19\/2025\/02\/480150618_10161216756212877_6672222832130621808_n.jpg\" alt=\"\" width=\"488\" height=\"528\" srcset=\"https:\/\/static-blogs.diariovasco.com\/wp-content\/uploads\/sites\/19\/2025\/02\/480150618_10161216756212877_6672222832130621808_n.jpg 488w, https:\/\/static-blogs.diariovasco.com\/wp-content\/uploads\/sites\/19\/2025\/02\/480150618_10161216756212877_6672222832130621808_n-277x300.jpg 277w\" sizes=\"(max-width: 488px) 100vw, 488px\" \/><\/a>La Plaza Grande es el centro neur\u00e1lgico de la ciudad donde no se acercan para nada los habitantes de los barrios del Norte, esos llamados \u201cCasta Divina\u201d que manejan autom\u00f3viles de lujo y viven en su propio \u201cgueto\u201d exclusivo de villas ajardinadas y grandes centros comerciales. (Hay un \u00fanico ZARA y es considerada tienda exclusiva).<\/p>\n<p><a href=\"https:\/\/static-blogs.diariovasco.com\/wp-content\/uploads\/sites\/19\/2025\/02\/Merida-2025-Plaza.jpg\"><img loading=\"lazy\" class=\"alignleft size-medium wp-image-10870\" src=\"https:\/\/static-blogs.diariovasco.com\/wp-content\/uploads\/sites\/19\/2025\/02\/Merida-2025-Plaza-225x300.jpg\" alt=\"\" width=\"225\" height=\"300\" srcset=\"https:\/\/static-blogs.diariovasco.com\/wp-content\/uploads\/sites\/19\/2025\/02\/Merida-2025-Plaza-225x300.jpg 225w, https:\/\/static-blogs.diariovasco.com\/wp-content\/uploads\/sites\/19\/2025\/02\/Merida-2025-Plaza.jpg 684w\" sizes=\"(max-width: 225px) 100vw, 225px\" \/><\/a>Pero en la Plaza Grande y sus aleda\u00f1os es por donde discurre la savia y la vida de esta ciudad. Nada de buscar una terracita de hotel para \u201cgallegos o gringos\u201d donde tomar una cerveza o una copa de vino; mucho mejor comprar un agua de chaya o una horchata de arroz y sentarse donde ellos, en las bancas del parque, en un &#8220;t\u00fa y yo&#8221;,\u00a0 y pegar la hebra y dejar que te pregunten como gente curiosa e interesada. Me ven rubia as\u00ed que deciden que soy gringa y se asombran de lo bien que hablo el espa\u00f1ol&#8230; Y yo no rompo el encanto, porque para qu\u00e9.<\/p>\n<p>&nbsp;<\/p>\n<p><a href=\"https:\/\/static-blogs.diariovasco.com\/wp-content\/uploads\/sites\/19\/2025\/02\/Merida-letrero.jpg\"><img loading=\"lazy\" class=\"alignright size-medium wp-image-10871\" src=\"https:\/\/static-blogs.diariovasco.com\/wp-content\/uploads\/sites\/19\/2025\/02\/Merida-letrero-300x182.jpg\" alt=\"\" width=\"300\" height=\"182\" srcset=\"https:\/\/static-blogs.diariovasco.com\/wp-content\/uploads\/sites\/19\/2025\/02\/Merida-letrero-300x182.jpg 300w, https:\/\/static-blogs.diariovasco.com\/wp-content\/uploads\/sites\/19\/2025\/02\/Merida-letrero-768x466.jpg 768w, https:\/\/static-blogs.diariovasco.com\/wp-content\/uploads\/sites\/19\/2025\/02\/Merida-letrero.jpg 960w\" sizes=\"(max-width: 300px) 100vw, 300px\" \/><\/a>No saben apenas de Espa\u00f1a m\u00e1s all\u00e1 de que es algo as\u00ed como &#8220;la madre invasora y conquistadora&#8221;; nada reprochan, pero nada agradecen. Hasta la Virgen de Guadalupe dicen que es &#8220;suya&#8221;.<\/p>\n<p><a href=\"https:\/\/static-blogs.diariovasco.com\/wp-content\/uploads\/sites\/19\/2025\/02\/Merida-2025-Rest-nocturno.jpg\"><img loading=\"lazy\" class=\"alignleft size-medium wp-image-10873\" src=\"https:\/\/static-blogs.diariovasco.com\/wp-content\/uploads\/sites\/19\/2025\/02\/Merida-2025-Rest-nocturno-300x225.jpg\" alt=\"\" width=\"300\" height=\"225\" srcset=\"https:\/\/static-blogs.diariovasco.com\/wp-content\/uploads\/sites\/19\/2025\/02\/Merida-2025-Rest-nocturno-300x225.jpg 300w, https:\/\/static-blogs.diariovasco.com\/wp-content\/uploads\/sites\/19\/2025\/02\/Merida-2025-Rest-nocturno-768x576.jpg 768w, https:\/\/static-blogs.diariovasco.com\/wp-content\/uploads\/sites\/19\/2025\/02\/Merida-2025-Rest-nocturno.jpg 960w\" sizes=\"(max-width: 300px) 100vw, 300px\" \/><\/a>Me sorprende un apellido: Mayagoitia.<\/p>\n<p>Por lo dem\u00e1s, la vida sigue, todos somos iguales aqu\u00ed o all\u00e1, con miserias y fulgores. Ateridos de fr\u00edo o espeluznados por un calor que no da tregua ni de d\u00eda ni de noche. Todos tenemos los mismos problemas, id\u00e9nticos afanes, penas e ilusiones.<\/p>\n<p>Y felices los felices.<\/p>\n<p>LaAlquimista<\/p>\n<p>Te invito a visitar mi p\u00e1gina en Facebook.<\/p>\n<p><a href=\"https:\/\/www.facebook.com\/apartirdelos50\/\" rel=\"external nofollow\">https:\/\/www.facebook.com\/apartirdelos50\/<\/a><\/p>\n<p><em>Por si alguien desea contactar:<\/em><\/p>\n<p><a href=\"mailto:apartirdeloscincuenta@gmail.com\">apartirdeloscincuenta@gmail.com<\/a><\/p>\n<p><a href=\"https:\/\/www.facebook.com\/photo\/?fbid=1183820240412888&amp;set=pcb.1183821280412784&amp;__cft__%5b0%5d=AZVa07XfJE5n0EqWz3mK_RSlp1z0MGFN_2YzYIN0JPvsG_RzRbZGWdyG9Jnb19EnHy5PKWf0hEwyj-sTYszMzja5GkH4EbNPN_-8369GmHOF7fQcIC_gA5kFpcuMBZ52AzS3vrcx-g2a4zo5rZ4aLn0_ZUsLbfZbapqMh7NsyWzoZQ&amp;__tn__=*bH-R\" rel=\"external nofollow\">\u00a0<\/a><\/p>\n<p>&nbsp;<\/p>\n<p><a href=\"https:\/\/www.facebook.com\/photo\/?fbid=1183820267079552&amp;set=pcb.1183821280412784&amp;__cft__%5b0%5d=AZVa07XfJE5n0EqWz3mK_RSlp1z0MGFN_2YzYIN0JPvsG_RzRbZGWdyG9Jnb19EnHy5PKWf0hEwyj-sTYszMzja5GkH4EbNPN_-8369GmHOF7fQcIC_gA5kFpcuMBZ52AzS3vrcx-g2a4zo5rZ4aLn0_ZUsLbfZbapqMh7NsyWzoZQ&amp;__tn__=*bH-R\" rel=\"external nofollow\">\u00a0<\/a><\/p>\n<p>&nbsp;<\/p>\n<p><a href=\"https:\/\/www.facebook.com\/photo\/?fbid=1183820630412849&amp;set=pcb.1183821280412784&amp;__cft__%5b0%5d=AZVa07XfJE5n0EqWz3mK_RSlp1z0MGFN_2YzYIN0JPvsG_RzRbZGWdyG9Jnb19EnHy5PKWf0hEwyj-sTYszMzja5GkH4EbNPN_-8369GmHOF7fQcIC_gA5kFpcuMBZ52AzS3vrcx-g2a4zo5rZ4aLn0_ZUsLbfZbapqMh7NsyWzoZQ&amp;__tn__=*bH-R\" rel=\"external nofollow\">\u00a0<\/a><\/p>\n<p>&nbsp;<\/p>\n<p>&nbsp;<\/p>\n<p>&nbsp;<\/p>\n<p>&nbsp;<\/p>\n<p>&nbsp;<\/p>\n<!-- AddThis Advanced Settings generic via filter on the_content --><!-- AddThis Share Buttons generic via filter on the_content -->","protected":false},"excerpt":{"rendered":"<p>Ciudad tur\u00edstica, amada por norteamericanos y canadienses.\u00a0Una perla que se asfixia de calor, pero que vive tranquila, bastante lejos de la narcoviolencia que sigue asolando parte del pa\u00eds. Sus iglesias y palacios son aparentes por fuera y algo cutres por dentro, la ley de la conservaci\u00f3n no siempre es seguida fielmente.\u00a0 Cada foto es una [&hellip;]<!-- AddThis Advanced Settings generic via filter on get_the_excerpt --><!-- AddThis Share Buttons generic via filter on get_the_excerpt --><\/p>\n","protected":false},"author":34,"featured_media":0,"comment_status":"open","ping_status":"closed","sticky":false,"template":"","format":"standard","meta":[],"categories":[1],"tags":[],"_links":{"self":[{"href":"https:\/\/blogs.diariovasco.com\/apartirdelos50\/wp-json\/wp\/v2\/posts\/10865"}],"collection":[{"href":"https:\/\/blogs.diariovasco.com\/apartirdelos50\/wp-json\/wp\/v2\/posts"}],"about":[{"href":"https:\/\/blogs.diariovasco.com\/apartirdelos50\/wp-json\/wp\/v2\/types\/post"}],"author":[{"embeddable":true,"href":"https:\/\/blogs.diariovasco.com\/apartirdelos50\/wp-json\/wp\/v2\/users\/34"}],"replies":[{"embeddable":true,"href":"https:\/\/blogs.diariovasco.com\/apartirdelos50\/wp-json\/wp\/v2\/comments?post=10865"}],"version-history":[{"count":1,"href":"https:\/\/blogs.diariovasco.com\/apartirdelos50\/wp-json\/wp\/v2\/posts\/10865\/revisions"}],"predecessor-version":[{"id":10874,"href":"https:\/\/blogs.diariovasco.com\/apartirdelos50\/wp-json\/wp\/v2\/posts\/10865\/revisions\/10874"}],"wp:attachment":[{"href":"https:\/\/blogs.diariovasco.com\/apartirdelos50\/wp-json\/wp\/v2\/media?parent=10865"}],"wp:term":[{"taxonomy":"category","embeddable":true,"href":"https:\/\/blogs.diariovasco.com\/apartirdelos50\/wp-json\/wp\/v2\/categories?post=10865"},{"taxonomy":"post_tag","embeddable":true,"href":"https:\/\/blogs.diariovasco.com\/apartirdelos50\/wp-json\/wp\/v2\/tags?post=10865"}],"curies":[{"name":"wp","href":"https:\/\/api.w.org\/{rel}","templated":true}]}}