{"id":10875,"date":"2025-02-21T00:28:28","date_gmt":"2025-02-20T23:28:28","guid":{"rendered":"https:\/\/blogs.diariovasco.com\/apartirdelos50\/?p=10875"},"modified":"2025-02-20T15:25:00","modified_gmt":"2025-02-20T14:25:00","slug":"apatrullando-la-ciudad-incluso-en-yucatan","status":"publish","type":"post","link":"https:\/\/blogs.diariovasco.com\/apartirdelos50\/2025\/02\/21\/apatrullando-la-ciudad-incluso-en-yucatan\/","title":{"rendered":"&#8220;Apatrullando la ciudad&#8221; incluso en Yucat\u00e1n"},"content":{"rendered":"<p><a href=\"https:\/\/static-blogs.diariovasco.com\/wp-content\/uploads\/sites\/19\/2025\/02\/Merida-sombreros.jpg\"><img loading=\"lazy\" class=\"aligncenter size-large wp-image-10877\" src=\"https:\/\/static-blogs.diariovasco.com\/wp-content\/uploads\/sites\/19\/2025\/02\/Merida-sombreros-768x1024.jpg\" alt=\"\" width=\"768\" height=\"1024\" srcset=\"https:\/\/static-blogs.diariovasco.com\/wp-content\/uploads\/sites\/19\/2025\/02\/Merida-sombreros-768x1024.jpg 768w, https:\/\/static-blogs.diariovasco.com\/wp-content\/uploads\/sites\/19\/2025\/02\/Merida-sombreros-225x300.jpg 225w, https:\/\/static-blogs.diariovasco.com\/wp-content\/uploads\/sites\/19\/2025\/02\/Merida-sombreros-1152x1536.jpg 1152w, https:\/\/static-blogs.diariovasco.com\/wp-content\/uploads\/sites\/19\/2025\/02\/Merida-sombreros.jpg 1440w\" sizes=\"(max-width: 768px) 100vw, 768px\" \/><\/a><\/p>\n<p>De las ciudades dame sus mercados y sus cementerios, y si tengo que elegir prefiero el traj\u00edn de los vivos al reposo de los muertos, m\u00e1s que nada porque los camposantos suelen estar en las afueras y los mercados en el mism\u00edsimo cogollo citadino. <a href=\"https:\/\/static-blogs.diariovasco.com\/wp-content\/uploads\/sites\/19\/2025\/02\/Merida-Cecilia-y-sombrerero.jpg\"><img loading=\"lazy\" class=\"alignright size-medium wp-image-10879\" src=\"https:\/\/static-blogs.diariovasco.com\/wp-content\/uploads\/sites\/19\/2025\/02\/Merida-Cecilia-y-sombrerero-300x225.jpg\" alt=\"\" width=\"300\" height=\"225\" srcset=\"https:\/\/static-blogs.diariovasco.com\/wp-content\/uploads\/sites\/19\/2025\/02\/Merida-Cecilia-y-sombrerero-300x225.jpg 300w, https:\/\/static-blogs.diariovasco.com\/wp-content\/uploads\/sites\/19\/2025\/02\/Merida-Cecilia-y-sombrerero-1024x768.jpg 1024w, https:\/\/static-blogs.diariovasco.com\/wp-content\/uploads\/sites\/19\/2025\/02\/Merida-Cecilia-y-sombrerero-768x576.jpg 768w, https:\/\/static-blogs.diariovasco.com\/wp-content\/uploads\/sites\/19\/2025\/02\/Merida-Cecilia-y-sombrerero-1536x1152.jpg 1536w, https:\/\/static-blogs.diariovasco.com\/wp-content\/uploads\/sites\/19\/2025\/02\/Merida-Cecilia-y-sombrerero.jpg 1920w\" sizes=\"(max-width: 300px) 100vw, 300px\" \/><\/a><\/p>\n<p>El mercado \u201cLucas de G\u00e1lvez\u201d est\u00e1 en pleno centro de M\u00e9rida -capital de la pen\u00ednsula de Yucat\u00e1n, en el golfo de M\u00e9xico, se ponga como se ponga el Trump- a cuatro cuadras de la Plaza Grande, junto a las paradas de \u201ccamiones\u201d \u2013autobuses- que acercan cada d\u00eda a miles de yucatecos a sus puestos de trabajo desde sus colonias \u2013barrios- lejanos; no es inusual que se tiren horas yendo y viniendo para alcanzar su af\u00e1n, vender su mercanc\u00eda o ganar un salario semanal m\u00e1s que ajustado. <a href=\"https:\/\/static-blogs.diariovasco.com\/wp-content\/uploads\/sites\/19\/2025\/02\/Merida-mercado-2.jpg\"><img loading=\"lazy\" class=\"alignleft size-medium wp-image-10880\" src=\"https:\/\/static-blogs.diariovasco.com\/wp-content\/uploads\/sites\/19\/2025\/02\/Merida-mercado-2-225x300.jpg\" alt=\"\" width=\"225\" height=\"300\" srcset=\"https:\/\/static-blogs.diariovasco.com\/wp-content\/uploads\/sites\/19\/2025\/02\/Merida-mercado-2-225x300.jpg 225w, https:\/\/static-blogs.diariovasco.com\/wp-content\/uploads\/sites\/19\/2025\/02\/Merida-mercado-2-768x1024.jpg 768w, https:\/\/static-blogs.diariovasco.com\/wp-content\/uploads\/sites\/19\/2025\/02\/Merida-mercado-2-1152x1536.jpg 1152w, https:\/\/static-blogs.diariovasco.com\/wp-content\/uploads\/sites\/19\/2025\/02\/Merida-mercado-2.jpg 1440w\" sizes=\"(max-width: 225px) 100vw, 225px\" \/><\/a><\/p>\n<p>Paseo por las calles abarrotadas y me pierdo \u2013es mi sino-, busco la sombra y hago fotos. A veces pego la hebra, pero no todos est\u00e1n por la labor de perder su tiempo con una \u201cgringa\u201d por muchas sonrisas que ofrezca. Porque aqu\u00ed no soy espa\u00f1ola ni extranjera: simplemente una \u201cgringa\u201d por el color de mi piel y la altura de mis piernas; no son las mejores credenciales, las cosas como son, pero ya conozco el percal. Si me pueden vender algo, un abanico, un huipil industrial o una artesan\u00eda de alg\u00fan pa\u00eds asi\u00e1tico, se acercan a m\u00ed en un ingl\u00e9s con acento maya que me espeluzna, pero que a la vez me hace sonreir. <a href=\"https:\/\/static-blogs.diariovasco.com\/wp-content\/uploads\/sites\/19\/2025\/02\/Merida-vendedora.jpg\"><img loading=\"lazy\" class=\"alignright size-medium wp-image-10881\" src=\"https:\/\/static-blogs.diariovasco.com\/wp-content\/uploads\/sites\/19\/2025\/02\/Merida-vendedora-197x300.jpg\" alt=\"\" width=\"197\" height=\"300\" srcset=\"https:\/\/static-blogs.diariovasco.com\/wp-content\/uploads\/sites\/19\/2025\/02\/Merida-vendedora-197x300.jpg 197w, https:\/\/static-blogs.diariovasco.com\/wp-content\/uploads\/sites\/19\/2025\/02\/Merida-vendedora.jpg 631w\" sizes=\"(max-width: 197px) 100vw, 197px\" \/><\/a><\/p>\n<p>Me tomo una horchata de arroz en un banco a la poca sombra de los pocos \u00e1rboles que ha amnistiado el consistorio, lo m\u00e1s cerca posible de las paradas del wifi \u201cM\u00e9rida Digital\u201d, -aqu\u00ed le dicen \u201cGuaiFai\u201d, en ingl\u00e9s- compro algo de fruta \u2013sin pelar-, miro bien d\u00f3nde pongo los pies para no resbalar y partirme la crisma y procuro no retar a nadie con mirada descarada. <a href=\"https:\/\/static-blogs.diariovasco.com\/wp-content\/uploads\/sites\/19\/2025\/02\/Merida-Turibus-2025.jpg\"><img loading=\"lazy\" class=\"alignleft size-medium wp-image-10882\" src=\"https:\/\/static-blogs.diariovasco.com\/wp-content\/uploads\/sites\/19\/2025\/02\/Merida-Turibus-2025-277x300.jpg\" alt=\"\" width=\"277\" height=\"300\" srcset=\"https:\/\/static-blogs.diariovasco.com\/wp-content\/uploads\/sites\/19\/2025\/02\/Merida-Turibus-2025-277x300.jpg 277w, https:\/\/static-blogs.diariovasco.com\/wp-content\/uploads\/sites\/19\/2025\/02\/Merida-Turibus-2025.jpg 488w\" sizes=\"(max-width: 277px) 100vw, 277px\" \/><\/a><\/p>\n<p>Paseo sola, me muevo sola, me las apa\u00f1o bien sola. A la fuerza ahorcan y el que no aprende es porque es muy obtuso.<\/p>\n<p><a href=\"https:\/\/static-blogs.diariovasco.com\/wp-content\/uploads\/sites\/19\/2025\/02\/Merida-tortillas.jpg\"><img loading=\"lazy\" class=\"alignright size-medium wp-image-10884\" src=\"https:\/\/static-blogs.diariovasco.com\/wp-content\/uploads\/sites\/19\/2025\/02\/Merida-tortillas-225x300.jpg\" alt=\"\" width=\"225\" height=\"300\" srcset=\"https:\/\/static-blogs.diariovasco.com\/wp-content\/uploads\/sites\/19\/2025\/02\/Merida-tortillas-225x300.jpg 225w, https:\/\/static-blogs.diariovasco.com\/wp-content\/uploads\/sites\/19\/2025\/02\/Merida-tortillas.jpg 526w\" sizes=\"(max-width: 225px) 100vw, 225px\" \/><\/a>Luego vuelvo a casa en un veh\u00edculo \u201cVTC\u201d y ordeno fotos y pensamientos, rebusco entre reflexiones y conclusiones y acabo comprendiendo que todos somos iguales. Pero algunos m\u00e1s iguales que otros, como siempre ocurre. Otros d\u00edas vamos al centro comercial lleno de buenos autos su aparcamiento, con masas ingentes comprando productos estadounidenses en cantidades industriales; otro ambiente, sin luz ni color ni n\u00e1 de n\u00e1.<\/p>\n<p><a href=\"https:\/\/static-blogs.diariovasco.com\/wp-content\/uploads\/sites\/19\/2025\/02\/Merida-vigilante.jpg\"><img loading=\"lazy\" class=\"alignleft size-medium wp-image-10885\" src=\"https:\/\/static-blogs.diariovasco.com\/wp-content\/uploads\/sites\/19\/2025\/02\/Merida-vigilante-183x300.jpg\" alt=\"\" width=\"183\" height=\"300\" srcset=\"https:\/\/static-blogs.diariovasco.com\/wp-content\/uploads\/sites\/19\/2025\/02\/Merida-vigilante-183x300.jpg 183w, https:\/\/static-blogs.diariovasco.com\/wp-content\/uploads\/sites\/19\/2025\/02\/Merida-vigilante.jpg 585w\" sizes=\"(max-width: 183px) 100vw, 183px\" \/><\/a> Dos mundos que conviven si rozarse, como las l\u00edneas paralelas de los trenes que llegan todas a la misma estaci\u00f3n sin importar que uno sea un mercanc\u00edas lento y el otro de alta velocidad\u2026<\/p>\n<p>Felices los felices. <a href=\"https:\/\/static-blogs.diariovasco.com\/wp-content\/uploads\/sites\/19\/2025\/02\/Merida-caballo.jpg\"><img loading=\"lazy\" class=\"alignright size-medium wp-image-10886\" src=\"https:\/\/static-blogs.diariovasco.com\/wp-content\/uploads\/sites\/19\/2025\/02\/Merida-caballo-300x225.jpg\" alt=\"\" width=\"300\" height=\"225\" srcset=\"https:\/\/static-blogs.diariovasco.com\/wp-content\/uploads\/sites\/19\/2025\/02\/Merida-caballo-300x225.jpg 300w, https:\/\/static-blogs.diariovasco.com\/wp-content\/uploads\/sites\/19\/2025\/02\/Merida-caballo-768x576.jpg 768w, https:\/\/static-blogs.diariovasco.com\/wp-content\/uploads\/sites\/19\/2025\/02\/Merida-caballo.jpg 960w\" sizes=\"(max-width: 300px) 100vw, 300px\" \/><\/a><\/p>\n<p>LaAlquimista<\/p>\n<p>Te invito a visitar mi p\u00e1gina en Facebook.<\/p>\n<p><a href=\"https:\/\/www.facebook.com\/apartirdelos50\/\" rel=\"external nofollow\">https:\/\/www.facebook.com\/apartirdelos50\/<\/a><\/p>\n<p><em>Por si alguien desea contactar:<\/em><\/p>\n<p><a href=\"mailto:apartirdeloscincuenta@gmail.com\">apartirdeloscincuenta@gmail.com<\/a><\/p>\n<p><a href=\"https:\/\/static-blogs.diariovasco.com\/wp-content\/uploads\/sites\/19\/2025\/02\/Merida-conejito-1.jpg\"><img loading=\"lazy\" class=\"alignleft size-medium wp-image-10887\" src=\"https:\/\/static-blogs.diariovasco.com\/wp-content\/uploads\/sites\/19\/2025\/02\/Merida-conejito-1-225x300.jpg\" alt=\"\" width=\"225\" height=\"300\" srcset=\"https:\/\/static-blogs.diariovasco.com\/wp-content\/uploads\/sites\/19\/2025\/02\/Merida-conejito-1-225x300.jpg 225w, https:\/\/static-blogs.diariovasco.com\/wp-content\/uploads\/sites\/19\/2025\/02\/Merida-conejito-1.jpg 461w\" sizes=\"(max-width: 225px) 100vw, 225px\" \/><\/a><\/p>\n<p>&nbsp;<\/p>\n<p>&nbsp;<\/p>\n<p>&nbsp;<\/p>\n<p>&nbsp;<\/p>\n<p>&nbsp;<\/p>\n<!-- AddThis Advanced Settings generic via filter on the_content --><!-- AddThis Share Buttons generic via filter on the_content -->","protected":false},"excerpt":{"rendered":"<p>De las ciudades dame sus mercados y sus cementerios, y si tengo que elegir prefiero el traj\u00edn de los vivos al reposo de los muertos, m\u00e1s que nada porque los camposantos suelen estar en las afueras y los mercados en el mism\u00edsimo cogollo citadino. El mercado \u201cLucas de G\u00e1lvez\u201d est\u00e1 en pleno centro de M\u00e9rida [&hellip;]<!-- AddThis Advanced Settings generic via filter on get_the_excerpt --><!-- AddThis Share Buttons generic via filter on get_the_excerpt --><\/p>\n","protected":false},"author":34,"featured_media":0,"comment_status":"open","ping_status":"closed","sticky":false,"template":"","format":"standard","meta":[],"categories":[1],"tags":[1555],"_links":{"self":[{"href":"https:\/\/blogs.diariovasco.com\/apartirdelos50\/wp-json\/wp\/v2\/posts\/10875"}],"collection":[{"href":"https:\/\/blogs.diariovasco.com\/apartirdelos50\/wp-json\/wp\/v2\/posts"}],"about":[{"href":"https:\/\/blogs.diariovasco.com\/apartirdelos50\/wp-json\/wp\/v2\/types\/post"}],"author":[{"embeddable":true,"href":"https:\/\/blogs.diariovasco.com\/apartirdelos50\/wp-json\/wp\/v2\/users\/34"}],"replies":[{"embeddable":true,"href":"https:\/\/blogs.diariovasco.com\/apartirdelos50\/wp-json\/wp\/v2\/comments?post=10875"}],"version-history":[{"count":4,"href":"https:\/\/blogs.diariovasco.com\/apartirdelos50\/wp-json\/wp\/v2\/posts\/10875\/revisions"}],"predecessor-version":[{"id":10889,"href":"https:\/\/blogs.diariovasco.com\/apartirdelos50\/wp-json\/wp\/v2\/posts\/10875\/revisions\/10889"}],"wp:attachment":[{"href":"https:\/\/blogs.diariovasco.com\/apartirdelos50\/wp-json\/wp\/v2\/media?parent=10875"}],"wp:term":[{"taxonomy":"category","embeddable":true,"href":"https:\/\/blogs.diariovasco.com\/apartirdelos50\/wp-json\/wp\/v2\/categories?post=10875"},{"taxonomy":"post_tag","embeddable":true,"href":"https:\/\/blogs.diariovasco.com\/apartirdelos50\/wp-json\/wp\/v2\/tags?post=10875"}],"curies":[{"name":"wp","href":"https:\/\/api.w.org\/{rel}","templated":true}]}}