{"id":10910,"date":"2025-03-07T06:06:08","date_gmt":"2025-03-07T05:06:08","guid":{"rendered":"https:\/\/blogs.diariovasco.com\/apartirdelos50\/?p=10910"},"modified":"2025-03-04T20:21:15","modified_gmt":"2025-03-04T19:21:15","slug":"las-fuentes-wallace-y-los-narcisos","status":"publish","type":"post","link":"https:\/\/blogs.diariovasco.com\/apartirdelos50\/2025\/03\/07\/las-fuentes-wallace-y-los-narcisos\/","title":{"rendered":"Las fuentes Wallace y los narcisos"},"content":{"rendered":"<p><a href=\"https:\/\/static-blogs.diariovasco.com\/wp-content\/uploads\/sites\/19\/2025\/03\/Narcisos-Paseo-de-Francia.jpg\"><img loading=\"lazy\" class=\"aligncenter size-full wp-image-10913\" src=\"https:\/\/static-blogs.diariovasco.com\/wp-content\/uploads\/sites\/19\/2025\/03\/Narcisos-Paseo-de-Francia.jpg\" alt=\"\" width=\"1440\" height=\"1800\" srcset=\"https:\/\/static-blogs.diariovasco.com\/wp-content\/uploads\/sites\/19\/2025\/03\/Narcisos-Paseo-de-Francia.jpg 1440w, https:\/\/static-blogs.diariovasco.com\/wp-content\/uploads\/sites\/19\/2025\/03\/Narcisos-Paseo-de-Francia-240x300.jpg 240w, https:\/\/static-blogs.diariovasco.com\/wp-content\/uploads\/sites\/19\/2025\/03\/Narcisos-Paseo-de-Francia-819x1024.jpg 819w, https:\/\/static-blogs.diariovasco.com\/wp-content\/uploads\/sites\/19\/2025\/03\/Narcisos-Paseo-de-Francia-768x960.jpg 768w, https:\/\/static-blogs.diariovasco.com\/wp-content\/uploads\/sites\/19\/2025\/03\/Narcisos-Paseo-de-Francia-1229x1536.jpg 1229w\" sizes=\"(max-width: 1440px) 100vw, 1440px\" \/><\/a><\/p>\n<p>En el siglo XIX el agua potable que se suministraba a la poblaci\u00f3n en las grandes ciudades no llegaba con la misma facilidad que ahora y mucho menos en tiempos de posguerra. As\u00ed que en el a\u00f1o 1872, tras la guerra franco-prusiana en la que Par\u00eds fue bombardeada, el fil\u00e1ntropo ingl\u00e9s Richard Wallace, que resid\u00eda en la ciudad, decidi\u00f3 facilitar el acceso al agua de forma gratuita a la poblaci\u00f3n financiando la construcci\u00f3n y colocaci\u00f3n de unas hermosas fuentes por diversas zonas de la capital francesa.<\/p>\n<p>El escultor elegido para el trabajo fue Charles Auguste Lebourg, aunque popularmente pasaron a ser conocidas como las fuentes Wallace, por aquel que las ide\u00f3 y las financi\u00f3. Wallace quer\u00eda que fueran grandes para poder ser vistas con facilidad, adem\u00e1s de est\u00e9ticas, resistentes y fabricadas en un material que no resultara caro para poder hacer una buena cantidad. Por ese motivo se eligi\u00f3 el hierro fundido. Su color verde oscuro se decidi\u00f3 para que coordinaran con el resto del mobiliario de la ciudad por aquel entonces. Fue tal el \u00e9xito obtenido que despu\u00e9s siguieron coloc\u00e1ndose por otros lugares del mundo. En la actualidad, todav\u00eda se fabrican.<\/p>\n<p><a href=\"https:\/\/static-blogs.diariovasco.com\/wp-content\/uploads\/sites\/19\/2025\/01\/A-partir-de-los-50-2.jpg\"><img loading=\"lazy\" class=\"alignleft size-medium wp-image-10796\" src=\"https:\/\/static-blogs.diariovasco.com\/wp-content\/uploads\/sites\/19\/2025\/01\/A-partir-de-los-50-2-300x300.jpg\" alt=\"\" width=\"300\" height=\"300\" srcset=\"https:\/\/static-blogs.diariovasco.com\/wp-content\/uploads\/sites\/19\/2025\/01\/A-partir-de-los-50-2-300x300.jpg 300w, https:\/\/static-blogs.diariovasco.com\/wp-content\/uploads\/sites\/19\/2025\/01\/A-partir-de-los-50-2-150x150.jpg 150w, https:\/\/static-blogs.diariovasco.com\/wp-content\/uploads\/sites\/19\/2025\/01\/A-partir-de-los-50-2.jpg 524w\" sizes=\"(max-width: 300px) 100vw, 300px\" \/><\/a>Las fuentes Wallace de la ciudad de San Sebasti\u00e1n fueron compradas al final del siglo XIX, con la intenci\u00f3n de colocarlas en el Paseo de la Concha. En la actualidad, hay 3 que todav\u00eda se pueden ver en el Paseo de Francia aunque no est\u00e1n m\u00e1s que de adorno, rodeadas de decenas de miles de narcisos como un marco colorido hacia algo que ya no tiene m\u00e1s valor que lo puramente est\u00e9tico.<\/p>\n<p>As\u00ed es la vida demasiadas veces, que la hacemos \u201cbonita para la foto\u201d y poco m\u00e1s\u2026<\/p>\n<p>En fin. Felices los felices.<\/p>\n<p>LaAlquimista<\/p>\n<p>Te invito a visitar mi p\u00e1gina en Facebook.<\/p>\n<p><a href=\"https:\/\/www.facebook.com\/apartirdelos50\/\" rel=\"external nofollow\">https:\/\/www.facebook.com\/apartirdelos50\/<\/a><\/p>\n<p><em>Por si alguien desea contactar:<\/em><\/p>\n<p><a href=\"mailto:apartirdeloscincuenta@gmail.com\">apartirdeloscincuenta@gmail.com<\/a><\/p>\n<p>&nbsp;<\/p>\n<p>&nbsp;<\/p>\n<!-- AddThis Advanced Settings generic via filter on the_content --><!-- AddThis Share Buttons generic via filter on the_content -->","protected":false},"excerpt":{"rendered":"<p>En el siglo XIX el agua potable que se suministraba a la poblaci\u00f3n en las grandes ciudades no llegaba con la misma facilidad que ahora y mucho menos en tiempos de posguerra. As\u00ed que en el a\u00f1o 1872, tras la guerra franco-prusiana en la que Par\u00eds fue bombardeada, el fil\u00e1ntropo ingl\u00e9s Richard Wallace, que resid\u00eda [&hellip;]<!-- AddThis Advanced Settings generic via filter on get_the_excerpt --><!-- AddThis Share Buttons generic via filter on get_the_excerpt --><\/p>\n","protected":false},"author":34,"featured_media":0,"comment_status":"open","ping_status":"closed","sticky":false,"template":"","format":"standard","meta":[],"categories":[1],"tags":[],"_links":{"self":[{"href":"https:\/\/blogs.diariovasco.com\/apartirdelos50\/wp-json\/wp\/v2\/posts\/10910"}],"collection":[{"href":"https:\/\/blogs.diariovasco.com\/apartirdelos50\/wp-json\/wp\/v2\/posts"}],"about":[{"href":"https:\/\/blogs.diariovasco.com\/apartirdelos50\/wp-json\/wp\/v2\/types\/post"}],"author":[{"embeddable":true,"href":"https:\/\/blogs.diariovasco.com\/apartirdelos50\/wp-json\/wp\/v2\/users\/34"}],"replies":[{"embeddable":true,"href":"https:\/\/blogs.diariovasco.com\/apartirdelos50\/wp-json\/wp\/v2\/comments?post=10910"}],"version-history":[{"count":4,"href":"https:\/\/blogs.diariovasco.com\/apartirdelos50\/wp-json\/wp\/v2\/posts\/10910\/revisions"}],"predecessor-version":[{"id":10915,"href":"https:\/\/blogs.diariovasco.com\/apartirdelos50\/wp-json\/wp\/v2\/posts\/10910\/revisions\/10915"}],"wp:attachment":[{"href":"https:\/\/blogs.diariovasco.com\/apartirdelos50\/wp-json\/wp\/v2\/media?parent=10910"}],"wp:term":[{"taxonomy":"category","embeddable":true,"href":"https:\/\/blogs.diariovasco.com\/apartirdelos50\/wp-json\/wp\/v2\/categories?post=10910"},{"taxonomy":"post_tag","embeddable":true,"href":"https:\/\/blogs.diariovasco.com\/apartirdelos50\/wp-json\/wp\/v2\/tags?post=10910"}],"curies":[{"name":"wp","href":"https:\/\/api.w.org\/{rel}","templated":true}]}}