{"id":10916,"date":"2025-03-08T09:12:56","date_gmt":"2025-03-08T08:12:56","guid":{"rendered":"https:\/\/blogs.diariovasco.com\/apartirdelos50\/?p=10916"},"modified":"2025-03-08T09:12:56","modified_gmt":"2025-03-08T08:12:56","slug":"no-quiero-celebrar-el-8-de-marzo","status":"publish","type":"post","link":"https:\/\/blogs.diariovasco.com\/apartirdelos50\/2025\/03\/08\/no-quiero-celebrar-el-8-de-marzo\/","title":{"rendered":"No quiero &#8220;celebrar&#8221; el 8 de Marzo"},"content":{"rendered":"<p><a href=\"https:\/\/static-blogs.diariovasco.com\/wp-content\/uploads\/sites\/19\/2025\/03\/GlclwRfWcAA-eVF.jpg\"><img loading=\"lazy\" class=\"aligncenter size-full wp-image-10917\" src=\"https:\/\/static-blogs.diariovasco.com\/wp-content\/uploads\/sites\/19\/2025\/03\/GlclwRfWcAA-eVF.jpg\" alt=\"\" width=\"680\" height=\"357\" srcset=\"https:\/\/static-blogs.diariovasco.com\/wp-content\/uploads\/sites\/19\/2025\/03\/GlclwRfWcAA-eVF.jpg 680w, https:\/\/static-blogs.diariovasco.com\/wp-content\/uploads\/sites\/19\/2025\/03\/GlclwRfWcAA-eVF-300x158.jpg 300w\" sizes=\"(max-width: 680px) 100vw, 680px\" \/><\/a><\/p>\n<p>El 8 de Marzo ya est\u00e1 institucionalizado, seguro que hay un presupuesto en cada Ministerio, Consejal\u00eda y Asociaci\u00f3n para hacer algo especial este d\u00eda y quedar bien. Alguien (mujeres \u00a0preferiblemente) dar\u00e1n \u00a0conferencias, charlas y publicar\u00e1n manifiestos y nos recordar\u00e1n el camino recorrido desde el atraso de antes a los avances de ahora; en los medios comprometidos escribir\u00e1n \u2013previo pago- sesudas plumas comprometidas para que no se diga y en la televisi\u00f3n p\u00fablica habr\u00e1 una rese\u00f1a al final del telediario. En la privada un programa extra de relatos de vejaciones y abusos contra la mujer por parte de su compa\u00f1ero el hombre. Lo de todos los a\u00f1os. Con mucho morbo a ser posible.<\/p>\n<p>Pero yo me niego a celebrarlo haciendo \u201cuna comida o una cena de mujeres\u201d para que se vea que seguimos pisando fuerte las de siempre, que no dejamos pasar la fecha ni la oportunidad de decir \u201ceste es mi d\u00eda y lo celebro\u201d. Que no me da la gana.<\/p>\n<p>Prefiero explicarle a \u201cla mujer trabajadora\u201d venida del cono sur \u2013que ha dejado all\u00ed a sus hijos y (demasiadas veces) a un marido holgaz\u00e1n o invisible- que pierde su dignidad trabajando cincuenta horas a la semana bajo manga para que sus hijos \u2013a los que no ver\u00e1 en dos o tres a\u00f1os- puedan comprarse zapatillas de marca y montar en moto, adem\u00e1s de comer caliente cada d\u00eda por supuesto.<br \/>\nPrefiero explicarle a \u201cla mujer trabajadora\u201d que viene de otros pa\u00edses con visa de turista \u2013o pasaporte comunitario- para esconderse en nuestro mercado laboral que esta es una sociedad hip\u00f3crita que con una mano firma manifiestos a favor de la igualdad de la mujer y el hombre y con la otra contrata sirvientas sin asegurarlas para ahorrarse cuatro perras o retiene pasaportes para que sean amortizados con prestaciones indignas.<\/p>\n<p>Prefiero explicarles (otra vez) a mis hijas que pas\u00e9 toda mi vida laboral \u2013varias d\u00e9cadas- peleando porque \u201ca igual trabajo, igual remuneraci\u00f3n\u201d sin conseguir m\u00e1s que enemistades masculinas, dolores de cabeza y decepciones sin cuento. Y las burlas soterradas porque a la cara nadie se atrev\u00eda.<\/p>\n<p>Nac\u00ed en una sociedad en la que la mujer ten\u00eda menos oportunidades que el hombre, crec\u00ed constat\u00e1ndolo a\u00f1o tras a\u00f1o y sigo viviendo en una sociedad que nos deja pelearnos \u2013a las mujeres trabajadoras- por las monedas de c\u00e9ntimo \u2013o el salario m\u00ednimo- que lanzan al aire los que mueven los hilos.<\/p>\n<p>El 8 de Marzo no es un d\u00eda para celebraci\u00f3n alguna, sino para reivindicar todo lo que se est\u00e1 quedando por el camino. Y, desgraciadamente, para mucha pelea todav\u00eda.<\/p>\n<p>En fin. Felices los felices.<\/p>\n<p>LaAlquimista<\/p>\n<p>Te invito a visitar mi p\u00e1gina en Facebook.<\/p>\n<p><a href=\"https:\/\/www.facebook.com\/apartirdelos50\/\" rel=\"external nofollow\">https:\/\/www.facebook.com\/apartirdelos50\/<\/a><\/p>\n<p><em>Por si alguien desea contactar:<\/em><\/p>\n<p><a href=\"mailto:apartirdeloscincuenta@gmail.com\">apartirdeloscincuenta@gmail.com<\/a><\/p>\n<p>&nbsp;<\/p>\n<p>&nbsp;<\/p>\n<!-- AddThis Advanced Settings generic via filter on the_content --><!-- AddThis Share Buttons generic via filter on the_content -->","protected":false},"excerpt":{"rendered":"<p>El 8 de Marzo ya est\u00e1 institucionalizado, seguro que hay un presupuesto en cada Ministerio, Consejal\u00eda y Asociaci\u00f3n para hacer algo especial este d\u00eda y quedar bien. Alguien (mujeres \u00a0preferiblemente) dar\u00e1n \u00a0conferencias, charlas y publicar\u00e1n manifiestos y nos recordar\u00e1n el camino recorrido desde el atraso de antes a los avances de ahora; en los medios [&hellip;]<!-- AddThis Advanced Settings generic via filter on get_the_excerpt --><!-- AddThis Share Buttons generic via filter on get_the_excerpt --><\/p>\n","protected":false},"author":34,"featured_media":0,"comment_status":"open","ping_status":"closed","sticky":false,"template":"","format":"standard","meta":[],"categories":[9,23,2,22,13],"tags":[],"_links":{"self":[{"href":"https:\/\/blogs.diariovasco.com\/apartirdelos50\/wp-json\/wp\/v2\/posts\/10916"}],"collection":[{"href":"https:\/\/blogs.diariovasco.com\/apartirdelos50\/wp-json\/wp\/v2\/posts"}],"about":[{"href":"https:\/\/blogs.diariovasco.com\/apartirdelos50\/wp-json\/wp\/v2\/types\/post"}],"author":[{"embeddable":true,"href":"https:\/\/blogs.diariovasco.com\/apartirdelos50\/wp-json\/wp\/v2\/users\/34"}],"replies":[{"embeddable":true,"href":"https:\/\/blogs.diariovasco.com\/apartirdelos50\/wp-json\/wp\/v2\/comments?post=10916"}],"version-history":[{"count":1,"href":"https:\/\/blogs.diariovasco.com\/apartirdelos50\/wp-json\/wp\/v2\/posts\/10916\/revisions"}],"predecessor-version":[{"id":10918,"href":"https:\/\/blogs.diariovasco.com\/apartirdelos50\/wp-json\/wp\/v2\/posts\/10916\/revisions\/10918"}],"wp:attachment":[{"href":"https:\/\/blogs.diariovasco.com\/apartirdelos50\/wp-json\/wp\/v2\/media?parent=10916"}],"wp:term":[{"taxonomy":"category","embeddable":true,"href":"https:\/\/blogs.diariovasco.com\/apartirdelos50\/wp-json\/wp\/v2\/categories?post=10916"},{"taxonomy":"post_tag","embeddable":true,"href":"https:\/\/blogs.diariovasco.com\/apartirdelos50\/wp-json\/wp\/v2\/tags?post=10916"}],"curies":[{"name":"wp","href":"https:\/\/api.w.org\/{rel}","templated":true}]}}