{"id":10919,"date":"2025-03-12T07:08:16","date_gmt":"2025-03-12T06:08:16","guid":{"rendered":"https:\/\/blogs.diariovasco.com\/apartirdelos50\/?p=10919"},"modified":"2025-03-10T08:32:42","modified_gmt":"2025-03-10T07:32:42","slug":"la-proxima-vez-no-faltare","status":"publish","type":"post","link":"https:\/\/blogs.diariovasco.com\/apartirdelos50\/2025\/03\/12\/la-proxima-vez-no-faltare\/","title":{"rendered":"&#8220;La pr\u00f3xima vez no faltar\u00e9&#8221;"},"content":{"rendered":"<p><a href=\"https:\/\/static-blogs.diariovasco.com\/wp-content\/uploads\/sites\/19\/2025\/03\/excusas-1.jpg\"><img loading=\"lazy\" class=\"aligncenter size-full wp-image-10925\" src=\"https:\/\/static-blogs.diariovasco.com\/wp-content\/uploads\/sites\/19\/2025\/03\/excusas-1.jpg\" alt=\"\" width=\"710\" height=\"632\" \/><\/a><\/p>\n<p>Un cuento para reflexionar<\/p>\n<p>Esta\u00a0<em>historiqueta<\/em>\u00a0es mitad verdad y mitad invento por lo que espero que si alguien se da por aludido no se lo tome como nada personal \u2013se puede aplicar el Segundo Acuerdo de Miguel Ruiz- o reir a mand\u00edbula batiente\u2026 si tiene la imaginaci\u00f3n suficiente como para ponerse en la piel del protagonista.<\/p>\n<p>Pues resulta que hab\u00eda una cuadrilla de amigos que sol\u00eda reunirse cada dos meses en la sociedad gastron\u00f3mica para, entre cazuelas y copas, mantener una relaci\u00f3n amigable m\u00e1s basada en la camarader\u00eda que en el compartir profundo, pero lo suficientemente agradable como para seguir manteniendo la costumbre l\u00fadico\/gastron\u00f3mica despu\u00e9s de muchos a\u00f1os.<\/p>\n<p>Empezaron de j\u00f3venes, cuando casi todos andaban de novios y se invitaron mutuamente a las bodas los que decidieron firmar papeles. Luego vinieron los hijos y hubo bautizos y celebraciones \u201cfamiliares\u201d y con el paso de los a\u00f1os empezaron las separaciones y divorcios, los problemas del trabajo, algunos despidos, la muerte de los padres ancianos\u2026 Y tambi\u00e9n se vieron en funerales y en alg\u00fan juicio como testigos apoy\u00e1ndose unos a otros.<\/p>\n<p>Pero yo quiero contar la historia de Mart\u00edn, uno de ellos, parecido al resto en casi todo menos en una cosa y es que, en la mayor\u00eda de las citas bimensuales, nunca se sab\u00eda a ciencia cierta si iba a acudir o no porque siempre \u201candaba muy liado\u201d, como si \u00e9l fuera el \u00fanico que tuviera mucho trabajo, mujer e hijos, familiares a los que cuidar o dolores de lumbago. El caso es que era la t\u00edpica persona que se hac\u00eda de rogar como si su presencia tuviera -de alguna manera- m\u00e1s valor que la de los dem\u00e1s. Unas veces era que hab\u00eda cambiado el turno en el Hospital para devolver un favor a un compa\u00f1ero (trabajaba de A.T.S.); otras que ten\u00eda compromisos adquiridos con anterioridad y no pod\u00eda faltar; el cumplea\u00f1os de una cu\u00f1ada o un concierto al que le hab\u00edan invitado, aunque la mayor\u00eda de las veces que no acud\u00eda a la cita aduc\u00eda que \u201cno le ven\u00eda bien\u201d y\u00a0<em>santaspascuas.<\/em><\/p>\n<p>Un d\u00eda decidieron celebrar una cena especial \u2013fuera de programa- con motivo de la sentencia de un divorcio muy conflictivo de uno de ellos: para darle \u00e1nimos, para arroparle, para que supiera que ellos, sus amigos, estaban all\u00ed y, mira t\u00fa por d\u00f3nde, nadie se acord\u00f3 de invitar a Mart\u00edn y es de suponer que todos pensar\u00edan: \u201ctotal, pondr\u00e1 alguna excusa de las suyas para no venir\u2026\u201d.<\/p>\n<p>La sociedad donde se reun\u00edan habitualmente era visitada por el vendedor de cupones de la ONCE y era costumbre, a los postres y con las risas y las canturriadas, comprarle unos cuantos n\u00fameros entre los presentes. As\u00ed lo hicieron tambi\u00e9n esa vez con la diferencia sobre otras veces de que\u2026 \u00a1Toc\u00f3 un buen pellizco!<\/p>\n<p>\u00a1Nadie se atrev\u00eda a decirle nada a Mart\u00edn, qu\u00e9 miedo a su reacci\u00f3n ten\u00edan\u2026! Pero como la realidad no puede ocultarse mucho tiempo, alguien propuso llamarle y decirle la verdad: que hab\u00edan celebrado la cena especial el viernes anterior y que, entre pitos y flautas, se les hab\u00eda olvidado invitarle y que les perdonara. El susodicho \u2013como tonto no era- contest\u00f3 que no pasaba nada, que casualmente ese d\u00eda no habr\u00eda podido ir porque a su mujer le tocaba cuidar a su madre y a \u00e9l quedarse con los ni\u00f1os y que \u2013como siempre dec\u00eda y promet\u00eda- \u201cLA PROXIMA no faltar\u00e9, seguro que no.\u201d<\/p>\n<p><a href=\"https:\/\/static-blogs.diariovasco.com\/wp-content\/uploads\/sites\/19\/2025\/01\/A-partir-de-los-50.jpg\"><img loading=\"lazy\" class=\"alignleft size-medium wp-image-10784\" src=\"https:\/\/static-blogs.diariovasco.com\/wp-content\/uploads\/sites\/19\/2025\/01\/A-partir-de-los-50-300x225.jpg\" alt=\"\" width=\"300\" height=\"225\" srcset=\"https:\/\/static-blogs.diariovasco.com\/wp-content\/uploads\/sites\/19\/2025\/01\/A-partir-de-los-50-300x225.jpg 300w, https:\/\/static-blogs.diariovasco.com\/wp-content\/uploads\/sites\/19\/2025\/01\/A-partir-de-los-50.jpg 719w\" sizes=\"(max-width: 300px) 100vw, 300px\" \/><\/a>Ah\u00ed qued\u00f3 la cosa y cuando cobraron el pellizco de \u201clos ciegos\u201d, se lo repartieron entre ellos con la conciencia bien tranquila. Y color\u00edn colorado este cuento se ha acabado.<\/p>\n<p>LaAlquimista<\/p>\n<p>Te invito a visitar mi p\u00e1gina en Facebook.<\/p>\n<p><a href=\"https:\/\/www.facebook.com\/apartirdelos50\/\" rel=\"external nofollow\">https:\/\/www.facebook.com\/apartirdelos50\/<\/a><\/p>\n<p><em>Por si alguien desea contactar:<\/em><\/p>\n<p><a href=\"mailto:apartirdeloscincuenta@gmail.com\">apartirdeloscincuenta@gmail.com<\/a><\/p>\n<p>&nbsp;<\/p>\n<!-- AddThis Advanced Settings generic via filter on the_content --><!-- AddThis Share Buttons generic via filter on the_content -->","protected":false},"excerpt":{"rendered":"<p>Un cuento para reflexionar Esta\u00a0historiqueta\u00a0es mitad verdad y mitad invento por lo que espero que si alguien se da por aludido no se lo tome como nada personal \u2013se puede aplicar el Segundo Acuerdo de Miguel Ruiz- o reir a mand\u00edbula batiente\u2026 si tiene la imaginaci\u00f3n suficiente como para ponerse en la piel del protagonista. [&hellip;]<!-- AddThis Advanced Settings generic via filter on get_the_excerpt --><!-- AddThis Share Buttons generic via filter on get_the_excerpt --><\/p>\n","protected":false},"author":34,"featured_media":0,"comment_status":"open","ping_status":"closed","sticky":false,"template":"","format":"standard","meta":[],"categories":[1],"tags":[],"_links":{"self":[{"href":"https:\/\/blogs.diariovasco.com\/apartirdelos50\/wp-json\/wp\/v2\/posts\/10919"}],"collection":[{"href":"https:\/\/blogs.diariovasco.com\/apartirdelos50\/wp-json\/wp\/v2\/posts"}],"about":[{"href":"https:\/\/blogs.diariovasco.com\/apartirdelos50\/wp-json\/wp\/v2\/types\/post"}],"author":[{"embeddable":true,"href":"https:\/\/blogs.diariovasco.com\/apartirdelos50\/wp-json\/wp\/v2\/users\/34"}],"replies":[{"embeddable":true,"href":"https:\/\/blogs.diariovasco.com\/apartirdelos50\/wp-json\/wp\/v2\/comments?post=10919"}],"version-history":[{"count":3,"href":"https:\/\/blogs.diariovasco.com\/apartirdelos50\/wp-json\/wp\/v2\/posts\/10919\/revisions"}],"predecessor-version":[{"id":10926,"href":"https:\/\/blogs.diariovasco.com\/apartirdelos50\/wp-json\/wp\/v2\/posts\/10919\/revisions\/10926"}],"wp:attachment":[{"href":"https:\/\/blogs.diariovasco.com\/apartirdelos50\/wp-json\/wp\/v2\/media?parent=10919"}],"wp:term":[{"taxonomy":"category","embeddable":true,"href":"https:\/\/blogs.diariovasco.com\/apartirdelos50\/wp-json\/wp\/v2\/categories?post=10919"},{"taxonomy":"post_tag","embeddable":true,"href":"https:\/\/blogs.diariovasco.com\/apartirdelos50\/wp-json\/wp\/v2\/tags?post=10919"}],"curies":[{"name":"wp","href":"https:\/\/api.w.org\/{rel}","templated":true}]}}