{"id":10928,"date":"2025-03-10T08:24:12","date_gmt":"2025-03-10T07:24:12","guid":{"rendered":"https:\/\/blogs.diariovasco.com\/apartirdelos50\/?p=10928"},"modified":"2025-03-10T08:24:12","modified_gmt":"2025-03-10T07:24:12","slug":"el-futbol-amara-y-mi-perra","status":"publish","type":"post","link":"https:\/\/blogs.diariovasco.com\/apartirdelos50\/2025\/03\/10\/el-futbol-amara-y-mi-perra\/","title":{"rendered":"El f\u00fatbol, Amara y mi perra"},"content":{"rendered":"<p><a href=\"https:\/\/static-blogs.diariovasco.com\/wp-content\/uploads\/sites\/19\/2025\/03\/484020938_10161290944967877_8362401652970012078_n.jpg\"><img loading=\"lazy\" class=\"aligncenter size-full wp-image-10932\" src=\"https:\/\/static-blogs.diariovasco.com\/wp-content\/uploads\/sites\/19\/2025\/03\/484020938_10161290944967877_8362401652970012078_n.jpg\" alt=\"\" width=\"720\" height=\"960\" \/><\/a><\/p>\n<p>Gaia no entiende de f\u00fatbol (ni de estupideces humanas).-<br \/>\nEn estos d\u00edas y por varias semanas me toca cuidar de Gaia, la chihuahua de mi hija peque\u00f1a que ha tenido que \u201chuir\u201d del estruendo valenciano de las fallas que \u2013eso no lo sab\u00edamos- duran un mes entero. El caso es que acojo gustosa en mi casa a quienes no soportan los cohetes, fuegos, masclet\u00e1s y dem\u00e1s pirotecnias ruidosas.<br \/>\nGaia conoce bien nuestras rutinas donostiarras; salida obligada matinal por el barrio, escapada a la playa o al monte despu\u00e9s y a \u00faltima hora de la tarde una \u201cvuelta al ruedo\u201d para cansarse un poco y luego poder descansar mejor.<br \/>\nAyer hab\u00eda f\u00fatbol por segunda vez en la misma semana y ya sabemos que el barrio se cubre de porquer\u00eda \u2013en realidad, es pura mierda-, de cientos de motos en las aceras, de gente que lo invade malamente y que nos obliga a los vecinos a vivir en una especie de monta\u00f1a rusa de odio y santa paciencia hacia los seguidores de tan imprescindible deporte. As\u00ed que procuro llevar a la perrilla lo m\u00e1s lejos de la marabunta humana para que no se asuste y pueda \u201chacer los deberes\u201d en canina paz.<br \/>\nEl Paseo de Errondo estaba oscuro por el lado de las v\u00edas del \u201ctopo\u201d; es un lugar pel\u00edn inh\u00f3spito por lo poco transitado a pesar de verse atravesado por un \u201cbidegorri\u201d \u2013carril bici-. De repente, como a veinte metros, vemos que se alza una sombra extra\u00f1a formada por tres personas vestidas de negro, plantadas en la mitad y tapando el camino, con una actitud que por la oscuridad podr\u00eda describirse de amenazadora. Con los brazos cruzados o en jarras me recordaron a una escena de pel\u00edcula en la que sabes \u201cque va a pasar algo\u201d. Me detuve y tir\u00e9 de la correa de la perra, pensando en cruzar de cualquier manera la carretera \u2013a pesar de los coches que pasaban veloces-: no estoy yo para meterme en l\u00edos de ning\u00fan tipo y adem\u00e1s la adrenalina me funciona como un tiro todav\u00eda\u2026<\/p>\n<p>Pues hablando de tiros, all\u00ed estaban, tres efectivos de la Ertzaintza bien plantados, haciendo de valla humana para que no pasara nadie que pudiera entorpecer la llegada de los autobuses de los distintos equipos: la Real y el Sevilla. Uno, azul, el otro, rojo, en una caravana de veh\u00edculos llena de luces que m\u00e1s parec\u00eda un desfile militar que otra cosa.<br \/>\nLa perrilla, ajena a chuminadas futboleras, tir\u00f3 de la correa y pretendi\u00f3 pasar entre los polic\u00edas apostados frente a nosotras. Tiraba y tiraba para seguir SU camino, el de todas las tardes, su paseo entre hierbajos y olores varios que le fascinan y al que cree que tiene derecho \u2013pobrecica ella-. Uno de los ertzainas se rio cuando se percat\u00f3 de la jugada y me explic\u00f3 que no se pod\u00eda caminar por los aleda\u00f1os del estadio \u201cde momento\u201d. Gaia insist\u00eda en sus trece mientras yo intentaba explicarle que \u201ccon el f\u00fatbol hemos topado\u201d y la cog\u00eda en brazos para alejarla de all\u00ed y llevarla a pasear por el otro extremo del barrio.<br \/>\nLa polic\u00eda municipal y los de movilidad se pusieron hasta el culo de llamar a la gr\u00faa para que retiraran los veh\u00edculos \u201cmal\u201d aparcados en el paseo previa prohibici\u00f3n y reserva de sitio para los autocares p\u00fablicos. Llovieron multas como chuzos de punta, mientras los coches particulares y las motos invad\u00edan las aceras del barrio en una locura que se repite continuamente. El parque y su estanque acogi\u00f3 a la fuerza la basura, latas y vasos por cientos en un visto y no visto a pesar de que hay bares que cierran y otros que retiran el mobiliario de las terrazas. Vivo en un barrio sin ley y mi perrita no lo entiende.<br \/>\nYo, tampoco.<br \/>\nDesde aqu\u00ed mi enfado \u2013y blasfemia contenida- \u201ca quien corresponda\u201d.<br \/>\nY espero que no sean demasiado felices\u2026<\/p>\n<p>LaAlquimista<\/p>\n<p>Te invito a visitar mi p\u00e1gina en Facebook.<\/p>\n<p><a href=\"https:\/\/www.facebook.com\/apartirdelos50\/\" rel=\"external nofollow\">https:\/\/www.facebook.com\/apartirdelos50\/<\/a><\/p>\n<p><em>Por si alguien desea contactar:<\/em><\/p>\n<p><a href=\"mailto:apartirdeloscincuenta@gmail.com\">apartirdeloscincuenta@gmail.com<\/a><\/p>\n<p>&nbsp;<\/p>\n<!-- AddThis Advanced Settings generic via filter on the_content --><!-- AddThis Share Buttons generic via filter on the_content -->","protected":false},"excerpt":{"rendered":"<p>Gaia no entiende de f\u00fatbol (ni de estupideces humanas).- En estos d\u00edas y por varias semanas me toca cuidar de Gaia, la chihuahua de mi hija peque\u00f1a que ha tenido que \u201chuir\u201d del estruendo valenciano de las fallas que \u2013eso no lo sab\u00edamos- duran un mes entero. El caso es que acojo gustosa en mi [&hellip;]<!-- AddThis Advanced Settings generic via filter on get_the_excerpt --><!-- AddThis Share Buttons generic via filter on get_the_excerpt --><\/p>\n","protected":false},"author":34,"featured_media":0,"comment_status":"open","ping_status":"closed","sticky":false,"template":"","format":"standard","meta":[],"categories":[2],"tags":[1558,988,504],"_links":{"self":[{"href":"https:\/\/blogs.diariovasco.com\/apartirdelos50\/wp-json\/wp\/v2\/posts\/10928"}],"collection":[{"href":"https:\/\/blogs.diariovasco.com\/apartirdelos50\/wp-json\/wp\/v2\/posts"}],"about":[{"href":"https:\/\/blogs.diariovasco.com\/apartirdelos50\/wp-json\/wp\/v2\/types\/post"}],"author":[{"embeddable":true,"href":"https:\/\/blogs.diariovasco.com\/apartirdelos50\/wp-json\/wp\/v2\/users\/34"}],"replies":[{"embeddable":true,"href":"https:\/\/blogs.diariovasco.com\/apartirdelos50\/wp-json\/wp\/v2\/comments?post=10928"}],"version-history":[{"count":1,"href":"https:\/\/blogs.diariovasco.com\/apartirdelos50\/wp-json\/wp\/v2\/posts\/10928\/revisions"}],"predecessor-version":[{"id":10934,"href":"https:\/\/blogs.diariovasco.com\/apartirdelos50\/wp-json\/wp\/v2\/posts\/10928\/revisions\/10934"}],"wp:attachment":[{"href":"https:\/\/blogs.diariovasco.com\/apartirdelos50\/wp-json\/wp\/v2\/media?parent=10928"}],"wp:term":[{"taxonomy":"category","embeddable":true,"href":"https:\/\/blogs.diariovasco.com\/apartirdelos50\/wp-json\/wp\/v2\/categories?post=10928"},{"taxonomy":"post_tag","embeddable":true,"href":"https:\/\/blogs.diariovasco.com\/apartirdelos50\/wp-json\/wp\/v2\/tags?post=10928"}],"curies":[{"name":"wp","href":"https:\/\/api.w.org\/{rel}","templated":true}]}}