{"id":10941,"date":"2025-03-18T06:13:04","date_gmt":"2025-03-18T05:13:04","guid":{"rendered":"https:\/\/blogs.diariovasco.com\/apartirdelos50\/?p=10941"},"modified":"2025-03-15T10:15:08","modified_gmt":"2025-03-15T09:15:08","slug":"covid19-cinco-anos-despues","status":"publish","type":"post","link":"https:\/\/blogs.diariovasco.com\/apartirdelos50\/2025\/03\/18\/covid19-cinco-anos-despues\/","title":{"rendered":"Covid19 cinco a\u00f1os despu\u00e9s"},"content":{"rendered":"<p><a href=\"https:\/\/static-blogs.diariovasco.com\/wp-content\/uploads\/sites\/19\/2025\/03\/484035580_10161308595037877_5092176893485816834_n.jpg\"><img loading=\"lazy\" class=\"aligncenter size-large wp-image-10943\" src=\"https:\/\/static-blogs.diariovasco.com\/wp-content\/uploads\/sites\/19\/2025\/03\/484035580_10161308595037877_5092176893485816834_n-1024x865.jpg\" alt=\"\" width=\"1024\" height=\"865\" srcset=\"https:\/\/static-blogs.diariovasco.com\/wp-content\/uploads\/sites\/19\/2025\/03\/484035580_10161308595037877_5092176893485816834_n-1024x865.jpg 1024w, https:\/\/static-blogs.diariovasco.com\/wp-content\/uploads\/sites\/19\/2025\/03\/484035580_10161308595037877_5092176893485816834_n-300x253.jpg 300w, https:\/\/static-blogs.diariovasco.com\/wp-content\/uploads\/sites\/19\/2025\/03\/484035580_10161308595037877_5092176893485816834_n-768x649.jpg 768w, https:\/\/static-blogs.diariovasco.com\/wp-content\/uploads\/sites\/19\/2025\/03\/484035580_10161308595037877_5092176893485816834_n.jpg 1280w\" sizes=\"(max-width: 1024px) 100vw, 1024px\" \/><\/a><\/p>\n<p>Que se han cumplido cinco a\u00f1os de aquel horror y les ha dado a todos por recordarlo en una especie de \u201ccelebraci\u00f3n macabra\u201d, tirando de hemeroteca, de indignidades pol\u00edticas y jaleando los pelotazos de unos y los vergonzosos protocolos de otras. Contar\u00e9 lo m\u00edo aunque a nadie le interese y as\u00ed me refresco la memoria para decidir si \u201csal\u00ed mejor\u201d de aquella plaga o no.<\/p>\n<p>La covid19 -y el Estado de Alarma- me pill\u00f3 en M\u00e9xico visitando a mi familia y tuve que \u201cagradecer\u201d al Gobierno de Espa\u00f1a que fletara aviones especiales para repatriar a turistas y despistados varios. No fueron billetes gratuitos, ni much\u00edsimo menos; Iberia me cobr\u00f3 por un vuelo de Yucat\u00e1n a Madrid la friolera de 1.800\u20ac en un \u201clo tomas o lo dejas\u201d, donde aterric\u00e9 con el confinamiento en marcha y pude llegar a Donostia en un \u00fanico autob\u00fas fletado por ALSA. Cuando llegu\u00e9, mis vecinos me hab\u00edan dejado en la cocina v\u00edveres diversos y una bandeja entera de cari\u00f1o.<\/p>\n<p>Viviendo sola me toc\u00f3 lidiar con la soledad m\u00e1s que impuesta echando mano de todas mis reservas de santa paciencia, resiliencia y libros y pel\u00edculas. Hablando por videoconferencia con mis hijas \u2013a la saz\u00f3n en M\u00e9xico y Alemania-, y por tel\u00e9fono con todo aquel que se me pon\u00eda a mano, que hubo gente que no ten\u00eda ganas de charla y me pidieron que, por favor, no les llamara, que estaban muy deprimidos encerrados en casa con su pareja o sus hijos.<\/p>\n<p>Lo \u00fanico que puedo contar es que no me contagi\u00e9 del virus hasta despu\u00e9s de vacunarme y cuando se levantaron las restricciones de movilidad. Lo que quiero recordar es que me busqu\u00e9 la vida como gato panza arriba; que aprovech\u00e9 todos los horarios permitidos para salir a la calle y caminar la ciudad de punta a punta. Que sal\u00ed en horario de jubilados y en horario de sacar al perro \u2013aunque mi Elur acababa de fallecer-. Que baj\u00e9 a la calle al estanco por la tarde \u2013aunque no fumo-, a la farmacia al mediod\u00eda \u2013aunque no entraba- y al colmado de la esquina justo cuando abr\u00edan para comprar lo de una semana en peque\u00f1as dosis diarias.<\/p>\n<p>Que no aprend\u00ed a hacer pan, que consum\u00ed poqu\u00edsimo papel higi\u00e9nico, que no hice gimnasia en casa ni me pas\u00e9 el tiempo en pijama. Que, cuando fue posible, nadie me invit\u00f3 a su \u201cburbuja\u201d y fue entonces cuando empec\u00e9 a tachar a gente de mi lista mental. Hubo familiares que se metieron en su propio b\u00fanker y se rompi\u00f3 la relaci\u00f3n; hubo amigas que no quer\u00edan salir ni con mascarilla doble y casco de moto. Hasta mi \u00faltima pareja de varios a\u00f1os dej\u00f3 de enviarme guasaps para ver si estaba viva o muerta.<\/p>\n<p>Lo m\u00e1s dif\u00edcil fue sobrevivir emocionalmente, sin un maldito abrazo que llevarme a la boca.<\/p>\n<p>Han pasado cinco a\u00f1os, s\u00ed, y ahora me doy cuenta de que la maldita pandemia sac\u00f3 lo peor de nosotros extendi\u00e9ndolo a los cuatro vientos. Tan solo se libran de mi encono los profesionales que ayudaron a salvar vidas. Los dem\u00e1s, los miedosos, los cobardes, los que te dec\u00edan \u201c\u00a1no te acerques\u201d! y te miraban con aversi\u00f3n manifiesta si se cruzaban contigo por la calle, a esos, desde entonces, ni agua.<\/p>\n<p>Como an\u00e9cdota personal dir\u00e9 que pas\u00e9 la Covid-19 en Berl\u00edn, visitando a mi hija en el mes de Mayo y que tuve la \u201csuerte\u201d de que me pillara bajo techo y de que ella me cuidara con toda la abnegaci\u00f3n y amor del mundo.<\/p>\n<p>Menos mal, porque si me pilla en Donostia, sola en mi casa, me meten en el hospital y all\u00ed me quedo a rumiar mi soledad.<\/p>\n<p>En fin. Recordar por si sirve de algo\u2026y si no, pues borr\u00f3n y cuenta nueva.<\/p>\n<p>Felices los felices.<\/p>\n<p>LaAlquimista<\/p>\n<p>Te invito a visitar mi p\u00e1gina en Facebook.<\/p>\n<p><a href=\"https:\/\/www.facebook.com\/apartirdelos50\/\" rel=\"external nofollow\">https:\/\/www.facebook.com\/apartirdelos50\/<\/a><\/p>\n<p><em>Por si alguien desea contactar:<\/em><\/p>\n<p><a href=\"mailto:apartirdeloscincuenta@gmail.com\">apartirdeloscincuenta@gmail.com<\/a><\/p>\n<!-- AddThis Advanced Settings generic via filter on the_content --><!-- AddThis Share Buttons generic via filter on the_content -->","protected":false},"excerpt":{"rendered":"<p>Que se han cumplido cinco a\u00f1os de aquel horror y les ha dado a todos por recordarlo en una especie de \u201ccelebraci\u00f3n macabra\u201d, tirando de hemeroteca, de indignidades pol\u00edticas y jaleando los pelotazos de unos y los vergonzosos protocolos de otras. Contar\u00e9 lo m\u00edo aunque a nadie le interese y as\u00ed me refresco la memoria [&hellip;]<!-- AddThis Advanced Settings generic via filter on get_the_excerpt --><!-- AddThis Share Buttons generic via filter on get_the_excerpt --><\/p>\n","protected":false},"author":34,"featured_media":0,"comment_status":"open","ping_status":"closed","sticky":false,"template":"","format":"standard","meta":[],"categories":[998],"tags":[],"_links":{"self":[{"href":"https:\/\/blogs.diariovasco.com\/apartirdelos50\/wp-json\/wp\/v2\/posts\/10941"}],"collection":[{"href":"https:\/\/blogs.diariovasco.com\/apartirdelos50\/wp-json\/wp\/v2\/posts"}],"about":[{"href":"https:\/\/blogs.diariovasco.com\/apartirdelos50\/wp-json\/wp\/v2\/types\/post"}],"author":[{"embeddable":true,"href":"https:\/\/blogs.diariovasco.com\/apartirdelos50\/wp-json\/wp\/v2\/users\/34"}],"replies":[{"embeddable":true,"href":"https:\/\/blogs.diariovasco.com\/apartirdelos50\/wp-json\/wp\/v2\/comments?post=10941"}],"version-history":[{"count":2,"href":"https:\/\/blogs.diariovasco.com\/apartirdelos50\/wp-json\/wp\/v2\/posts\/10941\/revisions"}],"predecessor-version":[{"id":10944,"href":"https:\/\/blogs.diariovasco.com\/apartirdelos50\/wp-json\/wp\/v2\/posts\/10941\/revisions\/10944"}],"wp:attachment":[{"href":"https:\/\/blogs.diariovasco.com\/apartirdelos50\/wp-json\/wp\/v2\/media?parent=10941"}],"wp:term":[{"taxonomy":"category","embeddable":true,"href":"https:\/\/blogs.diariovasco.com\/apartirdelos50\/wp-json\/wp\/v2\/categories?post=10941"},{"taxonomy":"post_tag","embeddable":true,"href":"https:\/\/blogs.diariovasco.com\/apartirdelos50\/wp-json\/wp\/v2\/tags?post=10941"}],"curies":[{"name":"wp","href":"https:\/\/api.w.org\/{rel}","templated":true}]}}