{"id":10953,"date":"2025-03-25T07:08:44","date_gmt":"2025-03-25T06:08:44","guid":{"rendered":"https:\/\/blogs.diariovasco.com\/apartirdelos50\/?p=10953"},"modified":"2025-03-23T09:34:57","modified_gmt":"2025-03-23T08:34:57","slug":"rollito-primavera","status":"publish","type":"post","link":"https:\/\/blogs.diariovasco.com\/apartirdelos50\/2025\/03\/25\/rollito-primavera\/","title":{"rendered":"&#8220;Rollito primavera&#8221;"},"content":{"rendered":"<p><a href=\"https:\/\/static-blogs.diariovasco.com\/wp-content\/uploads\/sites\/19\/2025\/03\/rollito-primavera-gluten-1440x810-1.jpg\"><img loading=\"lazy\" class=\"aligncenter size-large wp-image-10955\" src=\"https:\/\/static-blogs.diariovasco.com\/wp-content\/uploads\/sites\/19\/2025\/03\/rollito-primavera-gluten-1440x810-1-1024x768.jpg\" alt=\"\" width=\"1024\" height=\"768\" srcset=\"https:\/\/static-blogs.diariovasco.com\/wp-content\/uploads\/sites\/19\/2025\/03\/rollito-primavera-gluten-1440x810-1-1024x768.jpg 1024w, https:\/\/static-blogs.diariovasco.com\/wp-content\/uploads\/sites\/19\/2025\/03\/rollito-primavera-gluten-1440x810-1-300x225.jpg 300w, https:\/\/static-blogs.diariovasco.com\/wp-content\/uploads\/sites\/19\/2025\/03\/rollito-primavera-gluten-1440x810-1-768x576.jpg 768w, https:\/\/static-blogs.diariovasco.com\/wp-content\/uploads\/sites\/19\/2025\/03\/rollito-primavera-gluten-1440x810-1.jpg 1200w\" sizes=\"(max-width: 1024px) 100vw, 1024px\" \/><\/a><\/p>\n<p>No, no estoy pensando en esa especie de cosa pseudocomestible hecha de harina, rellena de lo que sea y perfumada de fritanga que a todos nos han puesto en el plato alguna vez. En lo que estoy pensando, con total conciencia, es en el \u201crollo de la primavera\u201d que anuncia el cambio de estaci\u00f3n a bombo y platillo como si fuera la salvaci\u00f3n de tanta vida \u201cdesesperadamente feliz\u201d, como dec\u00eda el fil\u00f3sofo de \u201cWalden\u201d, el extra\u00f1\u00edsimo Henry David Thoureau.<\/p>\n<p>Cerezos en flor como salvaci\u00f3n de las penas universales;\u00a0 pajarillos intentando con sus trinos tapar la estridencia de las bombas. Los corazones abri\u00e9ndose inconscientes al sue\u00f1o del amor para albergar sentimientos que ni est\u00e1n ni se les espera. Mariposillas inventadas rondando por el est\u00f3mago cual met\u00e1stasis de lepid\u00f3pteros. Los hombres \u2013muchos- con el ojillo alegre al ver desaparecer los abrigos de plumas que han protegido de su mirada las alegres carnes juveniles que ahora brotar\u00e1n en un Sakura universal que aliviar\u00e1 a propios y extra\u00f1os de la molicie hormonal del invierno.<\/p>\n<p><a href=\"https:\/\/static-blogs.diariovasco.com\/wp-content\/uploads\/sites\/19\/2025\/03\/descargar-31.jpg\"><img loading=\"lazy\" class=\"alignleft size-full wp-image-10956\" src=\"https:\/\/static-blogs.diariovasco.com\/wp-content\/uploads\/sites\/19\/2025\/03\/descargar-31.jpg\" alt=\"\" width=\"297\" height=\"170\" \/><\/a>Ya ni hablamos de los que quieren apropiarse, para venderlo como propio, del despertar de la naturaleza, bombardeando con mensajes espurios hasta las mentes m\u00e1s limpias (si es que a estas alturas queda alguna mayor de seis a\u00f1os). Dietas de primavera, moda de primavera, amores primaverales, c\u00f3mo preparar la primavera perfecta, los mil y un trucos para que tu cutis reluzca como si tuvieras vida interior, c\u00f3mo aparentar menos \u201cprimaveras\u201d\u2026<\/p>\n<p>Y ese machista y <u>vomitivo <\/u>refranillo de \u201cla primavera, la sangre altera\u201d, sobre todo de quienes la hayan tenido medio coagulada durante el invierno, como si este equinoccio trajera patente de corso para dar rienda suelta a lo que deber\u00eda seguir siempre contenido. Ese \u201calegrarse el ojillo\u201d que ha perseguido tanto hombre inconsciente, espoleado por anuncios, ofertas, promesas de m\u00e1s piel a la luz y menos sombras para franquear. Puro machismo, ahora me doy cuenta.<\/p>\n<p>Refranes primaverales: en Abril, aguas mil y Mayo con sus flores a Mar\u00eda, las golondrinas que no hacen verano y toda la sabidur\u00eda popular basada en la ignorancia individual. Lugares comunes, frases de barrio sin biblioteca, poetastros mancillando el calendario, alegr\u00eda impostada al sol que calienta pero no quema. Mentira podrida: el sol siempre quema, siempre. Cuidado con el polen, no te olvides la chaqueta que refresca, todav\u00eda es pronto para los helados, saca la ropa de entretiempo, quita las telara\u00f1as, abre las ventanas, deja que entre el aire puro como si no fuera la misma poluci\u00f3n de siempre, el mismo polvo gris\u00e1ceo de todos los a\u00f1os por estas fechas.<\/p>\n<p>\u00a1Enam\u00f3rate, sonr\u00ede a la vida! \u00a1Es primavera! La vie est belle! <a href=\"https:\/\/static-blogs.diariovasco.com\/wp-content\/uploads\/sites\/19\/2025\/01\/A-partir-de-los-50.jpg\"><img loading=\"lazy\" class=\"alignright size-medium wp-image-10784\" src=\"https:\/\/static-blogs.diariovasco.com\/wp-content\/uploads\/sites\/19\/2025\/01\/A-partir-de-los-50-300x225.jpg\" alt=\"\" width=\"300\" height=\"225\" srcset=\"https:\/\/static-blogs.diariovasco.com\/wp-content\/uploads\/sites\/19\/2025\/01\/A-partir-de-los-50-300x225.jpg 300w, https:\/\/static-blogs.diariovasco.com\/wp-content\/uploads\/sites\/19\/2025\/01\/A-partir-de-los-50.jpg 719w\" sizes=\"(max-width: 300px) 100vw, 300px\" \/><\/a><\/p>\n<p>No s\u00e9 si cuesta tanto darse cuenta de que seguimos igual el veintid\u00f3s de marzo que la v\u00edspera, con las mismas ansias y parecidas penas. Sigue sin querernos quien desear\u00edamos nos quisiera, contin\u00faan las malas caras de todos los d\u00edas, el mundo no se para a ver florecer la vida, ni se alegra porque en el hemisferio norte llegue el buen tiempo ya que se nos olvida que hay otro hemisferio en el que empiezan a prepararse para el invierno y la tristeza de lo gris.<\/p>\n<p>\u00a1Qu\u00e9 tanta primavera ni tanta primavera! Si la vida es una espiral continua, un giro inacabado, un c\u00edrculo ineluctable y cuanto m\u00e1s avanzas m\u00e1s cerca est\u00e1s de la casilla de salida, una y otra vez.<\/p>\n<p>Que en primavera ocurren las mismas debacles que en oto\u00f1o o invierno, similares desmanes, asesinatos, injusticias, locuras, desastres naturales o perpetrados por el hombre. Que en primavera sigue habiendo violadores, criminales, ped\u00f3filos, ladrones y mentirosos. Y guerras, invasiones, genocidios.<\/p>\n<p>Nada cambia en lo sustancial. Y ojal\u00e1 cambiara. Ojal\u00e1 cambi\u00e1ramos nosotros, los humanos, y consigui\u00e9ramos que con cada nueva primavera hubiera un poco m\u00e1s de bondad en el mundo. \u00a1Cu\u00e1n largo me lo fi\u00e1is, amigo Sancho!<\/p>\n<p>Felices los felices.<\/p>\n<p>LaAlquimista<\/p>\n<p>Te invito a visitar mi p\u00e1gina en Facebook.<\/p>\n<p><a href=\"https:\/\/www.facebook.com\/apartirdelos50\/\" rel=\"external nofollow\">https:\/\/www.facebook.com\/apartirdelos50\/<\/a><\/p>\n<p><em>Por si alguien desea contactar:<\/em><\/p>\n<p><a href=\"mailto:apartirdeloscincuenta@gmail.com\">apartirdeloscincuenta@gmail.com<\/a><\/p>\n<p>&nbsp;<\/p>\n<p>&nbsp;<\/p>\n<!-- AddThis Advanced Settings generic via filter on the_content --><!-- AddThis Share Buttons generic via filter on the_content -->","protected":false},"excerpt":{"rendered":"<p>No, no estoy pensando en esa especie de cosa pseudocomestible hecha de harina, rellena de lo que sea y perfumada de fritanga que a todos nos han puesto en el plato alguna vez. En lo que estoy pensando, con total conciencia, es en el \u201crollo de la primavera\u201d que anuncia el cambio de estaci\u00f3n a [&hellip;]<!-- AddThis Advanced Settings generic via filter on get_the_excerpt --><!-- AddThis Share Buttons generic via filter on get_the_excerpt --><\/p>\n","protected":false},"author":34,"featured_media":0,"comment_status":"open","ping_status":"closed","sticky":false,"template":"","format":"standard","meta":[],"categories":[2],"tags":[],"_links":{"self":[{"href":"https:\/\/blogs.diariovasco.com\/apartirdelos50\/wp-json\/wp\/v2\/posts\/10953"}],"collection":[{"href":"https:\/\/blogs.diariovasco.com\/apartirdelos50\/wp-json\/wp\/v2\/posts"}],"about":[{"href":"https:\/\/blogs.diariovasco.com\/apartirdelos50\/wp-json\/wp\/v2\/types\/post"}],"author":[{"embeddable":true,"href":"https:\/\/blogs.diariovasco.com\/apartirdelos50\/wp-json\/wp\/v2\/users\/34"}],"replies":[{"embeddable":true,"href":"https:\/\/blogs.diariovasco.com\/apartirdelos50\/wp-json\/wp\/v2\/comments?post=10953"}],"version-history":[{"count":3,"href":"https:\/\/blogs.diariovasco.com\/apartirdelos50\/wp-json\/wp\/v2\/posts\/10953\/revisions"}],"predecessor-version":[{"id":10958,"href":"https:\/\/blogs.diariovasco.com\/apartirdelos50\/wp-json\/wp\/v2\/posts\/10953\/revisions\/10958"}],"wp:attachment":[{"href":"https:\/\/blogs.diariovasco.com\/apartirdelos50\/wp-json\/wp\/v2\/media?parent=10953"}],"wp:term":[{"taxonomy":"category","embeddable":true,"href":"https:\/\/blogs.diariovasco.com\/apartirdelos50\/wp-json\/wp\/v2\/categories?post=10953"},{"taxonomy":"post_tag","embeddable":true,"href":"https:\/\/blogs.diariovasco.com\/apartirdelos50\/wp-json\/wp\/v2\/tags?post=10953"}],"curies":[{"name":"wp","href":"https:\/\/api.w.org\/{rel}","templated":true}]}}