{"id":10965,"date":"2025-04-01T06:38:41","date_gmt":"2025-04-01T05:38:41","guid":{"rendered":"https:\/\/blogs.diariovasco.com\/apartirdelos50\/?p=10965"},"modified":"2025-03-29T09:46:26","modified_gmt":"2025-03-29T08:46:26","slug":"ancianos-que-avasallan","status":"publish","type":"post","link":"https:\/\/blogs.diariovasco.com\/apartirdelos50\/2025\/04\/01\/ancianos-que-avasallan\/","title":{"rendered":"Adultos mayores insoportables"},"content":{"rendered":"<p><a href=\"https:\/\/static-blogs.diariovasco.com\/wp-content\/uploads\/sites\/19\/2025\/04\/comportamientos_1.jpg\"><img loading=\"lazy\" class=\"aligncenter size-large wp-image-10967\" src=\"https:\/\/static-blogs.diariovasco.com\/wp-content\/uploads\/sites\/19\/2025\/04\/comportamientos_1-1024x683.jpg\" alt=\"\" width=\"1024\" height=\"683\" srcset=\"https:\/\/static-blogs.diariovasco.com\/wp-content\/uploads\/sites\/19\/2025\/04\/comportamientos_1-1024x683.jpg 1024w, https:\/\/static-blogs.diariovasco.com\/wp-content\/uploads\/sites\/19\/2025\/04\/comportamientos_1-300x200.jpg 300w, https:\/\/static-blogs.diariovasco.com\/wp-content\/uploads\/sites\/19\/2025\/04\/comportamientos_1-768x512.jpg 768w, https:\/\/static-blogs.diariovasco.com\/wp-content\/uploads\/sites\/19\/2025\/04\/comportamientos_1.jpg 1200w\" sizes=\"(max-width: 1024px) 100vw, 1024px\" \/><\/a><\/p>\n<p>*Fotograf\u00eda sacada de Internet.<\/p>\n<p>Esto no es un axioma, obviamente, pero se parece tanto a la realidad como un ladrillo a otro. Cierto es que las generalidades no son convenientes para su uso cotidiano porque pueden distorsionar el concepto de la cosa; no obstante tengo la maldita constancia en mi haber de que \u2018muchas\u2019 personas mayores abusan y avasallan ampar\u00e1ndose en la fecha de nacimiento de su D.N.I.<\/p>\n<p>He decidido que no quiero ser as\u00ed cuando sea mayor, cuando llegue a esa edad provecta \u2013si llego- en la que algunos creen que tienen m\u00e1s derechos que otros tan s\u00f3lo por el hecho de tener menos pelo y m\u00e1s enfermedades. Lo veo en el autob\u00fas en la hora punta, en la cola del s\u00faper, en los bancos del parque, en la conferencia de la casa de cultura. Es una actitud f\u00e1cilmente identificable: ellos te miran y t\u00fa sientes que les debes algo. Y entonces les cedes el asiento, el puesto en la caja o el mejor sitio al solecito (o a la sombra). A veces te dar\u00e1n las gracias con una sonrisa y otras escuchar\u00e1s una especie de gru\u00f1ido intraducible al idioma de las relaciones humanas.<\/p>\n<p>-\u201c\u00bfPor qu\u00e9 lo hacen?\u201d \u2013me pregunto en cada ocasi\u00f3n que me toca ser sujeto paciente de alguna actitud avasalladora-, y no encuentro ninguna respuesta que tenga algo que ver con el raciocinio com\u00fan y corriente.<\/p>\n<p>Los adultos mayores -l\u00e9ase pensionistas- son respetados suficientemente en nuestra sociedad; de hecho, tienen una serie de ventajas a\u00f1adidas a la edad que no son nada desde\u00f1ables. Es por eso precisamente que me sigo haciendo la pregunta del principio.<\/p>\n<p>Aunque creo que voy a ser capaz de responderme a m\u00ed misma dentro de poco; ya voy llegando.<\/p>\n<p>Felices los felices<\/p>\n<p>LaAlquimista<\/p>\n<p>Te invito a visitar mi p\u00e1gina en Facebook.<\/p>\n<p><a href=\"https:\/\/www.facebook.com\/apartirdelos50\/\" rel=\"external nofollow\">https:\/\/www.facebook.com\/apartirdelos50\/<\/a><\/p>\n<p><em>Por si alguien desea contactar:<\/em><\/p>\n<p><a href=\"mailto:apartirdeloscincuenta@gmail.com\">apartirdeloscincuenta@gmail.com<\/a><\/p>\n<p>&nbsp;<\/p>\n<p>&nbsp;<\/p>\n<p>&nbsp;<\/p>\n<p>&nbsp;<\/p>\n<p>&nbsp;<\/p>\n<p>&nbsp;<\/p>\n<p>&nbsp;<\/p>\n<p>&nbsp;<\/p>\n<!-- AddThis Advanced Settings generic via filter on the_content --><!-- AddThis Share Buttons generic via filter on the_content -->","protected":false},"excerpt":{"rendered":"<p>*Fotograf\u00eda sacada de Internet. Esto no es un axioma, obviamente, pero se parece tanto a la realidad como un ladrillo a otro. Cierto es que las generalidades no son convenientes para su uso cotidiano porque pueden distorsionar el concepto de la cosa; no obstante tengo la maldita constancia en mi haber de que \u2018muchas\u2019 personas [&hellip;]<!-- AddThis Advanced Settings generic via filter on get_the_excerpt --><!-- AddThis Share Buttons generic via filter on get_the_excerpt --><\/p>\n","protected":false},"author":34,"featured_media":0,"comment_status":"open","ping_status":"closed","sticky":false,"template":"","format":"standard","meta":[],"categories":[9,2],"tags":[],"_links":{"self":[{"href":"https:\/\/blogs.diariovasco.com\/apartirdelos50\/wp-json\/wp\/v2\/posts\/10965"}],"collection":[{"href":"https:\/\/blogs.diariovasco.com\/apartirdelos50\/wp-json\/wp\/v2\/posts"}],"about":[{"href":"https:\/\/blogs.diariovasco.com\/apartirdelos50\/wp-json\/wp\/v2\/types\/post"}],"author":[{"embeddable":true,"href":"https:\/\/blogs.diariovasco.com\/apartirdelos50\/wp-json\/wp\/v2\/users\/34"}],"replies":[{"embeddable":true,"href":"https:\/\/blogs.diariovasco.com\/apartirdelos50\/wp-json\/wp\/v2\/comments?post=10965"}],"version-history":[{"count":4,"href":"https:\/\/blogs.diariovasco.com\/apartirdelos50\/wp-json\/wp\/v2\/posts\/10965\/revisions"}],"predecessor-version":[{"id":10970,"href":"https:\/\/blogs.diariovasco.com\/apartirdelos50\/wp-json\/wp\/v2\/posts\/10965\/revisions\/10970"}],"wp:attachment":[{"href":"https:\/\/blogs.diariovasco.com\/apartirdelos50\/wp-json\/wp\/v2\/media?parent=10965"}],"wp:term":[{"taxonomy":"category","embeddable":true,"href":"https:\/\/blogs.diariovasco.com\/apartirdelos50\/wp-json\/wp\/v2\/categories?post=10965"},{"taxonomy":"post_tag","embeddable":true,"href":"https:\/\/blogs.diariovasco.com\/apartirdelos50\/wp-json\/wp\/v2\/tags?post=10965"}],"curies":[{"name":"wp","href":"https:\/\/api.w.org\/{rel}","templated":true}]}}