{"id":10986,"date":"2025-04-11T06:48:58","date_gmt":"2025-04-11T05:48:58","guid":{"rendered":"https:\/\/blogs.diariovasco.com\/apartirdelos50\/?p=10986"},"modified":"2025-04-11T07:01:34","modified_gmt":"2025-04-11T06:01:34","slug":"semana-santa-en-casita-y-feliz-2","status":"publish","type":"post","link":"https:\/\/blogs.diariovasco.com\/apartirdelos50\/2025\/04\/11\/semana-santa-en-casita-y-feliz-2\/","title":{"rendered":"Semana Santa en casita y feliz"},"content":{"rendered":"<p><a href=\"https:\/\/static-blogs.diariovasco.com\/wp-content\/uploads\/sites\/19\/2025\/04\/Bahia-Marzo-2023-1.jpg\"><img loading=\"lazy\" class=\"aligncenter size-full wp-image-10983\" src=\"https:\/\/static-blogs.diariovasco.com\/wp-content\/uploads\/sites\/19\/2025\/04\/Bahia-Marzo-2023-1.jpg\" alt=\"\" width=\"960\" height=\"565\" srcset=\"https:\/\/static-blogs.diariovasco.com\/wp-content\/uploads\/sites\/19\/2025\/04\/Bahia-Marzo-2023-1.jpg 960w, https:\/\/static-blogs.diariovasco.com\/wp-content\/uploads\/sites\/19\/2025\/04\/Bahia-Marzo-2023-1-300x177.jpg 300w, https:\/\/static-blogs.diariovasco.com\/wp-content\/uploads\/sites\/19\/2025\/04\/Bahia-Marzo-2023-1-768x452.jpg 768w\" sizes=\"(max-width: 960px) 100vw, 960px\" \/><\/a><\/p>\n<p>La Semana Santa es arduo traj\u00edn de maletas y lavadoras para poner a punto todo lo que tenga manga corta y deje los pies al aire, ya que el personal va a ir buscando la playa y el sol o el sol y las monta\u00f1as, pero siempre el sol.<\/p>\n<p>Esta Semana Santa la voy a \u201csantificar\u201d como Dios manda \u2013valga la tonta redundancia-, qued\u00e1ndome en mi \u201cpueblo\u201d y adem\u00e1s, sola. Que se vayan todos \u2013amigos y enemigos- bueno, no s\u00e9 si tengo enemigos, supongo que no porque no me demandan por faltarles al \u201chonor\u201d; eso, que se vayan y dejen sitio libre para las riadas humanas que vendr\u00e1n y que est\u00e1n en su derecho, faltar\u00eda m\u00e1s. Es simplemente un movimiento de fichas, una \u201creubicaci\u00f3n\u201d; los de aqu\u00ed se van y los de all\u00ed vienen: equilibrio perfecto.<\/p>\n<p><a href=\"https:\/\/static-blogs.diariovasco.com\/wp-content\/uploads\/sites\/19\/2025\/04\/Bahia-desde-el-puerto-enero-2023.jpg\"><img loading=\"lazy\" class=\"aligncenter size-large wp-image-10981\" src=\"https:\/\/static-blogs.diariovasco.com\/wp-content\/uploads\/sites\/19\/2025\/04\/Bahia-desde-el-puerto-enero-2023-1024x768.jpg\" alt=\"\" width=\"1024\" height=\"768\" srcset=\"https:\/\/static-blogs.diariovasco.com\/wp-content\/uploads\/sites\/19\/2025\/04\/Bahia-desde-el-puerto-enero-2023-1024x768.jpg 1024w, https:\/\/static-blogs.diariovasco.com\/wp-content\/uploads\/sites\/19\/2025\/04\/Bahia-desde-el-puerto-enero-2023-300x225.jpg 300w, https:\/\/static-blogs.diariovasco.com\/wp-content\/uploads\/sites\/19\/2025\/04\/Bahia-desde-el-puerto-enero-2023-768x576.jpg 768w, https:\/\/static-blogs.diariovasco.com\/wp-content\/uploads\/sites\/19\/2025\/04\/Bahia-desde-el-puerto-enero-2023.jpg 1280w\" sizes=\"(max-width: 1024px) 100vw, 1024px\" \/><\/a><\/p>\n<p>No me voy porque no quiero \u2013como el que no es presidente porque tampoco quiere-, aunque la verdad es que estoy TAN cansada de estos \u00faltimos tres meses de menear maletas y pasaporte que nada deseo m\u00e1s que hacerme fuerte en mi \u201clugar ideal de descanso\u201d haciendo eso que tan mal se nos da a las personas activas: \u201chacer nada y luego descansar.\u201d<\/p>\n<p>Me relamo de gusto pensando en todo el dinero que me voy a ahorrar \u2013como dir\u00eda Manuel Vilas, adorador de lo gratis-, y ya voy pensando en todo lo riqu\u00edsimo que voy a cocinar en MI cocina, los libros que voy a leer en MI sof\u00e1, las pel\u00edculas que voy a ver en MI pantalla y los montones indecentes de horas que voy a pasar en la cama sin tener que madrugar para visitar NADA. Voy a poner en mi vida el cartel de \u201cCompleto\u201d durante las fiestas oficiales\u2026 por una vez, que no creo que me reporte ning\u00fan perjuicio tener un poco de \u201cpaz\u201d aqu\u00ed aunque no me gane la \u201cgloria\u201d del m\u00e1s all\u00e1.<\/p>\n<p><a href=\"https:\/\/static-blogs.diariovasco.com\/wp-content\/uploads\/sites\/19\/2025\/04\/Cuadro-isla-desde-Igueldo.jpg\"><img loading=\"lazy\" class=\"aligncenter size-full wp-image-10979\" src=\"https:\/\/static-blogs.diariovasco.com\/wp-content\/uploads\/sites\/19\/2025\/04\/Cuadro-isla-desde-Igueldo.jpg\" alt=\"\" width=\"960\" height=\"830\" srcset=\"https:\/\/static-blogs.diariovasco.com\/wp-content\/uploads\/sites\/19\/2025\/04\/Cuadro-isla-desde-Igueldo.jpg 960w, https:\/\/static-blogs.diariovasco.com\/wp-content\/uploads\/sites\/19\/2025\/04\/Cuadro-isla-desde-Igueldo-300x259.jpg 300w, https:\/\/static-blogs.diariovasco.com\/wp-content\/uploads\/sites\/19\/2025\/04\/Cuadro-isla-desde-Igueldo-768x664.jpg 768w\" sizes=\"(max-width: 960px) 100vw, 960px\" \/><\/a><\/p>\n<p>Lo dicho, pues. Idos todos y alejad de m\u00ed el c\u00e1liz de buscar compa\u00f1\u00eda en amigas o amigos. Me quedo sola porque quiero\u2026y porque todo el mundo se va.<\/p>\n<p>Felices los felices.<\/p>\n<p>LaAlquimista<\/p>\n<p>Te invito a visitar mi p\u00e1gina en Facebook.<\/p>\n<p><a href=\"https:\/\/www.facebook.com\/apartirdelos50\/\" rel=\"external nofollow\">https:\/\/www.facebook.com\/apartirdelos50\/<\/a><\/p>\n<p><em>Por si alguien desea contactar:<\/em><\/p>\n<p><a href=\"mailto:apartirdeloscincuenta@gmail.com\">apartirdeloscincuenta@gmail.com<\/a><\/p>\n<p>*Fotos y cuadro de la autora.<\/p>\n<!-- AddThis Advanced Settings generic via filter on the_content --><!-- AddThis Share Buttons generic via filter on the_content -->","protected":false},"excerpt":{"rendered":"<p>La Semana Santa es arduo traj\u00edn de maletas y lavadoras para poner a punto todo lo que tenga manga corta y deje los pies al aire, ya que el personal va a ir buscando la playa y el sol o el sol y las monta\u00f1as, pero siempre el sol. Esta Semana Santa la voy a [&hellip;]<!-- AddThis Advanced Settings generic via filter on get_the_excerpt --><!-- AddThis Share Buttons generic via filter on get_the_excerpt --><\/p>\n","protected":false},"author":34,"featured_media":0,"comment_status":"open","ping_status":"closed","sticky":false,"template":"","format":"standard","meta":[],"categories":[1],"tags":[1559],"_links":{"self":[{"href":"https:\/\/blogs.diariovasco.com\/apartirdelos50\/wp-json\/wp\/v2\/posts\/10986"}],"collection":[{"href":"https:\/\/blogs.diariovasco.com\/apartirdelos50\/wp-json\/wp\/v2\/posts"}],"about":[{"href":"https:\/\/blogs.diariovasco.com\/apartirdelos50\/wp-json\/wp\/v2\/types\/post"}],"author":[{"embeddable":true,"href":"https:\/\/blogs.diariovasco.com\/apartirdelos50\/wp-json\/wp\/v2\/users\/34"}],"replies":[{"embeddable":true,"href":"https:\/\/blogs.diariovasco.com\/apartirdelos50\/wp-json\/wp\/v2\/comments?post=10986"}],"version-history":[{"count":3,"href":"https:\/\/blogs.diariovasco.com\/apartirdelos50\/wp-json\/wp\/v2\/posts\/10986\/revisions"}],"predecessor-version":[{"id":10989,"href":"https:\/\/blogs.diariovasco.com\/apartirdelos50\/wp-json\/wp\/v2\/posts\/10986\/revisions\/10989"}],"wp:attachment":[{"href":"https:\/\/blogs.diariovasco.com\/apartirdelos50\/wp-json\/wp\/v2\/media?parent=10986"}],"wp:term":[{"taxonomy":"category","embeddable":true,"href":"https:\/\/blogs.diariovasco.com\/apartirdelos50\/wp-json\/wp\/v2\/categories?post=10986"},{"taxonomy":"post_tag","embeddable":true,"href":"https:\/\/blogs.diariovasco.com\/apartirdelos50\/wp-json\/wp\/v2\/tags?post=10986"}],"curies":[{"name":"wp","href":"https:\/\/api.w.org\/{rel}","templated":true}]}}