{"id":11016,"date":"2025-04-25T05:10:59","date_gmt":"2025-04-25T04:10:59","guid":{"rendered":"https:\/\/blogs.diariovasco.com\/apartirdelos50\/?p=11016"},"modified":"2025-04-24T07:23:59","modified_gmt":"2025-04-24T06:23:59","slug":"gente-que-no-responde-al-telefono","status":"publish","type":"post","link":"https:\/\/blogs.diariovasco.com\/apartirdelos50\/2025\/04\/25\/gente-que-no-responde-al-telefono\/","title":{"rendered":"Gente que NO responde al tel\u00e9fono"},"content":{"rendered":"<p><a href=\"https:\/\/static-blogs.diariovasco.com\/wp-content\/uploads\/sites\/19\/2025\/04\/images-17.jpg\"><img loading=\"lazy\" class=\"aligncenter size-full wp-image-11018\" src=\"https:\/\/static-blogs.diariovasco.com\/wp-content\/uploads\/sites\/19\/2025\/04\/images-17.jpg\" alt=\"\" width=\"497\" height=\"499\" srcset=\"https:\/\/static-blogs.diariovasco.com\/wp-content\/uploads\/sites\/19\/2025\/04\/images-17.jpg 497w, https:\/\/static-blogs.diariovasco.com\/wp-content\/uploads\/sites\/19\/2025\/04\/images-17-300x300.jpg 300w, https:\/\/static-blogs.diariovasco.com\/wp-content\/uploads\/sites\/19\/2025\/04\/images-17-150x150.jpg 150w\" sizes=\"(max-width: 497px) 100vw, 497px\" \/><\/a><\/p>\n<p>&nbsp;<\/p>\n<p>He de confesar que siempre he sido de mucho llamar por tel\u00e9fono, de buscar a la gente, de socializar para disfrutar compartiendo y de paso huir de la soledad inevitable que ataca el \u00e1nimo despu\u00e9s de dos divorcios y algunos \u201cnovios a la fuga\u201d. Sin olvidar que hijas y nietos viven lejos o lej\u00edsimos y las oportunidades hay que pillarlas al vuelo \u2013y nunca mejor dicho- aunque sea a golpe de tarjeta de cr\u00e9dito. A mi hija mayor llevo trece a\u00f1os haci\u00e9ndole el chiste de que no nos separan 9.000 kms. sino 1.500\u20ac, que es lo que cuesta el pasaje de avi\u00f3n a M\u00e9xico lindo y querido.<\/p>\n<p>Puestos en situaci\u00f3n y teniendo en cuenta que no tengo al alcance de la mano ning\u00fan familiar con quien comer un domingo, celebrar un cumplea\u00f1os o simplemente salir a dar un paseo para ver el mar, tengo que apa\u00f1arme con la agenda de contactos del m\u00f3vil si no quiero convertirme en eremita a la fuerza.<\/p>\n<p>Y ah\u00ed es donde estoy pinchando en hueso \u00faltimamente porque me tropiezo con una barrera invisible construida con cemento emocional que hace que haya demasiada gente que, simplemente, no contesta al tel\u00e9fono; no porque me rechacen a m\u00ed como persona, no porque tengan algo en contra de Cecilia Casado, sino porque \u201cno les gusta hablar por tel\u00e9fono\u201d. Ah\u00ed queda eso.<\/p>\n<p>Pero \u00bfde d\u00f3nde demonios ha salido esa paranoia, man\u00eda o TOC? \u00a1Si somos de la misma generaci\u00f3n, de aquella en que nos tir\u00e1bamos HORAS parloteando desde el tel\u00e9fono fijo de casa de nuestros padres con amigas y novietes! \u00a1Cu\u00e1ntas veces habremos temblado al grito de: \u201c\u00a1Deja ya el tel\u00e9fono que nos vas a arruinar\u201d!, cuando se pagaba por minuto y seg\u00fan la distancia a la que estuviera el interlocutor.<\/p>\n<p>Bueno, pues ahora que hay \u201cllamadas ilimitadas\u201d, que todo se paga desde el mismo saco a fin de mes junto con los datos para navegar por Internet, las plataformas de distribuci\u00f3n digital de contenido multimedia y no s\u00e9 qu\u00e9 m\u00e1s, resulta que debe ser \u201cviejuno\u201d hablar entre personas aunque sea como los locos, con el pinganillo puesto y gesticulando por la calle sin verg\u00fcenza ni pudor. Porque la paradoja es que la gente habla en p\u00fablico, pero no quiere hacerlo desde casa, donde utilizan la mensajer\u00eda privada; ser\u00e1 para que no les escuche la pareja, los padres, la familia, los vecinos o el Esp\u00edritu Santo.<\/p>\n<p><a href=\"https:\/\/static-blogs.diariovasco.com\/wp-content\/uploads\/sites\/19\/2025\/01\/A-partir-de-los-50-2.jpg\"><img loading=\"lazy\" class=\"alignleft size-medium wp-image-10796\" src=\"https:\/\/static-blogs.diariovasco.com\/wp-content\/uploads\/sites\/19\/2025\/01\/A-partir-de-los-50-2-300x300.jpg\" alt=\"\" width=\"300\" height=\"300\" srcset=\"https:\/\/static-blogs.diariovasco.com\/wp-content\/uploads\/sites\/19\/2025\/01\/A-partir-de-los-50-2-300x300.jpg 300w, https:\/\/static-blogs.diariovasco.com\/wp-content\/uploads\/sites\/19\/2025\/01\/A-partir-de-los-50-2-150x150.jpg 150w, https:\/\/static-blogs.diariovasco.com\/wp-content\/uploads\/sites\/19\/2025\/01\/A-partir-de-los-50-2.jpg 524w\" sizes=\"(max-width: 300px) 100vw, 300px\" \/><\/a>Hasta las narices de hacer llamadas y de que no me las devuelvan sino que me env\u00eden un mensajito \u2013al d\u00eda siguiente o cuando les pete-. Como si fueran mudos, adem\u00e1s de asociales, como si fueran embajadores del emperador a los que no se puede molestar si no es pidiendo la venia y preguntando t\u00edmidamente: \u201c\u00bfte puedo llamar?\u201d. \u00a1A la mierda, oiga!<\/p>\n<p>Que me he tenido que tragar mensajes de whatsapp \u2013no quer\u00eda poner ese nombre porque estoy HARTA de ellos- de dos folios que parecen las ep\u00edstolas de San Pablo a los corintios y audios de un cuarto de hora que, obviamente, desprecio ol\u00edmpicamente porque me parecen pasivo-agresivos en su generalidad, con personas habl\u00e1ndole al microfonito como si dieran clases magistrales o contando su vida que nos importa una higa o \u2013lo peor de todo- montando su particular desahogo en vez de ir a la consulta de un psiquiatra y que les den unas pastillas. S\u00ed, ya s\u00e9 que soy gru\u00f1ona, pero alguien lo tiene que decir \u00bfno?<\/p>\n<p>Pues eso, felices los felices y los que hablan en vez de teclear, m\u00e1s todav\u00eda.<\/p>\n<p>LaAlquimista<\/p>\n<p>Te invito a visitar mi p\u00e1gina en Facebook.<\/p>\n<p><a href=\"https:\/\/www.facebook.com\/apartirdelos50\/\" rel=\"external nofollow\">https:\/\/www.facebook.com\/apartirdelos50\/<\/a><\/p>\n<p><em>Por si alguien desea contactar:<\/em><\/p>\n<p><a href=\"mailto:apartirdeloscincuenta@gmail.com\">apartirdeloscincuenta@gmail.com<\/a><\/p>\n<p>&nbsp;<\/p>\n<p>&nbsp;<\/p>\n<p>&nbsp;<\/p>\n<p>&nbsp;<\/p>\n<!-- AddThis Advanced Settings generic via filter on the_content --><!-- AddThis Share Buttons generic via filter on the_content -->","protected":false},"excerpt":{"rendered":"<p>&nbsp; He de confesar que siempre he sido de mucho llamar por tel\u00e9fono, de buscar a la gente, de socializar para disfrutar compartiendo y de paso huir de la soledad inevitable que ataca el \u00e1nimo despu\u00e9s de dos divorcios y algunos \u201cnovios a la fuga\u201d. Sin olvidar que hijas y nietos viven lejos o lej\u00edsimos [&hellip;]<!-- AddThis Advanced Settings generic via filter on get_the_excerpt --><!-- AddThis Share Buttons generic via filter on get_the_excerpt --><\/p>\n","protected":false},"author":34,"featured_media":0,"comment_status":"open","ping_status":"closed","sticky":false,"template":"","format":"standard","meta":[],"categories":[9,2,10],"tags":[],"_links":{"self":[{"href":"https:\/\/blogs.diariovasco.com\/apartirdelos50\/wp-json\/wp\/v2\/posts\/11016"}],"collection":[{"href":"https:\/\/blogs.diariovasco.com\/apartirdelos50\/wp-json\/wp\/v2\/posts"}],"about":[{"href":"https:\/\/blogs.diariovasco.com\/apartirdelos50\/wp-json\/wp\/v2\/types\/post"}],"author":[{"embeddable":true,"href":"https:\/\/blogs.diariovasco.com\/apartirdelos50\/wp-json\/wp\/v2\/users\/34"}],"replies":[{"embeddable":true,"href":"https:\/\/blogs.diariovasco.com\/apartirdelos50\/wp-json\/wp\/v2\/comments?post=11016"}],"version-history":[{"count":3,"href":"https:\/\/blogs.diariovasco.com\/apartirdelos50\/wp-json\/wp\/v2\/posts\/11016\/revisions"}],"predecessor-version":[{"id":11020,"href":"https:\/\/blogs.diariovasco.com\/apartirdelos50\/wp-json\/wp\/v2\/posts\/11016\/revisions\/11020"}],"wp:attachment":[{"href":"https:\/\/blogs.diariovasco.com\/apartirdelos50\/wp-json\/wp\/v2\/media?parent=11016"}],"wp:term":[{"taxonomy":"category","embeddable":true,"href":"https:\/\/blogs.diariovasco.com\/apartirdelos50\/wp-json\/wp\/v2\/categories?post=11016"},{"taxonomy":"post_tag","embeddable":true,"href":"https:\/\/blogs.diariovasco.com\/apartirdelos50\/wp-json\/wp\/v2\/tags?post=11016"}],"curies":[{"name":"wp","href":"https:\/\/api.w.org\/{rel}","templated":true}]}}