{"id":11021,"date":"2025-04-29T06:33:45","date_gmt":"2025-04-29T05:33:45","guid":{"rendered":"https:\/\/blogs.diariovasco.com\/apartirdelos50\/?p=11021"},"modified":"2025-04-26T07:48:31","modified_gmt":"2025-04-26T06:48:31","slug":"por-que-escribo-tanto-en-redes","status":"publish","type":"post","link":"https:\/\/blogs.diariovasco.com\/apartirdelos50\/2025\/04\/29\/por-que-escribo-tanto-en-redes\/","title":{"rendered":"\u00bfPor qu\u00e9 escribo tanto en redes?"},"content":{"rendered":"<p>&nbsp;<\/p>\n<p><a href=\"https:\/\/static-blogs.diariovasco.com\/wp-content\/uploads\/sites\/19\/2025\/04\/330px-Edvard_Munch_-_Ashes_1895.jpg\"><img loading=\"lazy\" class=\"aligncenter size-full wp-image-11025\" src=\"https:\/\/static-blogs.diariovasco.com\/wp-content\/uploads\/sites\/19\/2025\/04\/330px-Edvard_Munch_-_Ashes_1895.jpg\" alt=\"\" width=\"732\" height=\"626\" srcset=\"https:\/\/static-blogs.diariovasco.com\/wp-content\/uploads\/sites\/19\/2025\/04\/330px-Edvard_Munch_-_Ashes_1895.jpg 732w, https:\/\/static-blogs.diariovasco.com\/wp-content\/uploads\/sites\/19\/2025\/04\/330px-Edvard_Munch_-_Ashes_1895-300x257.jpg 300w\" sizes=\"(max-width: 732px) 100vw, 732px\" \/><\/a><\/p>\n<p>Cada d\u00eda, al abrir los ojos, doy las gracias. No s\u00e9 a qui\u00e9n o a qu\u00e9, pero musito con palabras el pensamiento agradecido. Incluso cuando he dormido mal, me duele la cabeza o me espera alguna tarea poco amable.<\/p>\n<p>Como vivo sola y disfruto de todas las ventajas de esta situaci\u00f3n \u2013de las desventajas ya hablaremos otro d\u00eda- no tengo que preparar m\u00e1s desayuno que el m\u00edo, a mi ritmo, a mi aire y, despu\u00e9s, sin prisa alguna, me vuelvo a la cama con el port\u00e1til en una bandeja de esas que tienen patas para \u201csentir el d\u00eda\u201d y reflexionar un poquito \u2013solo un poquito- en las cosas que me andan rondando por la cabeza, que siempre hay alg\u00fan runr\u00fan por ah\u00ed.<\/p>\n<p>Y lo escribo:en el blog &#8220;A partir de los 50&#8243; o en mi muro personal de Facebook. Me lo quito de encima solt\u00e1ndolo en la pantalla del ordenador como el que abre la ventana de par en par para que se airee la habitaci\u00f3n. Cuesti\u00f3n de menos de una hora, siempre sin prisas, sin apuros, tom\u00e1ndome el comienzo de la ma\u00f1ana con mucha calma porque no le encuentro sentido alguno a ir corriendo de un lado para otro cuando mi \u00fanico \u201ctrabajo\u201d es vivir lo m\u00e1s conscientemente posible y cuidarme la salud para que no se acabe \u201cla pel\u00edcula\u201d antes de tiempo.<\/p>\n<p>A veces alguien se siente identificado con mis reflexiones y compartimos conclusiones; otras, y no son pocas, me ponen los puntos sobre las \u00edes si pego un patinazo existencial, un feliz quid pro quo de conocimiento. Pura terapia gratuita.<\/p>\n<p>Sin m\u00e1s. Y sin menos.<\/p>\n<p>Felices los felices.<\/p>\n<p>LaAlquimista<\/p>\n<p>*&#8221;Cenizas&#8221; Edvard Munch. 1895 <a href=\"https:\/\/es.wikipedia.org\/wiki\/Cenizas_%28Munch%29\" rel=\"external nofollow\">Cenizas (Munch) &#8211; Wikipedia, la enciclopedia libre<\/a><\/p>\n<p>Te invito a visitar mi p\u00e1gina en Facebook.<\/p>\n<p><a href=\"https:\/\/www.facebook.com\/apartirdelos50\/\" rel=\"external nofollow\">https:\/\/www.facebook.com\/apartirdelos50\/<\/a><\/p>\n<p><em>Por si alguien desea contactar:<\/em><\/p>\n<p><a href=\"mailto:apartirdeloscincuenta@gmail.com\">apartirdeloscincuenta@gmail.com<\/a><\/p>\n<p>&nbsp;<\/p>\n<p>&nbsp;<\/p>\n<p>&nbsp;<\/p>\n<!-- AddThis Advanced Settings generic via filter on the_content --><!-- AddThis Share Buttons generic via filter on the_content -->","protected":false},"excerpt":{"rendered":"<p>&nbsp; Cada d\u00eda, al abrir los ojos, doy las gracias. No s\u00e9 a qui\u00e9n o a qu\u00e9, pero musito con palabras el pensamiento agradecido. Incluso cuando he dormido mal, me duele la cabeza o me espera alguna tarea poco amable. Como vivo sola y disfruto de todas las ventajas de esta situaci\u00f3n \u2013de las desventajas [&hellip;]<!-- AddThis Advanced Settings generic via filter on get_the_excerpt --><!-- AddThis Share Buttons generic via filter on get_the_excerpt --><\/p>\n","protected":false},"author":34,"featured_media":0,"comment_status":"open","ping_status":"closed","sticky":false,"template":"","format":"standard","meta":[],"categories":[9,2],"tags":[],"_links":{"self":[{"href":"https:\/\/blogs.diariovasco.com\/apartirdelos50\/wp-json\/wp\/v2\/posts\/11021"}],"collection":[{"href":"https:\/\/blogs.diariovasco.com\/apartirdelos50\/wp-json\/wp\/v2\/posts"}],"about":[{"href":"https:\/\/blogs.diariovasco.com\/apartirdelos50\/wp-json\/wp\/v2\/types\/post"}],"author":[{"embeddable":true,"href":"https:\/\/blogs.diariovasco.com\/apartirdelos50\/wp-json\/wp\/v2\/users\/34"}],"replies":[{"embeddable":true,"href":"https:\/\/blogs.diariovasco.com\/apartirdelos50\/wp-json\/wp\/v2\/comments?post=11021"}],"version-history":[{"count":4,"href":"https:\/\/blogs.diariovasco.com\/apartirdelos50\/wp-json\/wp\/v2\/posts\/11021\/revisions"}],"predecessor-version":[{"id":11027,"href":"https:\/\/blogs.diariovasco.com\/apartirdelos50\/wp-json\/wp\/v2\/posts\/11021\/revisions\/11027"}],"wp:attachment":[{"href":"https:\/\/blogs.diariovasco.com\/apartirdelos50\/wp-json\/wp\/v2\/media?parent=11021"}],"wp:term":[{"taxonomy":"category","embeddable":true,"href":"https:\/\/blogs.diariovasco.com\/apartirdelos50\/wp-json\/wp\/v2\/categories?post=11021"},{"taxonomy":"post_tag","embeddable":true,"href":"https:\/\/blogs.diariovasco.com\/apartirdelos50\/wp-json\/wp\/v2\/tags?post=11021"}],"curies":[{"name":"wp","href":"https:\/\/api.w.org\/{rel}","templated":true}]}}