{"id":11028,"date":"2025-05-02T05:29:40","date_gmt":"2025-05-02T04:29:40","guid":{"rendered":"https:\/\/blogs.diariovasco.com\/apartirdelos50\/?p=11028"},"modified":"2025-05-01T07:36:09","modified_gmt":"2025-05-01T06:36:09","slug":"el-azar-y-los-apagones","status":"publish","type":"post","link":"https:\/\/blogs.diariovasco.com\/apartirdelos50\/2025\/05\/02\/el-azar-y-los-apagones\/","title":{"rendered":"El azar y los apagones"},"content":{"rendered":"<p>&nbsp;<\/p>\n<p><a href=\"https:\/\/static-blogs.diariovasco.com\/wp-content\/uploads\/sites\/19\/2025\/05\/apagones_selectra.jpg\"><img loading=\"lazy\" class=\"aligncenter size-full wp-image-11032\" src=\"https:\/\/static-blogs.diariovasco.com\/wp-content\/uploads\/sites\/19\/2025\/05\/apagones_selectra.jpg\" alt=\"\" width=\"757\" height=\"328\" srcset=\"https:\/\/static-blogs.diariovasco.com\/wp-content\/uploads\/sites\/19\/2025\/05\/apagones_selectra.jpg 757w, https:\/\/static-blogs.diariovasco.com\/wp-content\/uploads\/sites\/19\/2025\/05\/apagones_selectra-300x130.jpg 300w\" sizes=\"(max-width: 757px) 100vw, 757px\" \/><\/a><\/p>\n<p>El pasado lunes, 28 de Abril, fue un d\u00eda aciago para todo aquel que se encontraba dentro de la geograf\u00eda de la Pen\u00ednsula Ib\u00e9rica, aunque el grado de vulnerabilidad vari\u00f3 much\u00edsimo seg\u00fan d\u00f3nde se ubicara cada uno, seg\u00fan d\u00f3nde el azar, la rutina o la voluntad vino a situarle.<\/p>\n<p>Desgracias, hubo pocas, pero las hubo; el resto fue el traj\u00edn de no poder salir o no poder entrar, de tener que caminar o de no poder hacerlo, de comer malamente, pero de poder comer a fin de cuentas.<\/p>\n<p>Menos mal que no es invierno, menos mal que no nevaba ni llov\u00eda ni hab\u00eda vientos huracanados. Menos mal\u2026 \u00a1tantas cosas!<\/p>\n<p>Reflexi\u00f3n \u2013del d\u00eda despu\u00e9s-.<\/p>\n<p>El miedo, el p\u00e1nico y su prima hermana la histeria nos han estado mirando mientras hac\u00edamos cosas poco habituales llevados por la corriente del susto y la novedad inesperada.<\/p>\n<p>En mi barrio donostiarra, las terrazas estuvieron llenas de gente hasta que se acabaron los pintxos, la cerveza fr\u00eda y el dinero en el bolsillo para pagar \u2013esta vez- en efectivo y no con el m\u00f3vil o la tarjeta.<\/p>\n<p>El apag\u00f3n \u201cnos\u201d dur\u00f3 menos de dos horas y no cundi\u00f3 el p\u00e1nico en general, pero s\u00ed que hubo gente que \u201cen particular\u201d no supo controlar ni emociones ni impulsos, ni estarse quieta en su casa, ni esperar con paciencia y serenidad a que volviese el suministro el\u00e9ctrico.<\/p>\n<p>Me pill\u00f3 el \u201cevento\u201d en la camilla del masaje mensual que intenta quitarme las contracturas de mi provecto cuerpo. La masajista sigui\u00f3 tranquilamente \u2013entraba luz natural- y al terminar, ya se empezaba a formar el corrillo a la puerta del negocio.<\/p>\n<p>Contact\u00e9 con Valencia donde vive mi hija y al comprobar que aquello iba en serio, me fui a casa, tipi tapa, con calma y sin llamar a nadie m\u00e1s enfrent\u00e1ndome a mi personal \u201cocho mil\u201d para subir diecisiete pisos respirando con disciplina y \u2013casi perdido el resuello-, al llegar, me tumb\u00e9 en el sof\u00e1 para descansar y esperar a que se restableciera el suministro el\u00e9ctrico mientras me preparaba una ensalada con todo lo que pude pillar.<\/p>\n<p>No llam\u00e9 a nadie, ni nadie me llam\u00f3. Mi vulnerabilidad fue total y absoluta en medio de una soledad existencial. Como durante la PANDEMIA.<\/p>\n<p><a href=\"https:\/\/static-blogs.diariovasco.com\/wp-content\/uploads\/sites\/19\/2025\/01\/A-partir-de-los-50.jpg\"><img loading=\"lazy\" class=\"alignleft size-medium wp-image-10784\" src=\"https:\/\/static-blogs.diariovasco.com\/wp-content\/uploads\/sites\/19\/2025\/01\/A-partir-de-los-50-300x225.jpg\" alt=\"\" width=\"300\" height=\"225\" srcset=\"https:\/\/static-blogs.diariovasco.com\/wp-content\/uploads\/sites\/19\/2025\/01\/A-partir-de-los-50-300x225.jpg 300w, https:\/\/static-blogs.diariovasco.com\/wp-content\/uploads\/sites\/19\/2025\/01\/A-partir-de-los-50.jpg 719w\" sizes=\"(max-width: 300px) 100vw, 300px\" \/><\/a>Pas\u00e9 la tarde leyendo una biograf\u00eda de Caspar David Friedrich y, en cuanto volvi\u00f3 la conexi\u00f3n a Internet, le dije a Alexa que me enviara lo antes posible un \u201ccamping gas\u201d de los de toda la vida y una linterna con cargador para tel\u00e9fono m\u00f3vil. Las latas de sardinas y de bonito en aceite de oliva las compr\u00e9 al d\u00eda siguiente. Papel higi\u00e9nico no necesito acaparar, ni nada en especial, como no sea paciencia y ponerme una sillita al sol como dec\u00eda el gran Octavio Paz.<\/p>\n<p>Felices los felices y que se alejen de m\u00ed los conspiranoicos-apocal\u00edpticos-iluminados y listillos en general.<\/p>\n<p>LaAlquimista<\/p>\n<p>Te invito a visitar mi p\u00e1gina en Facebook.<\/p>\n<p><a href=\"https:\/\/www.facebook.com\/apartirdelos50\/\" rel=\"external nofollow\">https:\/\/www.facebook.com\/apartirdelos50\/<\/a><\/p>\n<p><em>Por si alguien desea contactar:<\/em><\/p>\n<p><a href=\"mailto:apartirdeloscincuenta@gmail.com\">apartirdeloscincuenta@gmail.com<\/a><\/p>\n<p>&nbsp;<\/p>\n<p>&nbsp;<\/p>\n<p><a href=\"https:\/\/www.facebook.com\/photo\/?fbid=10161471768247877&amp;set=pcb.10161471768332877&amp;__cft__%5b0%5d=AZUdKbRMW90Ey_TLLvDQrF0NdmRpcIH7ECIKWCCtfpgFIL-eoNqS4OMqVdYdf5jHb3GngYuCj-eJ7lp5JXoeEQ1N6UDmzSmCLCNA71m-L1QSYXQmMMChQjC3204AkPViPlbAqNIIyeZ5omAUZRgtfXw-LGOF64UHUGwg3OFDCKkiHw&amp;__tn__=*b0H-R\" rel=\"external nofollow\">\u00a0<\/a><\/p>\n<p>&nbsp;<\/p>\n<p><a href=\"https:\/\/www.facebook.com\/photo\/?fbid=10161471772562877&amp;set=pcb.10161471768332877&amp;__cft__%5b0%5d=AZUdKbRMW90Ey_TLLvDQrF0NdmRpcIH7ECIKWCCtfpgFIL-eoNqS4OMqVdYdf5jHb3GngYuCj-eJ7lp5JXoeEQ1N6UDmzSmCLCNA71m-L1QSYXQmMMChQjC3204AkPViPlbAqNIIyeZ5omAUZRgtfXw-LGOF64UHUGwg3OFDCKkiHw&amp;__tn__=*b1H-R\" rel=\"external nofollow\">\u00a0<\/a><\/p>\n<p>&nbsp;<\/p>\n<p>&nbsp;<\/p>\n<p>&nbsp;<\/p>\n<p>&nbsp;<\/p>\n<p>&nbsp;<\/p>\n<!-- AddThis Advanced Settings generic via filter on the_content --><!-- AddThis Share Buttons generic via filter on the_content -->","protected":false},"excerpt":{"rendered":"<p>&nbsp; El pasado lunes, 28 de Abril, fue un d\u00eda aciago para todo aquel que se encontraba dentro de la geograf\u00eda de la Pen\u00ednsula Ib\u00e9rica, aunque el grado de vulnerabilidad vari\u00f3 much\u00edsimo seg\u00fan d\u00f3nde se ubicara cada uno, seg\u00fan d\u00f3nde el azar, la rutina o la voluntad vino a situarle. Desgracias, hubo pocas, pero las [&hellip;]<!-- AddThis Advanced Settings generic via filter on get_the_excerpt --><!-- AddThis Share Buttons generic via filter on get_the_excerpt --><\/p>\n","protected":false},"author":34,"featured_media":0,"comment_status":"open","ping_status":"closed","sticky":false,"template":"","format":"standard","meta":[],"categories":[2],"tags":[1560,1561,1562],"_links":{"self":[{"href":"https:\/\/blogs.diariovasco.com\/apartirdelos50\/wp-json\/wp\/v2\/posts\/11028"}],"collection":[{"href":"https:\/\/blogs.diariovasco.com\/apartirdelos50\/wp-json\/wp\/v2\/posts"}],"about":[{"href":"https:\/\/blogs.diariovasco.com\/apartirdelos50\/wp-json\/wp\/v2\/types\/post"}],"author":[{"embeddable":true,"href":"https:\/\/blogs.diariovasco.com\/apartirdelos50\/wp-json\/wp\/v2\/users\/34"}],"replies":[{"embeddable":true,"href":"https:\/\/blogs.diariovasco.com\/apartirdelos50\/wp-json\/wp\/v2\/comments?post=11028"}],"version-history":[{"count":3,"href":"https:\/\/blogs.diariovasco.com\/apartirdelos50\/wp-json\/wp\/v2\/posts\/11028\/revisions"}],"predecessor-version":[{"id":11033,"href":"https:\/\/blogs.diariovasco.com\/apartirdelos50\/wp-json\/wp\/v2\/posts\/11028\/revisions\/11033"}],"wp:attachment":[{"href":"https:\/\/blogs.diariovasco.com\/apartirdelos50\/wp-json\/wp\/v2\/media?parent=11028"}],"wp:term":[{"taxonomy":"category","embeddable":true,"href":"https:\/\/blogs.diariovasco.com\/apartirdelos50\/wp-json\/wp\/v2\/categories?post=11028"},{"taxonomy":"post_tag","embeddable":true,"href":"https:\/\/blogs.diariovasco.com\/apartirdelos50\/wp-json\/wp\/v2\/tags?post=11028"}],"curies":[{"name":"wp","href":"https:\/\/api.w.org\/{rel}","templated":true}]}}