{"id":11041,"date":"2025-05-06T06:37:27","date_gmt":"2025-05-06T05:37:27","guid":{"rendered":"https:\/\/blogs.diariovasco.com\/apartirdelos50\/?p=11041"},"modified":"2025-05-05T06:54:46","modified_gmt":"2025-05-05T05:54:46","slug":"la-soledad-elegida-es-un-cuento","status":"publish","type":"post","link":"https:\/\/blogs.diariovasco.com\/apartirdelos50\/2025\/05\/06\/la-soledad-elegida-es-un-cuento\/","title":{"rendered":"La &#8220;soledad elegida&#8221; es un cuento"},"content":{"rendered":"<p><a href=\"https:\/\/static-blogs.diariovasco.com\/wp-content\/uploads\/sites\/19\/2025\/05\/espacio-lasai-soledad-elegida-soledad-impuesta.jpg\"><img loading=\"lazy\" class=\"aligncenter size-large wp-image-11043\" src=\"https:\/\/static-blogs.diariovasco.com\/wp-content\/uploads\/sites\/19\/2025\/05\/espacio-lasai-soledad-elegida-soledad-impuesta-1024x683.jpg\" alt=\"\" width=\"1024\" height=\"683\" srcset=\"https:\/\/static-blogs.diariovasco.com\/wp-content\/uploads\/sites\/19\/2025\/05\/espacio-lasai-soledad-elegida-soledad-impuesta-1024x683.jpg 1024w, https:\/\/static-blogs.diariovasco.com\/wp-content\/uploads\/sites\/19\/2025\/05\/espacio-lasai-soledad-elegida-soledad-impuesta-300x200.jpg 300w, https:\/\/static-blogs.diariovasco.com\/wp-content\/uploads\/sites\/19\/2025\/05\/espacio-lasai-soledad-elegida-soledad-impuesta-768x512.jpg 768w, https:\/\/static-blogs.diariovasco.com\/wp-content\/uploads\/sites\/19\/2025\/05\/espacio-lasai-soledad-elegida-soledad-impuesta-1536x1024.jpg 1536w, https:\/\/static-blogs.diariovasco.com\/wp-content\/uploads\/sites\/19\/2025\/05\/espacio-lasai-soledad-elegida-soledad-impuesta.jpg 1800w\" sizes=\"(max-width: 1024px) 100vw, 1024px\" \/><\/a><\/p>\n<p>Desde que nacemos formamos parte de una comunidad, de una tribu m\u00e1s o menos pestilente o privilegiada, pero solos, lo que se dice solos, \u00fanicamente llegamos a estarlo por culpa de circunstancias que no hemos elegido: enfermedad, muerte, pobreza, desamparo, traici\u00f3n.<\/p>\n<p>Precisamente, porque tememos transitar ese p\u00e1ramo afectivo de la soledad, \u201cnos agarramos en un incendio a un calvo ardiendo\u201d \u2013como dice un fil\u00f3sofo humorista llamado Ferr\u00e1n Fern\u00e1ndez-, el ser humano sigue viviendo en estrecha comunidad con otros seres humanos; para tener a alguien que llame al 112 si nos da un jamacuco en el sof\u00e1, para que el silencio no despierte nuestra reclamaci\u00f3n interior, para apaciguar el fr\u00edo del invierno de la vida.<\/p>\n<p>Para reproducirnos y que la rueda de la eistencia siga dando vueltas hasta que nos arrolle inmisericordemente el d\u00eda menos pensado y entonces, s\u00ed, tan solo entonces, intentar no morir solos.<\/p>\n<p>Por eso quiero romper una lanza \u2013o unos viejos platos de duralex- a favor de quienes creemos firmemente que la soledad es algo tan poco amable como una diarrea en un aeropuerto o levantarte en mitad de la noche y pisar cucarachas.<\/p>\n<p><a href=\"https:\/\/static-blogs.diariovasco.com\/wp-content\/uploads\/sites\/19\/2025\/01\/A-partir-de-los-50-2.jpg\"><img loading=\"lazy\" class=\"alignleft size-medium wp-image-10796\" src=\"https:\/\/static-blogs.diariovasco.com\/wp-content\/uploads\/sites\/19\/2025\/01\/A-partir-de-los-50-2-300x300.jpg\" alt=\"\" width=\"300\" height=\"300\" srcset=\"https:\/\/static-blogs.diariovasco.com\/wp-content\/uploads\/sites\/19\/2025\/01\/A-partir-de-los-50-2-300x300.jpg 300w, https:\/\/static-blogs.diariovasco.com\/wp-content\/uploads\/sites\/19\/2025\/01\/A-partir-de-los-50-2-150x150.jpg 150w, https:\/\/static-blogs.diariovasco.com\/wp-content\/uploads\/sites\/19\/2025\/01\/A-partir-de-los-50-2.jpg 524w\" sizes=\"(max-width: 300px) 100vw, 300px\" \/><\/a>Lo que ocurre es que esa \u201csoledad elegida\u201d ha sido la \u00fanica salida de emergencia por la que hemos podido escapar de convivencias pestilentes, parejas elegidas en una noche de locura transitoria o pura supervivencia para no morir antes de tiempo. Elegimos la soledad como mal menor, no como ep\u00edtome de la felicidad. \u201cElegimos\u201d la soledad cuando la compa\u00f1\u00eda nos ha resultado decepcionante, si hemos sido abandonados, al comprobar que \u201clos otros\u201d nos hac\u00edan da\u00f1o y se impone el cerebro reptiliano para sobrevivir. Lo que ocurre es que no sabemos ser humildes y reconocer los errores cometidos y entonces nos recubrimos con una p\u00e1tina dorada para ense\u00f1arle al mundo que somos un poco mejores, un poco m\u00e1s valientes, un poquito menos conformistas. La soledad siempre viene despu\u00e9s de haber compartido y te elige ella a ti irremediablemente.<\/p>\n<p>Lo dicho: la soledad elegida es un cuento chino. O de donde vengan ahora los cuentos que nos van a obligar a creer.<\/p>\n<p>En fin. Felices los felices.<\/p>\n<p>LaAlquimista<\/p>\n<p>Te invito a visitar mi p\u00e1gina en Facebook.<\/p>\n<p><a href=\"https:\/\/www.facebook.com\/apartirdelos50\/\" rel=\"external nofollow\">https:\/\/www.facebook.com\/apartirdelos50\/<\/a><\/p>\n<p><em>Por si alguien desea contactar:<\/em><\/p>\n<p><a href=\"mailto:apartirdeloscincuenta@gmail.com\">apartirdeloscincuenta@gmail.com<\/a><\/p>\n<p>&nbsp;<\/p>\n<p>&nbsp;<\/p>\n<!-- AddThis Advanced Settings generic via filter on the_content --><!-- AddThis Share Buttons generic via filter on the_content -->","protected":false},"excerpt":{"rendered":"<p>Desde que nacemos formamos parte de una comunidad, de una tribu m\u00e1s o menos pestilente o privilegiada, pero solos, lo que se dice solos, \u00fanicamente llegamos a estarlo por culpa de circunstancias que no hemos elegido: enfermedad, muerte, pobreza, desamparo, traici\u00f3n. Precisamente, porque tememos transitar ese p\u00e1ramo afectivo de la soledad, \u201cnos agarramos en un [&hellip;]<!-- AddThis Advanced Settings generic via filter on get_the_excerpt --><!-- AddThis Share Buttons generic via filter on get_the_excerpt --><\/p>\n","protected":false},"author":34,"featured_media":0,"comment_status":"open","ping_status":"closed","sticky":false,"template":"","format":"standard","meta":[],"categories":[2,22,13],"tags":[],"_links":{"self":[{"href":"https:\/\/blogs.diariovasco.com\/apartirdelos50\/wp-json\/wp\/v2\/posts\/11041"}],"collection":[{"href":"https:\/\/blogs.diariovasco.com\/apartirdelos50\/wp-json\/wp\/v2\/posts"}],"about":[{"href":"https:\/\/blogs.diariovasco.com\/apartirdelos50\/wp-json\/wp\/v2\/types\/post"}],"author":[{"embeddable":true,"href":"https:\/\/blogs.diariovasco.com\/apartirdelos50\/wp-json\/wp\/v2\/users\/34"}],"replies":[{"embeddable":true,"href":"https:\/\/blogs.diariovasco.com\/apartirdelos50\/wp-json\/wp\/v2\/comments?post=11041"}],"version-history":[{"count":3,"href":"https:\/\/blogs.diariovasco.com\/apartirdelos50\/wp-json\/wp\/v2\/posts\/11041\/revisions"}],"predecessor-version":[{"id":11045,"href":"https:\/\/blogs.diariovasco.com\/apartirdelos50\/wp-json\/wp\/v2\/posts\/11041\/revisions\/11045"}],"wp:attachment":[{"href":"https:\/\/blogs.diariovasco.com\/apartirdelos50\/wp-json\/wp\/v2\/media?parent=11041"}],"wp:term":[{"taxonomy":"category","embeddable":true,"href":"https:\/\/blogs.diariovasco.com\/apartirdelos50\/wp-json\/wp\/v2\/categories?post=11041"},{"taxonomy":"post_tag","embeddable":true,"href":"https:\/\/blogs.diariovasco.com\/apartirdelos50\/wp-json\/wp\/v2\/tags?post=11041"}],"curies":[{"name":"wp","href":"https:\/\/api.w.org\/{rel}","templated":true}]}}