{"id":11051,"date":"2025-05-16T06:38:34","date_gmt":"2025-05-16T05:38:34","guid":{"rendered":"https:\/\/blogs.diariovasco.com\/apartirdelos50\/?p=11051"},"modified":"2025-05-15T17:55:02","modified_gmt":"2025-05-15T16:55:02","slug":"la-atipica-agenda-de-una-jubilada","status":"publish","type":"post","link":"https:\/\/blogs.diariovasco.com\/apartirdelos50\/2025\/05\/16\/la-atipica-agenda-de-una-jubilada\/","title":{"rendered":"La at\u00edpica agenda de una jubilada"},"content":{"rendered":"<p><a href=\"https:\/\/static-blogs.diariovasco.com\/wp-content\/uploads\/sites\/19\/2025\/05\/4729-Topper-feliz-Jubilacion.jpg\"><img loading=\"lazy\" class=\"aligncenter size-large wp-image-11053\" src=\"https:\/\/static-blogs.diariovasco.com\/wp-content\/uploads\/sites\/19\/2025\/05\/4729-Topper-feliz-Jubilacion-768x1024.jpg\" alt=\"\" width=\"768\" height=\"1024\" srcset=\"https:\/\/static-blogs.diariovasco.com\/wp-content\/uploads\/sites\/19\/2025\/05\/4729-Topper-feliz-Jubilacion-768x1024.jpg 768w, https:\/\/static-blogs.diariovasco.com\/wp-content\/uploads\/sites\/19\/2025\/05\/4729-Topper-feliz-Jubilacion-225x300.jpg 225w, https:\/\/static-blogs.diariovasco.com\/wp-content\/uploads\/sites\/19\/2025\/05\/4729-Topper-feliz-Jubilacion-1152x1536.jpg 1152w, https:\/\/static-blogs.diariovasco.com\/wp-content\/uploads\/sites\/19\/2025\/05\/4729-Topper-feliz-Jubilacion.jpg 1512w\" sizes=\"(max-width: 768px) 100vw, 768px\" \/><\/a><\/p>\n<p>Los jubilados somos como la paella valenciana: que todos creemos saber hacerla y a lo m\u00e1s que llegamos es a cocinar \u201carroz con cosas\u201d; con esto de la jubilaci\u00f3n no hago m\u00e1s que tropezarme con recetas m\u00e1gicas, imprescindibles y \u00fanicas para triunfar en esta etapa de la vida antesala de la \u201cincapacidad total, absoluta y definitiva\u201d.<\/p>\n<p>El caso es que como no cuido de mis nietos \u2013m\u00e1s que nada porque est\u00e1n a nueve mil kil\u00f3metros de aqu\u00ed-, no voy a clases de \u201cgimnasia para mayores\u201d -porque me espeluzna pegar saltitos en mallas-, ni participo en tertulias cafeteras de media ma\u00f1ana con las &#8220;fuerzas vivas&#8221; femeninas del barrio las jornadas me cunden lo que no est\u00e1 escrito.<\/p>\n<p><a href=\"https:\/\/static-blogs.diariovasco.com\/wp-content\/uploads\/sites\/19\/2025\/01\/A-partir-de-los-50.jpg\"><img loading=\"lazy\" class=\"alignright size-medium wp-image-10784\" src=\"https:\/\/static-blogs.diariovasco.com\/wp-content\/uploads\/sites\/19\/2025\/01\/A-partir-de-los-50-300x225.jpg\" alt=\"\" width=\"300\" height=\"225\" srcset=\"https:\/\/static-blogs.diariovasco.com\/wp-content\/uploads\/sites\/19\/2025\/01\/A-partir-de-los-50-300x225.jpg 300w, https:\/\/static-blogs.diariovasco.com\/wp-content\/uploads\/sites\/19\/2025\/01\/A-partir-de-los-50.jpg 719w\" sizes=\"(max-width: 300px) 100vw, 300px\" \/><\/a>Tambi\u00e9n ocurre que he renunciado a buscar una \u201cvida social alternativa\u201d acudiendo a diversos \u201ctalleres\u201d en los que \u201cense\u00f1an de todo\u201d: desde desmenuzar la actualidad internacional, hasta aprender a &#8220;poemar&#8221; en\u00a0 endecas\u00edlabos, y atravieso con orejeras la amalgama de &#8220;pr\u00e1cticas indispensables para una tercera edad feliz\u201d como artes marciales a c\u00e1mara lenta, estiramientos \u2013con o sin m\u00e1quinas- para mejorar \u201cin extremis\u201d lo que los lustros han descangallado en el cuerpo, que si es de mujer y adem\u00e1s ha parido, ya ni te cuento. Los hombres, ni est\u00e1n ni se les espera en estos saraos.<\/p>\n<p>Resumiendo: que \u201cno hago nada\u201d, aunque <u>sensu stricto<\/u>, como dos negaciones seguidas significan una afirmaci\u00f3n rotunda, me agarro a mi personal alegr\u00eda de saber que \u201chago muchas cosas\u201d.<\/p>\n<p>Cuido mi cuerpo, cuido mi mente y le doy a mi esp\u00edritu todo aquello que \u2013creo- puede serle beneficioso; es decir, como cosas ricas y casi siempre sanas, -exceptuando las cuchipandas con los amigos-, alimento el intelecto con mis especiales delicatesen: -buenas lecturas, buen cine, m\u00fasica celestial, exposiciones de arte y una peque\u00f1\u00edsima inmersi\u00f3n en la pintura al \u00f3leo que me hace muy feliz, adem\u00e1s de darle a la tecla del ordenador compartiendo \u201cboutades\u201d y reflexiones escribidoras.<\/p>\n<p>En lo emocional ando como siempre: &#8220;kili-kolo&#8221; que no significa nada, pero que todos entendemos lo que quiero decir. O como la monta\u00f1a suiza del monte Igeldo, que sube y baja pero sin dar miedo ni obligarte a proferir gritos.<\/p>\n<p>\u00bfEstoy contenta con mi vida de jubilada? Pues lunes, mi\u00e9rcoles y viernes, s\u00ed; martes, jueves y s\u00e1bados, bastante; y los domingos los odio a muerte, para qu\u00e9 me voy a enga\u00f1ar&#8230; Siempre he sido bastante inconformista, pero AHORA s\u00e9 que no hay que condolerse por lo que creemos que nos falta sino agradecer todo lo que tenemos.<\/p>\n<p>La familia y la salud bien, gracias.<\/p>\n<p>Felices los felices.<\/p>\n<p>LaAlquimista<\/p>\n<p>Te invito a visitar mi p\u00e1gina en Facebook.<\/p>\n<p><a href=\"https:\/\/www.facebook.com\/apartirdelos50\/\" rel=\"external nofollow\">https:\/\/www.facebook.com\/apartirdelos50\/<\/a><\/p>\n<p><em>Por si alguien desea contactar:<\/em><\/p>\n<p><a href=\"mailto:apartirdeloscincuenta@gmail.com\">apartirdeloscincuenta@gmail.com<\/a><\/p>\n<p>&nbsp;<\/p>\n<!-- AddThis Advanced Settings generic via filter on the_content --><!-- AddThis Share Buttons generic via filter on the_content -->","protected":false},"excerpt":{"rendered":"<p>Los jubilados somos como la paella valenciana: que todos creemos saber hacerla y a lo m\u00e1s que llegamos es a cocinar \u201carroz con cosas\u201d; con esto de la jubilaci\u00f3n no hago m\u00e1s que tropezarme con recetas m\u00e1gicas, imprescindibles y \u00fanicas para triunfar en esta etapa de la vida antesala de la \u201cincapacidad total, absoluta y [&hellip;]<!-- AddThis Advanced Settings generic via filter on get_the_excerpt --><!-- AddThis Share Buttons generic via filter on get_the_excerpt --><\/p>\n","protected":false},"author":34,"featured_media":0,"comment_status":"open","ping_status":"closed","sticky":false,"template":"","format":"standard","meta":[],"categories":[1],"tags":[581],"_links":{"self":[{"href":"https:\/\/blogs.diariovasco.com\/apartirdelos50\/wp-json\/wp\/v2\/posts\/11051"}],"collection":[{"href":"https:\/\/blogs.diariovasco.com\/apartirdelos50\/wp-json\/wp\/v2\/posts"}],"about":[{"href":"https:\/\/blogs.diariovasco.com\/apartirdelos50\/wp-json\/wp\/v2\/types\/post"}],"author":[{"embeddable":true,"href":"https:\/\/blogs.diariovasco.com\/apartirdelos50\/wp-json\/wp\/v2\/users\/34"}],"replies":[{"embeddable":true,"href":"https:\/\/blogs.diariovasco.com\/apartirdelos50\/wp-json\/wp\/v2\/comments?post=11051"}],"version-history":[{"count":4,"href":"https:\/\/blogs.diariovasco.com\/apartirdelos50\/wp-json\/wp\/v2\/posts\/11051\/revisions"}],"predecessor-version":[{"id":11056,"href":"https:\/\/blogs.diariovasco.com\/apartirdelos50\/wp-json\/wp\/v2\/posts\/11051\/revisions\/11056"}],"wp:attachment":[{"href":"https:\/\/blogs.diariovasco.com\/apartirdelos50\/wp-json\/wp\/v2\/media?parent=11051"}],"wp:term":[{"taxonomy":"category","embeddable":true,"href":"https:\/\/blogs.diariovasco.com\/apartirdelos50\/wp-json\/wp\/v2\/categories?post=11051"},{"taxonomy":"post_tag","embeddable":true,"href":"https:\/\/blogs.diariovasco.com\/apartirdelos50\/wp-json\/wp\/v2\/tags?post=11051"}],"curies":[{"name":"wp","href":"https:\/\/api.w.org\/{rel}","templated":true}]}}